{"id":440858,"date":"2025-10-05T13:45:26","date_gmt":"2025-10-05T13:45:26","guid":{"rendered":"https:\/\/www.europesays.com\/fr\/440858\/"},"modified":"2025-10-05T13:45:26","modified_gmt":"2025-10-05T13:45:26","slug":"terre-dauge-indemnise-une-entreprise-pour-les-difficultes-du-chantier-de-lecole","status":"publish","type":"post","link":"https:\/\/www.europesays.com\/fr\/440858\/","title":{"rendered":"Terre d\u2019Auge indemnise une entreprise pour les difficult\u00e9s du chantier de l\u2019\u00e9cole"},"content":{"rendered":"<p>            Par<br \/>\n        <strong><br \/>\n            <a href=\"https:\/\/actu.fr\/auteur\/anthony-derestiat\" title=\"Consulter tous les articles de Anthony Derestiat\" target=\"_blank\" rel=\"noopener\">Anthony Derestiat<\/a><br \/>\n        <\/strong><\/p>\n<p>        Publi\u00e9 le<\/p>\n<p>            5 oct. 2025 \u00e0 11h00        <\/p>\n<p>C\u2019est peu dire que le chantier de l\u2019\u00e9cole de Saint-\u00c9tienne-la-Thillaye (Calvados) a connu de nombreux probl\u00e8mes. Initi\u00e9 avant le covid, <a href=\"https:\/\/actu.fr\/normandie\/saint-etienne-la-thillaye_14575\/interco-de-pont-l-eveque-dans-les-cartons-depuis-des-annees-le-futur-pole-scolaire-sort-de-terre_46454762.html\" target=\"_blank\" rel=\"noopener\">il n\u2019a d\u00e9marr\u00e9 qu\u2019en janvier\u00a02021<\/a> et <a href=\"https:\/\/actu.fr\/normandie\/pont-l-eveque_14514\/la-rentree-scolaire-des-equipes-educatives-de-terre-dauge-est-faite_61572388.html\" target=\"_blank\" rel=\"noopener\">abouti en septembre\u00a02024<\/a>, accumulant les retards. Jeudi 2\u00a0octobre 2025, les \u00e9lus de Terre d\u2019Auge ont vot\u00e9 un protocole transactionnel avec l\u2019une des entreprises concern\u00e9es\u2009: Avenir BTP, \u00e0 qui la communaut\u00e9 de communes va verser 11\u2009000\u00a0\u20ac.<\/p>\n<p class=\" wall-content\">L\u00e9s\u00e9e par les retards d\u2019autres entreprises du chantier, Avenir BTP, qui s\u2019occupait du gros \u0153uvre et du terrassement, a sollicit\u00e9 aupr\u00e8s du tribunal administratif de Caen une indemnisation de 176\u2009795 \u20ac, en compensation de l\u2019argent perdu par l\u2019entreprise. Celle-ci avait notamment recrut\u00e9 de la main-d\u2019\u0153uvre et renonc\u00e9 \u00e0 d\u2019autres projets pour ce chantier retard\u00e9 d\u2019un an, mettant en p\u00e9ril sa tr\u00e9sorerie.<\/p>\n<p>\u00ab\u2009Un accord gagnant-gagnant\u2009\u00bb pour J\u00e9r\u00e9my Roseau<\/p>\n<p class=\" wall-content\">Au c\u0153ur de l\u2019\u00e9t\u00e9, Terre d\u2019Auge et Avenir BTP s\u2019\u00e9taient rencontr\u00e9es pour une m\u00e9diation, ayant abouti \u00e0 cet accord sur 11 000 \u20ac, bien inf\u00e9rieur au montant initialement demand\u00e9. \u00ab\u2009C\u2019est un accord gagnant-gagnant, estime J\u00e9r\u00e9my Roseau, le pr\u00e9sident de Terre d\u2019Auge. Les deux parties se sont \u00e9cout\u00e9es et respect\u00e9es.\u2009\u00bb<\/p>\n<p class=\" wall-content\">Il pr\u00e9cise d\u2019ailleurs que le contentieux lanc\u00e9 par Avenir BTP n\u2019a pas engendr\u00e9 de conflit entre Terre d\u2019Auge et l\u2019entreprise, puisque celle-ci a continu\u00e9 \u00e0 travailler avec la collectivit\u00e9 sur d\u2019autres projets par la suite.<\/p>\n<p>Vid\u00e9os : en ce moment sur Actu<\/p>\n<p class=\" wall-content\">Concernant les autres entreprises impliqu\u00e9es dans ce chantier chaotique, Terre d\u2019Auge a demand\u00e9 des p\u00e9nalit\u00e9s \u00e0 certaines, qui devraient aboutir sur d\u2019autres accords transactionnels, cette fois-ci, en faveur de l\u2019interco. Pour des montants qui devraient \u00eatre bien sup\u00e9rieurs aux 11\u2009000\u00a0\u20ac vers\u00e9s \u00e0 Avenir BTP.<\/p>\n<p class=\" wall-content\">Personnalisez votre actualit\u00e9 en ajoutant vos villes et m\u00e9dias en favori avec <a href=\"https:\/\/moncompte.actu.fr\" title=\"D\u00e9couvez Mon Actu\" rel=\"nofollow noopener\" data-trk=\"{&quot;cta&quot;:{&quot;action&quot;:&quot;https:\\\/\\\/moncompte.actu.fr&quot;,&quot;category&quot;:&quot;mon compte&quot;,&quot;from&quot;:&quot;article footer&quot;,&quot;name&quot;:&quot;Mon actu&quot;,&quot;type&quot;:&quot;cta&quot;}}\" target=\"_blank\">Mon Actu<\/a>.<\/p>\n","protected":false},"excerpt":{"rendered":"Par Anthony Derestiat Publi\u00e9 le 5 oct. 2025 \u00e0 11h00 C\u2019est peu dire que le chantier de l\u2019\u00e9cole&hellip;\n","protected":false},"author":2,"featured_media":440859,"comment_status":"","ping_status":"","sticky":false,"template":"","format":"standard","meta":{"footnotes":""},"categories":[9653],"tags":[1111,11,2430,4019,1777,674,1011,27,12,25,4001,104,2086],"class_list":{"0":"post-440858","1":"post","2":"type-post","3":"status-publish","4":"format-standard","5":"has-post-thumbnail","7":"category-saint-etienne","8":"tag-actu","9":"tag-actualites","10":"tag-auvergne-rhone-alpes","11":"tag-ecoles","12":"tag-eu","13":"tag-europe","14":"tag-fr","15":"tag-france","16":"tag-news","17":"tag-republique-francaise","18":"tag-saint-etienne","19":"tag-societe","20":"tag-travaux"},"share_on_mastodon":{"url":"https:\/\/pubeurope.com\/@fr\/115321865664274652","error":""},"_links":{"self":[{"href":"https:\/\/www.europesays.com\/fr\/wp-json\/wp\/v2\/posts\/440858","targetHints":{"allow":["GET"]}}],"collection":[{"href":"https:\/\/www.europesays.com\/fr\/wp-json\/wp\/v2\/posts"}],"about":[{"href":"https:\/\/www.europesays.com\/fr\/wp-json\/wp\/v2\/types\/post"}],"author":[{"embeddable":true,"href":"https:\/\/www.europesays.com\/fr\/wp-json\/wp\/v2\/users\/2"}],"replies":[{"embeddable":true,"href":"https:\/\/www.europesays.com\/fr\/wp-json\/wp\/v2\/comments?post=440858"}],"version-history":[{"count":0,"href":"https:\/\/www.europesays.com\/fr\/wp-json\/wp\/v2\/posts\/440858\/revisions"}],"wp:featuredmedia":[{"embeddable":true,"href":"https:\/\/www.europesays.com\/fr\/wp-json\/wp\/v2\/media\/440859"}],"wp:attachment":[{"href":"https:\/\/www.europesays.com\/fr\/wp-json\/wp\/v2\/media?parent=440858"}],"wp:term":[{"taxonomy":"category","embeddable":true,"href":"https:\/\/www.europesays.com\/fr\/wp-json\/wp\/v2\/categories?post=440858"},{"taxonomy":"post_tag","embeddable":true,"href":"https:\/\/www.europesays.com\/fr\/wp-json\/wp\/v2\/tags?post=440858"}],"curies":[{"name":"wp","href":"https:\/\/api.w.org\/{rel}","templated":true}]}}