{"id":440864,"date":"2025-10-05T13:52:19","date_gmt":"2025-10-05T13:52:19","guid":{"rendered":"https:\/\/www.europesays.com\/fr\/440864\/"},"modified":"2025-10-05T13:52:19","modified_gmt":"2025-10-05T13:52:19","slug":"la-nageuse-hyeroise-lili-paillisse-recoit-le-trophee-du-sport-varois","status":"publish","type":"post","link":"https:\/\/www.europesays.com\/fr\/440864\/","title":{"rendered":"La nageuse hy\u00e9roise Lili Paillisse re\u00e7oit le Troph\u00e9e du sport varois"},"content":{"rendered":"<p class=\"fs-5 \">Ce vendredi soir, \u00e0 l\u2019espace nautique d\u2019Hy\u00e8res, la nageuse Lili Paillisse, 17 ans, \u00e9tait la reine de la f\u00eate.<\/p>\n<p class=\"fs-5 \">\u00c0 l\u2019initiative du Comit\u00e9 D\u00e9partemental Olympique et Sportif du Var (CDOS 83), une c\u00e9r\u00e9monie visait \u00e0 saluer son titre de championne de France Juniors du 10 km en eau libre, d\u00e9croch\u00e9 l\u2019an pass\u00e9 \u00e0 Compi\u00e8gne.<\/p>\n<p class=\"fs-5 \">Devant sa famille, son entra\u00eeneur et les membres de son club, la jeune femme s\u2019est vu remettre le \u00ab Troph\u00e9e du sport varois \u00bb, un dipl\u00f4me et un bon d\u2019achat.<\/p>\n<p class=\"fs-5 \">Durant ce moment de reconnaissance, Lili a elle-m\u00eame retrac\u00e9 son parcours singulier, qui l\u2019a ramen\u00e9e de Noum\u00e9a sur sa terre natale pour y construire son palmar\u00e8s au sein du centre de formation de l\u2019Aquatic Club Hy\u00e9rois et qui ne se limite pas \u00e0 cette derni\u00e8re victoire.<\/p>\n<p class=\"fs-5 \">\u00ab Je suis tr\u00e8s contente de recevoir ce prix car \u00e7a r\u00e9compense toutes les ann\u00e9es d\u2019entra\u00eenement \u00bb, a confi\u00e9 la championne, visiblement touch\u00e9e. \u00ab \u00catre l\u00e0 avec ma famille, mon entra\u00eeneur, d\u2019autres membres du club, c\u2019est incroyable. Et en plus dans ma ville, [&#8230;] \u00e7a me procure beaucoup d\u2019\u00e9motion. \u00bb<\/p>\n<p class=\"fs-5 \">Son club, l\u2019Aquatic Club Hy\u00e9rois, a \u00e9galement \u00e9t\u00e9 r\u00e9compens\u00e9, saluant par la m\u00eame occasion le travail de fond de ses \u00e9ducateurs.<\/p>\n<p class=\"fs-5 \">Une juste reconnaissance qui met en lumi\u00e8re une championne prometteuse et toute la structure qui l\u2019accompagne vers, sans aucun doute, de futurs succ\u00e8s.<\/p>\n","protected":false},"excerpt":{"rendered":"Ce vendredi soir, \u00e0 l\u2019espace nautique d\u2019Hy\u00e8res, la nageuse Lili Paillisse, 17 ans, \u00e9tait la reine de la&hellip;\n","protected":false},"author":2,"featured_media":440865,"comment_status":"","ping_status":"","sticky":false,"template":"","format":"standard","meta":{"footnotes":""},"categories":[9619],"tags":[1111,11,1777,674,1011,27,12,882,25,2310],"class_list":{"0":"post-440864","1":"post","2":"type-post","3":"status-publish","4":"format-standard","5":"has-post-thumbnail","7":"category-toulon","8":"tag-actu","9":"tag-actualites","10":"tag-eu","11":"tag-europe","12":"tag-fr","13":"tag-france","14":"tag-news","15":"tag-provence-alpes-cote-dazur","16":"tag-republique-francaise","17":"tag-toulon"},"share_on_mastodon":{"url":"https:\/\/pubeurope.com\/@fr\/115321893357570526","error":""},"_links":{"self":[{"href":"https:\/\/www.europesays.com\/fr\/wp-json\/wp\/v2\/posts\/440864","targetHints":{"allow":["GET"]}}],"collection":[{"href":"https:\/\/www.europesays.com\/fr\/wp-json\/wp\/v2\/posts"}],"about":[{"href":"https:\/\/www.europesays.com\/fr\/wp-json\/wp\/v2\/types\/post"}],"author":[{"embeddable":true,"href":"https:\/\/www.europesays.com\/fr\/wp-json\/wp\/v2\/users\/2"}],"replies":[{"embeddable":true,"href":"https:\/\/www.europesays.com\/fr\/wp-json\/wp\/v2\/comments?post=440864"}],"version-history":[{"count":0,"href":"https:\/\/www.europesays.com\/fr\/wp-json\/wp\/v2\/posts\/440864\/revisions"}],"wp:featuredmedia":[{"embeddable":true,"href":"https:\/\/www.europesays.com\/fr\/wp-json\/wp\/v2\/media\/440865"}],"wp:attachment":[{"href":"https:\/\/www.europesays.com\/fr\/wp-json\/wp\/v2\/media?parent=440864"}],"wp:term":[{"taxonomy":"category","embeddable":true,"href":"https:\/\/www.europesays.com\/fr\/wp-json\/wp\/v2\/categories?post=440864"},{"taxonomy":"post_tag","embeddable":true,"href":"https:\/\/www.europesays.com\/fr\/wp-json\/wp\/v2\/tags?post=440864"}],"curies":[{"name":"wp","href":"https:\/\/api.w.org\/{rel}","templated":true}]}}