{"id":440866,"date":"2025-10-05T13:53:12","date_gmt":"2025-10-05T13:53:12","guid":{"rendered":"https:\/\/www.europesays.com\/fr\/440866\/"},"modified":"2025-10-05T13:53:12","modified_gmt":"2025-10-05T13:53:12","slug":"top-14-le-rc-toulon-simpose-avec-autorite-face-a-pau-pour-le-retour-de-charles-ollivon","status":"publish","type":"post","link":"https:\/\/www.europesays.com\/fr\/440866\/","title":{"rendered":"Top 14 : Le RC Toulon s\u2019impose avec autorit\u00e9 face \u00e0 Pau pour le retour de Charles Ollivon"},"content":{"rendered":"<p>Toulon bat Pau 33-17 avec bonus offensif, retour de Charles Ollivon, RCT provisoirement 2e du Top 14.<\/p>\n<p><img fetchpriority=\"high\" decoding=\"async\" width=\"1079\" height=\"908\" alt=\"Toulon Pau Top 14 Ollivon\" title=\"Toulon Pau Top 14 Ollivon\" src=\"https:\/\/www.europesays.com\/fr\/wp-content\/uploads\/2025\/10\/Toulon-Pau-Top-14-Ollivon.jpg\" class=\"img-responsive wp-image-77018\"\/><\/p>\n<p>Toulon Pau Top 14 Ollivon \u2013 CREDIT : VarActu<\/p>\n<p data-start=\"95\" data-end=\"397\">Le retour de Charles Ollivon a co\u00efncid\u00e9 avec une belle victoire du RC Toulon ce samedi au stade Mayol. Face \u00e0 une \u00e9quipe de Pau en manque d\u2019efficacit\u00e9, les Toulonnais ont d\u00e9roul\u00e9 leur jeu et l\u2019ont emport\u00e9 avec <strong data-start=\"305\" data-end=\"326\">le bonus offensif<\/strong> sur le score de <strong data-start=\"343\" data-end=\"354\">33 \u00e0 17<\/strong>, lors de cette nouvelle journ\u00e9e de Top 14.<\/p>\n<p data-start=\"399\" data-end=\"448\"><strong data-start=\"399\" data-end=\"448\">Une rencontre ma\u00eetris\u00e9e par les Rouge et Noir<\/strong><\/p>\n<p data-start=\"450\" data-end=\"857\">D\u00e8s les premi\u00e8res minutes, les hommes de Pierre Mignoni ont impos\u00e9 leur rythme, avec une conqu\u00eate solide et des intentions offensives claires. Les Palois, malgr\u00e9 quelques phases de possession int\u00e9ressantes, n\u2019ont jamais vraiment r\u00e9ussi \u00e0 d\u00e9stabiliser une d\u00e9fense varoise bien en place. Toulon a su acc\u00e9l\u00e9rer aux moments cl\u00e9s, transformant ses temps forts en points, pour rapidement creuser l\u2019\u00e9cart au score.<\/p>\n<p data-start=\"859\" data-end=\"893\"><strong data-start=\"859\" data-end=\"893\">Un retour gagnant pour Ollivon<\/strong><\/p>\n<p data-start=\"895\" data-end=\"1258\">Attendu apr\u00e8s plusieurs semaines d\u2019absence, <strong data-start=\"939\" data-end=\"958\">Charles Ollivon<\/strong> a fait un retour remarqu\u00e9 sous le maillot toulonnais. Pr\u00e9cieux dans les rucks, pr\u00e9sent dans le jeu courant, il a donn\u00e9 le ton \u00e0 une \u00e9quipe appliqu\u00e9e et concentr\u00e9e. Son leadership, combin\u00e9 \u00e0 la performance collective \u2026<\/p>\n<p>Lire la suite dans l\u2019article <a href=\"https:\/\/www.varactu.fr\/top-14-le-rc-toulon-simpose-avec-autorite-face-a-pau-pour-le-retour-de-charles-ollivon\/\" rel=\"nofollow noopener\" target=\"_blank\">Top 14 : Le RC Toulon s\u2019impose avec autorit\u00e9 face \u00e0 Pau pour le retour de Charles Ollivon<\/a> qui est apparu en premier sur <a href=\"https:\/\/www.varactu.fr\" rel=\"nofollow noopener\" target=\"_blank\">Var Actu<\/a>.<\/p>\n","protected":false},"excerpt":{"rendered":"Toulon bat Pau 33-17 avec bonus offensif, retour de Charles Ollivon, RCT provisoirement 2e du Top 14. Toulon&hellip;\n","protected":false},"author":2,"featured_media":440867,"comment_status":"","ping_status":"","sticky":false,"template":"","format":"standard","meta":{"footnotes":""},"categories":[9619],"tags":[1111,11,1777,674,1011,27,12,882,25,2310],"class_list":{"0":"post-440866","1":"post","2":"type-post","3":"status-publish","4":"format-standard","5":"has-post-thumbnail","7":"category-toulon","8":"tag-actu","9":"tag-actualites","10":"tag-eu","11":"tag-europe","12":"tag-fr","13":"tag-france","14":"tag-news","15":"tag-provence-alpes-cote-dazur","16":"tag-republique-francaise","17":"tag-toulon"},"share_on_mastodon":{"url":"https:\/\/pubeurope.com\/@fr\/115321897830236139","error":""},"_links":{"self":[{"href":"https:\/\/www.europesays.com\/fr\/wp-json\/wp\/v2\/posts\/440866","targetHints":{"allow":["GET"]}}],"collection":[{"href":"https:\/\/www.europesays.com\/fr\/wp-json\/wp\/v2\/posts"}],"about":[{"href":"https:\/\/www.europesays.com\/fr\/wp-json\/wp\/v2\/types\/post"}],"author":[{"embeddable":true,"href":"https:\/\/www.europesays.com\/fr\/wp-json\/wp\/v2\/users\/2"}],"replies":[{"embeddable":true,"href":"https:\/\/www.europesays.com\/fr\/wp-json\/wp\/v2\/comments?post=440866"}],"version-history":[{"count":0,"href":"https:\/\/www.europesays.com\/fr\/wp-json\/wp\/v2\/posts\/440866\/revisions"}],"wp:featuredmedia":[{"embeddable":true,"href":"https:\/\/www.europesays.com\/fr\/wp-json\/wp\/v2\/media\/440867"}],"wp:attachment":[{"href":"https:\/\/www.europesays.com\/fr\/wp-json\/wp\/v2\/media?parent=440866"}],"wp:term":[{"taxonomy":"category","embeddable":true,"href":"https:\/\/www.europesays.com\/fr\/wp-json\/wp\/v2\/categories?post=440866"},{"taxonomy":"post_tag","embeddable":true,"href":"https:\/\/www.europesays.com\/fr\/wp-json\/wp\/v2\/tags?post=440866"}],"curies":[{"name":"wp","href":"https:\/\/api.w.org\/{rel}","templated":true}]}}