{"id":440874,"date":"2025-10-05T14:00:20","date_gmt":"2025-10-05T14:00:20","guid":{"rendered":"https:\/\/www.europesays.com\/fr\/440874\/"},"modified":"2025-10-05T14:00:20","modified_gmt":"2025-10-05T14:00:20","slug":"isere-le-corps-dune-femme-en-partie-denudee-decouvert-a-grenoble","status":"publish","type":"post","link":"https:\/\/www.europesays.com\/fr\/440874\/","title":{"rendered":"Is\u00e8re. Le corps d&rsquo;une femme, en partie d\u00e9nud\u00e9e, d\u00e9couvert \u00e0 Grenoble"},"content":{"rendered":"<p>Le corps d&rsquo;une femme, le pantalon baiss\u00e9, a \u00e9t\u00e9 d\u00e9couvert ce dimanche par un passant \u00e0 Grenoble (Is\u00e8re), indique <a href=\"https:\/\/www.ledauphine.com\/faits-divers-justice\/2025\/10\/05\/le-corps-d-une-femme-retrouve-a-proximite-du-square-foch\" target=\"_blank\" rel=\"nofollow noopener\">Le Dauphin\u00e9 Lib\u00e9r\u00e9<\/a>. La macabre d\u00e9couverte a \u00e9t\u00e9 faite pr\u00e8s d&rsquo;une piste cyclable, derri\u00e8re un buisson.<\/p>\n<p>La victime n&rsquo;a pas encore \u00e9t\u00e9 identifi\u00e9e. Il s&rsquo;agirait d&rsquo;une femme \u00e2g\u00e9e d&rsquo;une trentaine d&rsquo;ann\u00e9es, selon le quotidien.<\/p>\n<p>La piste criminelle est privil\u00e9gi\u00e9e. Un p\u00e9rim\u00e8tre de s\u00e9curit\u00e9 a \u00e9t\u00e9 mis en place autour de la sc\u00e8ne et la police scientifique est sur place.<\/p>\n<p class=\"note\">&gt;&gt; Lire l&rsquo;article du <a href=\"https:\/\/www.ledauphine.com\/faits-divers-justice\/2025\/10\/05\/le-corps-d-une-femme-retrouve-a-proximite-du-square-foch\" target=\"_blank\" rel=\"nofollow noopener\">Dauphin\u00e9 Lib\u00e9r\u00e9<\/a>.<\/p>\n","protected":false},"excerpt":{"rendered":"Le corps d&rsquo;une femme, le pantalon baiss\u00e9, a \u00e9t\u00e9 d\u00e9couvert ce dimanche par un passant \u00e0 Grenoble (Is\u00e8re),&hellip;\n","protected":false},"author":2,"featured_media":440762,"comment_status":"","ping_status":"","sticky":false,"template":"","format":"standard","meta":{"footnotes":""},"categories":[9566],"tags":[1111,11,2430,1777,674,274,107,1011,27,329,2731,12,25],"class_list":{"0":"post-440874","1":"post","2":"type-post","3":"status-publish","4":"format-standard","5":"has-post-thumbnail","7":"category-grenoble","8":"tag-actu","9":"tag-actualites","10":"tag-auvergne-rhone-alpes","11":"tag-eu","12":"tag-europe","13":"tag-faits-divers-justice","14":"tag-fil-info","15":"tag-fr","16":"tag-france","17":"tag-france-monde","18":"tag-grenoble","19":"tag-news","20":"tag-republique-francaise"},"share_on_mastodon":{"url":"https:\/\/pubeurope.com\/@fr\/115321924718631271","error":""},"_links":{"self":[{"href":"https:\/\/www.europesays.com\/fr\/wp-json\/wp\/v2\/posts\/440874","targetHints":{"allow":["GET"]}}],"collection":[{"href":"https:\/\/www.europesays.com\/fr\/wp-json\/wp\/v2\/posts"}],"about":[{"href":"https:\/\/www.europesays.com\/fr\/wp-json\/wp\/v2\/types\/post"}],"author":[{"embeddable":true,"href":"https:\/\/www.europesays.com\/fr\/wp-json\/wp\/v2\/users\/2"}],"replies":[{"embeddable":true,"href":"https:\/\/www.europesays.com\/fr\/wp-json\/wp\/v2\/comments?post=440874"}],"version-history":[{"count":0,"href":"https:\/\/www.europesays.com\/fr\/wp-json\/wp\/v2\/posts\/440874\/revisions"}],"wp:featuredmedia":[{"embeddable":true,"href":"https:\/\/www.europesays.com\/fr\/wp-json\/wp\/v2\/media\/440762"}],"wp:attachment":[{"href":"https:\/\/www.europesays.com\/fr\/wp-json\/wp\/v2\/media?parent=440874"}],"wp:term":[{"taxonomy":"category","embeddable":true,"href":"https:\/\/www.europesays.com\/fr\/wp-json\/wp\/v2\/categories?post=440874"},{"taxonomy":"post_tag","embeddable":true,"href":"https:\/\/www.europesays.com\/fr\/wp-json\/wp\/v2\/tags?post=440874"}],"curies":[{"name":"wp","href":"https:\/\/api.w.org\/{rel}","templated":true}]}}