{"id":440881,"date":"2025-10-05T14:06:17","date_gmt":"2025-10-05T14:06:17","guid":{"rendered":"https:\/\/www.europesays.com\/fr\/440881\/"},"modified":"2025-10-05T14:06:17","modified_gmt":"2025-10-05T14:06:17","slug":"securisation-renovations-le-plan-de-la-region-sud-pour-les-lycees-de-nice-et-des-alpes-maritimes","status":"publish","type":"post","link":"https:\/\/www.europesays.com\/fr\/440881\/","title":{"rendered":"s\u00e9curisation, r\u00e9novations&#8230; Le plan de la R\u00e9gion Sud pour les lyc\u00e9es de Nice et des Alpes-Maritimes"},"content":{"rendered":"<p><strong>Vice-pr\u00e9sidente du conseil r\u00e9gional charg\u00e9e de l\u2019\u00e9ducation, des lyc\u00e9es, de l\u2019orientation et de l\u2019apprentissage, Marie-Florence Bulteau-Rambaud d\u00e9taille pour <a href=\"https:\/\/nicepresse.com\/dimanche\/\" data-wpel-link=\"internal\" target=\"_blank\" rel=\"noopener noreferrer nofollow\">Nice-Presse Dimanche <\/a>les grands chantiers en cours dans les Alpes-Maritimes. R\u00e9novation, s\u00e9curit\u00e9, transition \u00e9cologique\u2026 Elle d\u00e9fend une action \u00abpragmatique\u00bb, adapt\u00e9e aux r\u00e9alit\u00e9s du terrain.<\/strong><\/p>\n<p><img loading=\"lazy\" width=\"956\" height=\"630\" decoding=\"async\" src=\"data:image\/svg+xml,%3Csvg%20xmlns=\" http:=\"\" alt=\"L\u2019image actuelle n\u2019a pas de texte alternatif. Le nom du fichier est\u00a0: Marie-Florence-Bultreau-Rambaud-3.jpg\" title=\"Nice-Presse Dimanche : s\u00e9curisation, r\u00e9novations... Le plan de la R\u00e9gion Sud pour les lyc\u00e9es de Nice et des Alpes-Maritimes 1\" data-lazy-src=\"https:\/\/www.europesays.com\/fr\/wp-content\/uploads\/2025\/10\/Marie-Florence-Bultreau-Rambaud-3-956x630.jpg\"\/><\/p>\n<p>Apr\u00e8s les r\u00e9cents drames, notamment l\u2019attaque perp\u00e9tr\u00e9e au lyc\u00e9e horticole d\u2019Antibes le 10 septembre dernier, o\u00f9 en est la politique r\u00e9gionale de s\u00e9curisation des \u00e9tablissements\u00a0?<\/p>\n<p>C\u2019est un sujet que nous prenons \u00e0\u00a0bras-le-corps avec Renaud Muselier. Depuis 2016, la R\u00e9gion a\u00a0investi 112 millions d\u2019euros pour s\u00e9curiser nos \u00e9tablissements. Aujourd\u2019hui, 100\u00a0% des lyc\u00e9es disposent de dispositifs de protection : contr\u00f4le des acc\u00e8s, vid\u00e9oprotection, loges d\u2019accueil avec agents form\u00e9s, parfois des tourniquets. Nous avons aussi d\u00e9ploy\u00e9 178 m\u00e9diateurs aux abords des \u00e9tablissements. Mais il faut \u00eatre lucide : le risque z\u00e9ro n\u2019existe pas. On l\u2019a vu, les incidents r\u00e9cents rappellent la complexit\u00e9 de la question.<\/p>\n<p>Dans les pros ou agricoles, la circulation d\u2019outils, de couteaux ou l\u2019absence de cl\u00f4ture posent des difficult\u00e9s particuli\u00e8res. Comment g\u00e9rer ces situations sans les transformer en forteresses\u00a0?<\/p>\n<p>Les lyc\u00e9es agricoles sont un vrai sujet. Par nature, ils s\u2019\u00e9tendent souvent sur plusieurs hectares, sans cl\u00f4ture, et accueillent du public ext\u00e9rieur, dans leurs magasins de vente. On ne peut pas barricader une exploitation agricole ou un domaine viticole. Quant aux lyc\u00e9es h\u00f4teliers, leurs \u00e9l\u00e8ves travaillent forc\u00e9ment avec des couteaux et du mat\u00e9riel professionnel.<\/p>\n<p>C\u2019est pareil dans d\u2019autres fili\u00e8res techniques o\u00f9 il y\u00a0a des tournevis, des ciseaux, etc. Cela cr\u00e9e une vuln\u00e9rabilit\u00e9 suppl\u00e9mentaire, mais on ne peut pas emp\u00eacher les jeunes d\u2019apprendre leur m\u00e9tier. Rien ne remplace donc le contr\u00f4le visuel et humain : proviseurs, CPE, AED, agents d\u2019accueil, qui connaissent leurs \u00e9l\u00e8ves et peuvent rep\u00e9rer un comportement anormal.<\/p>\n<p>Vous \u00e9voquez 178 m\u00e9diateurs d\u00e9ploy\u00e9s aux abords des \u00e9tablissements. Est-ce suffisant ? Et jusqu\u2019o\u00f9 peut-on aller dans les contr\u00f4les, sachant que la fouille des sacs n\u2019est pas du ressort des personnels de l\u2019\u00c9ducation nationale ni de la R\u00e9gion\u00a0?<\/p>\n<p>Il faut rester pragmatiques. Fouiller les sacs n\u2019est pas du ressort ni des agents r\u00e9gionaux, ni des personnels de l\u2019\u00c9ducation nationale, en effet, seuls les policiers y\u00a0sont habilit\u00e9s. On l\u2019a vu r\u00e9cemment \u00e0\u00a0Menton : gr\u00e2ce \u00e0\u00a0une fouille de la police, des couteaux ont \u00e9t\u00e9 intercept\u00e9s avant qu\u2019ils n\u2019entrent dans un lyc\u00e9e. Ce qui fonctionne, c\u2019est de multiplier les contr\u00f4les aux acc\u00e8s, diff\u00e9rencier les alarmes (intrusion, incendie\u2026), demander syst\u00e9matiquement une pi\u00e8ce d\u2019identit\u00e9 aux visiteurs ext\u00e9rieurs.\u00a0<\/p>\n<p>Et renforcer la pr\u00e9sence humaine : nos m\u00e9diateurs, souvent des jeunes en BPJEPS, sont pr\u00e9cieux. Ils arrivent \u00e0\u00a0d\u00e9samorcer des tensions entre \u00e9l\u00e8ves avant qu\u2019elles ne d\u00e9g\u00e9n\u00e8rent. C\u2019est souvent aux abords que les incidents se produisent, et leur pr\u00e9sence est un vrai filet de s\u00e9curit\u00e9.<\/p>\n<p><img loading=\"lazy\" decoding=\"async\" width=\"1200\" height=\"622\" src=\"data:image\/svg+xml,%3Csvg%20xmlns=\" http:=\"\" alt=\"lyc\u00e9e guillaume-apollinaire\" class=\"wp-image-96221\" title=\"Nice-Presse Dimanche : s\u00e9curisation, r\u00e9novations... Le plan de la R\u00e9gion Sud pour les lyc\u00e9es de Nice et des Alpes-Maritimes 2\" data-lazy- data-lazy- data-lazy-src=\"https:\/\/www.europesays.com\/fr\/wp-content\/uploads\/2025\/10\/Capture-de\u0301cran-2022-10-18-a\u0300-18.37.23-1200x622.png\"\/>[StreetView]<\/p>\n<p>Suite \u00e0\u00a0la temp\u00eate Alex, Christian Estrosi avait alert\u00e9 sur une probable catastrophe autour du Lyc\u00e9e Guillaume Apollinaire, construit au-dessus d\u2019un fleuve, en cas d\u2019intemp\u00e9ries. La R\u00e9gion va-t-elle le d\u00e9truire\u00a0?<\/p>\n<p>Non. Il n\u2019y a\u00a0pas de projet en ce sens aujourd\u2019hui. \u00c9videmment, si un probl\u00e8me de s\u00e9curit\u00e9 venait \u00e0\u00a0appara\u00eetre, nous l\u2019\u00e9tudierions. Mais ce n\u2019est pas le cas. On ne met pas les \u00e9l\u00e8ves en danger : quand un \u00e9tablissement est r\u00e9ellement menac\u00e9, comme le lyc\u00e9e du Golf H\u00f4tel d\u2019Hy\u00e8res, inondable, nous le reconstruisons ailleurs.<\/p>\n<p>Quels r\u00e9sultats obtenez-vous pour ce qui est du verdissement\u00a0?<\/p>\n<p>A chaque r\u00e9habilitation, nous int\u00e9grons le maximum d\u2019espaces verts et de plantations. Tous les \u00e9tablissements sont diff\u00e9rents : certains disposent de grands terrains, d\u2019autres non. Mais m\u00eame \u00e0\u00a0petite \u00e9chelle, nous tenons \u00e0\u00a0apporter de la v\u00e9g\u00e9tation, des tonnelles, des espaces rafra\u00eechissants. On le constate, quelques degr\u00e9s de moins font une r\u00e9elle diff\u00e9rence pour les \u00e9l\u00e8ves, les enseignants et nos agents, notamment lors des p\u00e9riodes de canicule.<\/p>\n<p>La climatisation partout, souvent cit\u00e9e, est-elle une option\u00a0?<\/p>\n<p>Non. D\u2019abord pour des raisons environnementales, ensuite parce que d\u2019autres solutions existent et font leurs preuves. Nous installons par exemple des brasseurs d\u2019air. C\u2019est ce que nous avons observ\u00e9 \u00e0\u00a0La R\u00e9union, o\u00f9 la chaleur est pr\u00e9sente toute l\u2019ann\u00e9e et o\u00f9 les lyc\u00e9es fonctionnent tr\u00e8s bien sans climatisation. Nous utilisons aussi des films sur les vitres, des rideaux occultants, des brise-soleil\u2026 Ce sont des dispositifs plus respectueux et efficaces \u00e0\u00a0long terme.<\/p>\n<p><a href=\"https:\/\/www.nicecotedazur.org\/actualites\/ensemble-face-aux-risques-majeurs\/\" data-wpel-link=\"external\" target=\"_blank\" rel=\"external noopener noreferrer nofollow\"><img loading=\"lazy\" decoding=\"async\" width=\"300\" height=\"300\" src=\"data:image\/svg+xml,%3Csvg%20xmlns=\" http:=\"\" alt=\"\" class=\"wp-image-252503\" data-lazy-src=\"https:\/\/www.europesays.com\/fr\/wp-content\/uploads\/2025\/10\/decli-web_risques-majeurs2025_nicepresse_300-x-300.jpg\"\/><\/a><\/p>\n<p>De nouveaux \u00e9tablissements seront-ils construits\u00a0?\u00a0<\/p>\n<p>Oui. Contrairement \u00e0\u00a0d\u2019autres r\u00e9gions qui ferment des lyc\u00e9es, nous en construisons deux : \u00e0\u00a0Allauch et au Luc. Dans ces projets, nous privil\u00e9gions des solutions architecturales int\u00e9grant la v\u00e9g\u00e9tation, l\u2019ombre naturelle, et des syst\u00e8mes de ventilation \u00abpassive\u00bb, type puits canadiens. L\u2019objectif, c\u2019est que dans 50 ou 100 ans, ces b\u00e2timents soient toujours adapt\u00e9s au climat.<\/p>\n<p>Et dans les Alpes-Maritimes\u00a0?<\/p>\n<p>Dans le 06, il n\u2019y a\u00a0pas de projet de construction, mais plusieurs chantiers lourds de r\u00e9novation. Le plus embl\u00e9matique \u00e9tant celui <a href=\"https:\/\/nicepresse.com\/nice-plusieurs-millions-deuros-pour-renover-lun-des-lycees-les-plus-prestigieux-de-la-cote-dazur-voici-ce-qui-est-prevu\/\" data-wpel-link=\"internal\" target=\"_blank\" rel=\"noopener noreferrer nofollow\">du lyc\u00e9e Mass\u00e9na<\/a>, \u00e0\u00a0Nice, avec un plan en dix phases successives, d\u2019environ 50 millions d\u2019euros d\u2019investissement, dont d\u00e9j\u00e0 8\u00a0millions consacr\u00e9s \u00e0\u00a0l\u2019internat. <\/p>\n<p>C\u2019est complexe car le b\u00e2timent est class\u00e9, soumis aux prescriptions des architectes des b\u00e2timents de France. D\u2019autres op\u00e9rations concernent le gymnase d\u2019Estienne d\u2019Orves (termin\u00e9) et celui de Carnot (en cours). Au total, pour les Alpes-Maritimes, ce sont pr\u00e8s de 75,5 millions d\u2019euros qui ont \u00e9t\u00e9 engag\u00e9s r\u00e9cemment\u00a0!<\/p>\n<p>Quels moyens pour les CFA, les centres de formation d\u2019apprentis\u00a0?<\/p>\n<p>M\u00eame si la comp\u00e9tence a\u00a0\u00e9t\u00e9 transf\u00e9r\u00e9e \u00e0\u00a0l\u2019\u00c9tat, nous restons tr\u00e8s pr\u00e9sents. Pour 2025, nous allons soutenir 20 dossiers de CFA dans le 06, pour un montant global de 3,8 millions d\u2019euros. Nous conservons deux enveloppes : environ 7\u00a0millions d\u2019euros pour l\u2019investissement, 3\u00a0millions pour l\u2019\u00e9quipement. En 2024, nous avons soutenu par exemple le CFA du b\u00e2timent Antibes et celui de Nice. En 2025, nous allons aussi aider le P\u00f4le national sup\u00e9rieur de danse Rosella Hightower \u00e0\u00a0Cannes.<\/p>\n<p>Le CFA de Carros, lui, est r\u00e9guli\u00e8rement cit\u00e9 comme l\u2019un des fleurons de la r\u00e9gion.\u00a0<\/p>\n<p>C\u2019est un \u00e9tablissement important, oui, mais pas unique. Nous avons d\u2019autres p\u00f4les d\u2019excellence \u00e0\u00a0Marseille, Toulon, etc. La vraie inqui\u00e9tude aujourd\u2019hui, c\u2019est la baisse annonc\u00e9e du nombre d\u2019apprentis. Nous \u00e9tions \u00e0\u00a071.300 apprentis d\u00e9but 2024 dans la r\u00e9gion, 15.600 dans les Alpes-Maritimes. Cette rentr\u00e9e, nous tombons \u00e0\u00a069.000 et 14.600 dans le 06. La raison est claire : la r\u00e9duction des aides aux employeurs, qui \u00e9taient incitatives. Cela risque de freiner les embauches, ce qui est dommage car l\u2019apprentissage est une voie d\u2019excellence, du CAP jusqu\u2019au dipl\u00f4me d\u2019ing\u00e9nieur.<\/p>\n","protected":false},"excerpt":{"rendered":"Vice-pr\u00e9sidente du conseil r\u00e9gional charg\u00e9e de l\u2019\u00e9ducation, des lyc\u00e9es, de l\u2019orientation et de l\u2019apprentissage, Marie-Florence Bulteau-Rambaud d\u00e9taille pour&hellip;\n","protected":false},"author":2,"featured_media":440882,"comment_status":"","ping_status":"","sticky":false,"template":"","format":"standard","meta":{"footnotes":""},"categories":[2819],"tags":[1111,11,1777,674,1011,27,12,2401,882,25],"class_list":{"0":"post-440881","1":"post","2":"type-post","3":"status-publish","4":"format-standard","5":"has-post-thumbnail","7":"category-nice","8":"tag-actu","9":"tag-actualites","10":"tag-eu","11":"tag-europe","12":"tag-fr","13":"tag-france","14":"tag-news","15":"tag-nice","16":"tag-provence-alpes-cote-dazur","17":"tag-republique-francaise"},"share_on_mastodon":{"url":"https:\/\/pubeurope.com\/@fr\/115321948241230233","error":""},"_links":{"self":[{"href":"https:\/\/www.europesays.com\/fr\/wp-json\/wp\/v2\/posts\/440881","targetHints":{"allow":["GET"]}}],"collection":[{"href":"https:\/\/www.europesays.com\/fr\/wp-json\/wp\/v2\/posts"}],"about":[{"href":"https:\/\/www.europesays.com\/fr\/wp-json\/wp\/v2\/types\/post"}],"author":[{"embeddable":true,"href":"https:\/\/www.europesays.com\/fr\/wp-json\/wp\/v2\/users\/2"}],"replies":[{"embeddable":true,"href":"https:\/\/www.europesays.com\/fr\/wp-json\/wp\/v2\/comments?post=440881"}],"version-history":[{"count":0,"href":"https:\/\/www.europesays.com\/fr\/wp-json\/wp\/v2\/posts\/440881\/revisions"}],"wp:featuredmedia":[{"embeddable":true,"href":"https:\/\/www.europesays.com\/fr\/wp-json\/wp\/v2\/media\/440882"}],"wp:attachment":[{"href":"https:\/\/www.europesays.com\/fr\/wp-json\/wp\/v2\/media?parent=440881"}],"wp:term":[{"taxonomy":"category","embeddable":true,"href":"https:\/\/www.europesays.com\/fr\/wp-json\/wp\/v2\/categories?post=440881"},{"taxonomy":"post_tag","embeddable":true,"href":"https:\/\/www.europesays.com\/fr\/wp-json\/wp\/v2\/tags?post=440881"}],"curies":[{"name":"wp","href":"https:\/\/api.w.org\/{rel}","templated":true}]}}