{"id":440885,"date":"2025-10-05T14:09:15","date_gmt":"2025-10-05T14:09:15","guid":{"rendered":"https:\/\/www.europesays.com\/fr\/440885\/"},"modified":"2025-10-05T14:09:15","modified_gmt":"2025-10-05T14:09:15","slug":"pierre-menes-habille-luis-castro-pour-lhiver","status":"publish","type":"post","link":"https:\/\/www.europesays.com\/fr\/440885\/","title":{"rendered":"Pierre M\u00e9n\u00e8s habille Luis Castro pour l&rsquo;hiver"},"content":{"rendered":"<p><b>Les Kita ont bataill\u00e9 avec Dunkerque afin de r\u00e9ussir \u00e0 faire venir Luis Castro pour remplacer Antoine Kombouar\u00e9. L&rsquo;entra\u00eeneur portugais a du temps pour mener \u00e0 bien sa mission, mais Pierre M\u00e9n\u00e8s est d\u00e9j\u00e0 brutal.<\/b><\/p>\n<p><a href=\"https:\/\/www.foot01.com\/nantes\/nantes-anthony-lopes-est-un-monstre\" target=\"_self\" rel=\"nofollow noopener\">Le FC Nantes peut remercier Anthony Lopes pour le point pris samedi \u00e0 Brest<\/a>. Un point qui permet aux Canaris de garder une toute petite marge d&rsquo;avance sur la zone rouge du classement de <a href=\"https:\/\/www.foot01.com\/ligue1\" title=\"Ligue 1\" rel=\"nofollow noopener\" target=\"_blank\">Ligue 1<\/a>, mais qui ne permet pas de croire que les Nantais vont facilement se sauver cette saison. M\u00eame si Luis Castro n&rsquo;est pas l\u00e0 depuis longtemps, le technicien portugais doit composer avec un effectif qui a des limites d\u00e9j\u00e0 criantes. Si les supporters nantais font preuve de patience, du moins pour l&rsquo;instant, car ils croient en Luis Castro, ce n&rsquo;est pas le cas de tout le monde. Sur sa cha\u00eene <a href=\"https:\/\/www.youtube.com\/\" target=\"_blank\" rel=\"nofollow noopener\">Youtube<\/a>, Pierre M\u00e9n\u00e8s est, lui, nettement moins convaincu que l&rsquo;ancien coach de Dunkerque fera des miracles.Castro ne fait pas des miracles avec le FC Nantes<\/p>\n<p>Apr\u00e8s avoir regard\u00e9 le match Brest-Nantes, l&rsquo;ancien consultant vedette du Canal Football Club ne masque pas son peu d&rsquo;enthousiasme avec la nouvelle version du FC Nantes. \u00ab\u00a0Du c\u00f4t\u00e9 du FC Nantes, \u00e7a fait deux matches nuls en deux d\u00e9placements. Au niveau comptable, c\u2019est pas mal. Maintenant, mais en mati\u00e8re de jeu, il faudra quand m\u00eame qu\u2019on m\u2019explique la diff\u00e9rence entre le Nantes de Castro et le Nantes de Kombouar\u00e9. \u00c7a ne fait que d\u00e9fendre, \u00e7a ne fait que des 0-0. Je pense que le Castro-ball est une vaste fumisterie, mais \u00e7a n\u2019engage que moi \u00bb, a expliqu\u00e9, sur son m\u00e9dia, un Pierre M\u00e9n\u00e8s, l\u00e9g\u00e8rement inquiet pour la suite de la saison du FC Nantes. On peut toutefois opposer \u00e0 ce dernier que le technicien portugais doit composer avec un effectif qu&rsquo;il n&rsquo;a pas r\u00e9ellement choisi et que forc\u00e9ment cela ne lui permet pas d&rsquo;appliquer totalement son projet de jeu. Il faudra donc faire preuve d&rsquo;un peu plus de patience avant de voir ce que Castro peut tirer de ses joueurs.<\/p>\n","protected":false},"excerpt":{"rendered":"Les Kita ont bataill\u00e9 avec Dunkerque afin de r\u00e9ussir \u00e0 faire venir Luis Castro pour remplacer Antoine Kombouar\u00e9.&hellip;\n","protected":false},"author":2,"featured_media":440886,"comment_status":"","ping_status":"","sticky":false,"template":"","format":"standard","meta":{"footnotes":""},"categories":[2818],"tags":[1111,11,1777,674,1011,27,766,12,2636,25],"class_list":{"0":"post-440885","1":"post","2":"type-post","3":"status-publish","4":"format-standard","5":"has-post-thumbnail","7":"category-nantes","8":"tag-actu","9":"tag-actualites","10":"tag-eu","11":"tag-europe","12":"tag-fr","13":"tag-france","14":"tag-nantes","15":"tag-news","16":"tag-pays-de-la-loire","17":"tag-republique-francaise"},"share_on_mastodon":{"url":"https:\/\/pubeurope.com\/@fr\/115321960140197926","error":""},"_links":{"self":[{"href":"https:\/\/www.europesays.com\/fr\/wp-json\/wp\/v2\/posts\/440885","targetHints":{"allow":["GET"]}}],"collection":[{"href":"https:\/\/www.europesays.com\/fr\/wp-json\/wp\/v2\/posts"}],"about":[{"href":"https:\/\/www.europesays.com\/fr\/wp-json\/wp\/v2\/types\/post"}],"author":[{"embeddable":true,"href":"https:\/\/www.europesays.com\/fr\/wp-json\/wp\/v2\/users\/2"}],"replies":[{"embeddable":true,"href":"https:\/\/www.europesays.com\/fr\/wp-json\/wp\/v2\/comments?post=440885"}],"version-history":[{"count":0,"href":"https:\/\/www.europesays.com\/fr\/wp-json\/wp\/v2\/posts\/440885\/revisions"}],"wp:featuredmedia":[{"embeddable":true,"href":"https:\/\/www.europesays.com\/fr\/wp-json\/wp\/v2\/media\/440886"}],"wp:attachment":[{"href":"https:\/\/www.europesays.com\/fr\/wp-json\/wp\/v2\/media?parent=440885"}],"wp:term":[{"taxonomy":"category","embeddable":true,"href":"https:\/\/www.europesays.com\/fr\/wp-json\/wp\/v2\/categories?post=440885"},{"taxonomy":"post_tag","embeddable":true,"href":"https:\/\/www.europesays.com\/fr\/wp-json\/wp\/v2\/tags?post=440885"}],"curies":[{"name":"wp","href":"https:\/\/api.w.org\/{rel}","templated":true}]}}