{"id":440900,"date":"2025-10-05T14:18:10","date_gmt":"2025-10-05T14:18:10","guid":{"rendered":"https:\/\/www.europesays.com\/fr\/440900\/"},"modified":"2025-10-05T14:18:10","modified_gmt":"2025-10-05T14:18:10","slug":"lyon-accueillera-la-conference-internationale-bio-europe-spring-en-2027","status":"publish","type":"post","link":"https:\/\/www.europesays.com\/fr\/440900\/","title":{"rendered":"Lyon accueillera la conf\u00e9rence internationale BIO-Europe Spring en 2027"},"content":{"rendered":"<p itemprop=\"description\"><strong>La M\u00e9tropole de Lyon a officialis\u00e9 ce lundi 30 septembre l\u2019accueil de la conf\u00e9rence internationale BIO-Europe Spring, qui se tiendra en mars 2027 \u00e0 Eurexpo.<\/strong><\/p>\n<p>Ce rendez-vous majeur des biotechnologies et de l\u2019industrie pharmaceutique est consid\u00e9r\u00e9 comme la plus grande convention d\u2019affaires du secteur en Europe.<\/p>\n<p>Organis\u00e9e chaque ann\u00e9e dans une m\u00e9tropole europ\u00e9enne diff\u00e9rente par EBD Group GmbH, cette conf\u00e9rence rassemble des milliers de chercheurs, d\u2019industriels, d\u2019investisseurs et de d\u00e9cideurs autour de rencontres professionnelles, de tables rondes et d\u2019espaces d\u2019exposition. Depuis sa cr\u00e9ation en 2007, BIO-Europe Spring n\u2019avait \u00e9t\u00e9 accueillie qu\u2019une seule fois en France, c&rsquo;\u00e9tait \u00e0 Paris en 2015.<\/p>\n<p>La candidature lyonnaise, d\u00e9pos\u00e9e en 2023 par la M\u00e9tropole en partenariat avec l\u2019Office de tourisme de Lyon, GL Events et ONLYLYON Invest, a \u00e9t\u00e9 soutenue par l\u2019ensemble de l\u2019\u00e9cosyst\u00e8me local des sciences de la vie, incluant notamment la R\u00e9gion Auvergne-Rh\u00f4ne-Alpes et le p\u00f4le Lyonbiop\u00f4le.<\/p>\n<p>L\u2019\u00e9v\u00e9nement offrira une vitrine internationale au territoire, reconnu pour ses expertises dans la recherche m\u00e9dicale, les biotechnologies et la sant\u00e9 num\u00e9rique.<\/p>\n<p>En tant qu\u2019h\u00f4te r\u00e9gional, la M\u00e9tropole de Lyon sera le chef de file de l\u2019organisation et de la coordination des acteurs institutionnels, publics et priv\u00e9s. L\u2019objectif : valoriser les talents, les innovations et les projets lyonnais, tout en facilitant les mises en relation entre chercheurs, entreprises et investisseurs internationaux.<\/p>\n","protected":false},"excerpt":{"rendered":"La M\u00e9tropole de Lyon a officialis\u00e9 ce lundi 30 septembre l\u2019accueil de la conf\u00e9rence internationale BIO-Europe Spring, qui&hellip;\n","protected":false},"author":2,"featured_media":440901,"comment_status":"","ping_status":"","sticky":false,"template":"","format":"standard","meta":{"footnotes":""},"categories":[1889],"tags":[1111,11,2813,2190,2430,1109,251,1112,2811,1777,674,118,1011,27,1922,1110,1114,2428,2810,12,241,316,25,2812,517,800],"class_list":{"0":"post-440900","1":"post","2":"type-post","3":"status-publish","4":"format-standard","5":"has-post-thumbnail","7":"category-lyon","8":"tag-actu","9":"tag-actualites","10":"tag-article","11":"tag-asvel","12":"tag-auvergne-rhone-alpes","13":"tag-breves","14":"tag-culture","15":"tag-depeches","16":"tag-economique","17":"tag-eu","18":"tag-europe","19":"tag-faits-divers","20":"tag-fr","21":"tag-france","22":"tag-info","23":"tag-informations","24":"tag-infos","25":"tag-lyon","26":"tag-lyonmag","27":"tag-news","28":"tag-ol","29":"tag-politique","30":"tag-republique-francaise","31":"tag-sociale","32":"tag-sport","33":"tag-transports"},"share_on_mastodon":{"url":"https:\/\/pubeurope.com\/@fr\/115321995474048551","error":""},"_links":{"self":[{"href":"https:\/\/www.europesays.com\/fr\/wp-json\/wp\/v2\/posts\/440900","targetHints":{"allow":["GET"]}}],"collection":[{"href":"https:\/\/www.europesays.com\/fr\/wp-json\/wp\/v2\/posts"}],"about":[{"href":"https:\/\/www.europesays.com\/fr\/wp-json\/wp\/v2\/types\/post"}],"author":[{"embeddable":true,"href":"https:\/\/www.europesays.com\/fr\/wp-json\/wp\/v2\/users\/2"}],"replies":[{"embeddable":true,"href":"https:\/\/www.europesays.com\/fr\/wp-json\/wp\/v2\/comments?post=440900"}],"version-history":[{"count":0,"href":"https:\/\/www.europesays.com\/fr\/wp-json\/wp\/v2\/posts\/440900\/revisions"}],"wp:featuredmedia":[{"embeddable":true,"href":"https:\/\/www.europesays.com\/fr\/wp-json\/wp\/v2\/media\/440901"}],"wp:attachment":[{"href":"https:\/\/www.europesays.com\/fr\/wp-json\/wp\/v2\/media?parent=440900"}],"wp:term":[{"taxonomy":"category","embeddable":true,"href":"https:\/\/www.europesays.com\/fr\/wp-json\/wp\/v2\/categories?post=440900"},{"taxonomy":"post_tag","embeddable":true,"href":"https:\/\/www.europesays.com\/fr\/wp-json\/wp\/v2\/tags?post=440900"}],"curies":[{"name":"wp","href":"https:\/\/api.w.org\/{rel}","templated":true}]}}