{"id":440922,"date":"2025-10-05T14:33:12","date_gmt":"2025-10-05T14:33:12","guid":{"rendered":"https:\/\/www.europesays.com\/fr\/440922\/"},"modified":"2025-10-05T14:33:12","modified_gmt":"2025-10-05T14:33:12","slug":"le-ministre-de-la-defense-appelle-au-calme","status":"publish","type":"post","link":"https:\/\/www.europesays.com\/fr\/440922\/","title":{"rendered":"le ministre de la D\u00e9fense appelle au calme"},"content":{"rendered":"<p class=\"rev-margin-0 rev-text-xs-normal\">Des voyageurs transportent des matelas gonflables qui leur ont \u00e9t\u00e9 fournis pour dormir \u00e0 l&rsquo;a\u00e9roport international de Munich, apr\u00e8s que des rapports d&rsquo;observations de drones ont de nouveau forc\u00e9 l&rsquo;a\u00e9roport \u00e0 fermer, le 4 octobre 2025 dans le sud de&#8230;<\/p>\n<p class=\"rev-margin-0 rev-text-xs-bold\">PHOTO AFP \/ Michaela STACHE<\/p>\n<p>\u00ab\u00a0Bien s\u00fbr, je comprends l&rsquo;ins\u00e9curit\u00e9\u00a0\u00bb, a d\u00e9clar\u00e9 Boris Pistorius dans une interview dimanche au journal Handelsblatt, mais jusqu&rsquo;\u00e0 pr\u00e9sent, les drones observ\u00e9s \u00ab\u00a0n&rsquo;ont pas constitu\u00e9 une menace concr\u00e8te\u00a0\u00bb.<\/p>\n<p>\u00ab\u00a0Nous avons des moyens de r\u00e9agir\u00a0\u00bb, a ajout\u00e9 le ministre social-d\u00e9mocrate, \u00ab\u00a0m\u00eame si nous n&rsquo;avons pas encore toutes les capacit\u00e9s que nous souhaiterions pour les combattre\u00a0\u00bb.<\/p>\n<p>Le trafic a\u00e9rien a repris samedi \u00e0 l&rsquo;a\u00e9roport de Munich, qui signalait sur son site web dimanche encore quelques \u00ab\u00a0r\u00e9percussions\u00a0\u00bb mineures sur les vols.<\/p>\n<p>L&rsquo;a\u00e9roport avait suspendu son trafic vendredi pour la deuxi\u00e8me nuit cons\u00e9cutive \u00e0 la suite d&rsquo;une nouvelle alerte aux drones.<\/p>\n<p><img alt=\"L'a\u00e9roport international de Munich, apr\u00e8s que des rapports d'observations de drones ont de nouveau forc\u00e9 l'a\u00e9roport \u00e0 fermer, le 4 octobre 2025 dans le sud de l'Allemagne\" loading=\"lazy\" decoding=\"async\" data-nimg=\"fill\" class=\" TwicCore_img__i9TC1 undefined  undefined\" style=\"position:absolute;height:100%;width:100%;left:0;top:0;right:0;bottom:0;color:transparent;background-size:cover;background-position:50% 50%;background-repeat:no-repeat;background-image:url(&quot;data:image\/svg+xml;charset=utf-8,%3Csvg xmlns='http:\/\/www.w3.org\/2000\/svg' %3E%3Cfilter id='b' color-interpolation-filters='sRGB'%3E%3CfeGaussianBlur stdDeviation='20'\/%3E%3CfeColorMatrix values='1 0 0 0 0 0 1 0 0 0 0 0 1 0 0 0 0 0 100 -1' result='s'\/%3E%3CfeFlood x='0' y='0' width='100%25' height='100%25'\/%3E%3CfeComposite operator='out' in='s'\/%3E%3CfeComposite in2='SourceGraphic'\/%3E%3CfeGaussianBlur stdDeviation='20'\/%3E%3C\/filter%3E%3Cimage width='100%25' height='100%25' x='0' y='0' preserveAspectRatio='none' style='filter: url(%23b);' href='https:\/\/pictures.laprovence.com\/cdn-cgi\/image\/blur=250\/media\/afp\/95b28fe327e7cf1552660b6d73694e4e8873ddfd.jpg'\/%3E%3C\/svg%3E&quot;)\"   src=\"https:\/\/www.europesays.com\/fr\/wp-content\/uploads\/2025\/10\/95b28fe327e7cf1552660b6d73694e4e8873ddfd.jpg\"\/>L&rsquo;a\u00e9roport international de Munich, apr\u00e8s que des rapports d&rsquo;observations de drones ont de nouveau forc\u00e9 l&rsquo;a\u00e9roport \u00e0 fermer, le 4 octobre 2025 dans le sud de l&rsquo;Allemagne PHOTO AFP \/ Michaela STACHE<\/p>\n<p>L&rsquo;arm\u00e9e allemande a apport\u00e9 son aide \u00e0 la police sur place pour d\u00e9tecter les engins observ\u00e9s autour et au dessus du site.<\/p>\n<p>Mais leur origine n&rsquo;a pas pu \u00eatre \u00e9tablie.<\/p>\n<p>Ce type d&rsquo;incidents s&rsquo;est multipli\u00e9 en Europe r\u00e9cemment, les membres de l&rsquo;UE soup\u00e7onnant la Russie d&rsquo;\u00eatre \u00e0 l&rsquo;origine de ces survols de sites sensibles. <\/p>\n<p>Malgr\u00e9 son intervention \u00e0 Munich, \u00ab\u00a0la Bundeswehr ne peut pas \u00eatre pr\u00e9sente partout en Allemagne o\u00f9 apparaissent des drones pour les abattre\u00a0\u00bb, a averti le ministre.<\/p>\n<p>Il est \u00ab\u00a0beaucoup plus d\u00e9cisif\u00a0\u00bb, selon lui, de donner plus de comp\u00e9tences \u00e0 la police r\u00e9gionale et aux infrastructures critiques comme les centrales \u00e9lectriques et les a\u00e9roports pour \u00ab\u00a0agir [contre les drones], jusqu&rsquo;\u00e0 une certaine altitude\u00a0\u00bb.<\/p>\n<p><img alt=\"Le ministre allemand de la D\u00e9fense, Boris Pistorius, le 23 septembre 2025 \u00e0 Berlin\" loading=\"lazy\" decoding=\"async\" data-nimg=\"fill\" class=\" TwicCore_img__i9TC1 undefined  undefined\" style=\"position:absolute;height:100%;width:100%;left:0;top:0;right:0;bottom:0;color:transparent;background-size:cover;background-position:50% 50%;background-repeat:no-repeat;background-image:url(&quot;data:image\/svg+xml;charset=utf-8,%3Csvg xmlns='http:\/\/www.w3.org\/2000\/svg' %3E%3Cfilter id='b' color-interpolation-filters='sRGB'%3E%3CfeGaussianBlur stdDeviation='20'\/%3E%3CfeColorMatrix values='1 0 0 0 0 0 1 0 0 0 0 0 1 0 0 0 0 0 100 -1' result='s'\/%3E%3CfeFlood x='0' y='0' width='100%25' height='100%25'\/%3E%3CfeComposite operator='out' in='s'\/%3E%3CfeComposite in2='SourceGraphic'\/%3E%3CfeGaussianBlur stdDeviation='20'\/%3E%3C\/filter%3E%3Cimage width='100%25' height='100%25' x='0' y='0' preserveAspectRatio='none' style='filter: url(%23b);' href='https:\/\/pictures.laprovence.com\/cdn-cgi\/image\/blur=250\/media\/afp\/60ac285e101c1a3a5bda42d1ab4d792aa12a3ea3.jpg'\/%3E%3C\/svg%3E&quot;)\"   src=\"https:\/\/www.europesays.com\/fr\/wp-content\/uploads\/2025\/10\/60ac285e101c1a3a5bda42d1ab4d792aa12a3ea3.jpg\"\/>Le ministre allemand de la D\u00e9fense, Boris Pistorius, le 23 septembre 2025 \u00e0 Berlin PHOTO AFP \/ John MACDOUGALL<\/p>\n<p>M. Pistorius a \u00e9galement apport\u00e9 son soutien \u00e0 la r\u00e9vision des lois sur la s\u00e9curit\u00e9 a\u00e9rienne, qui d\u00e9marrera mercredi sous l&rsquo;impulsion du ministre de l&rsquo;Int\u00e9rieur Alexander Dobrindt.<\/p>\n<p>L&rsquo;objectif serait de permettre \u00e0 l&rsquo;arm\u00e9e allemande d&rsquo;abattre les drones. Jusqu&rsquo;\u00e0 pr\u00e9sent, seule la police en a le droit, uniquement en cas de menace grave.<\/p>\n<p>L&rsquo;Allemagne avait aussi annonc\u00e9 la cr\u00e9ation d&rsquo;un \u00ab\u00a0centre anti-drones\u00a0\u00bb fin septembre apr\u00e8s des cas de survol de sites sensibles dans le nord du pays.<\/p>\n","protected":false},"excerpt":{"rendered":"Des voyageurs transportent des matelas gonflables qui leur ont \u00e9t\u00e9 fournis pour dormir \u00e0 l&rsquo;a\u00e9roport international de Munich,&hellip;\n","protected":false},"author":2,"featured_media":440923,"comment_status":"","ping_status":"","sticky":false,"template":"","format":"standard","meta":{"footnotes":""},"categories":[1587],"tags":[17,11,672,18235,1804,47562,1805,554,1803,2024,1777,674,329,1801,3784,12,1802,56765],"class_list":{"0":"post-440922","1":"post","2":"type-post","3":"status-publish","4":"format-standard","5":"has-post-thumbnail","7":"category-allemagne","8":"tag-17","9":"tag-actualites","10":"tag-allemagne","11":"tag-appelle","12":"tag-bundesrepublik-deutschland","13":"tag-calme","14":"tag-de","15":"tag-defense","16":"tag-deutschland","17":"tag-drones","18":"tag-eu","19":"tag-europe","20":"tag-france-monde","21":"tag-germany","22":"tag-ministre","23":"tag-news","24":"tag-republique-federale-dallemagne","25":"tag-survols"},"share_on_mastodon":{"url":"https:\/\/pubeurope.com\/@fr\/115322054598272938","error":""},"_links":{"self":[{"href":"https:\/\/www.europesays.com\/fr\/wp-json\/wp\/v2\/posts\/440922","targetHints":{"allow":["GET"]}}],"collection":[{"href":"https:\/\/www.europesays.com\/fr\/wp-json\/wp\/v2\/posts"}],"about":[{"href":"https:\/\/www.europesays.com\/fr\/wp-json\/wp\/v2\/types\/post"}],"author":[{"embeddable":true,"href":"https:\/\/www.europesays.com\/fr\/wp-json\/wp\/v2\/users\/2"}],"replies":[{"embeddable":true,"href":"https:\/\/www.europesays.com\/fr\/wp-json\/wp\/v2\/comments?post=440922"}],"version-history":[{"count":0,"href":"https:\/\/www.europesays.com\/fr\/wp-json\/wp\/v2\/posts\/440922\/revisions"}],"wp:featuredmedia":[{"embeddable":true,"href":"https:\/\/www.europesays.com\/fr\/wp-json\/wp\/v2\/media\/440923"}],"wp:attachment":[{"href":"https:\/\/www.europesays.com\/fr\/wp-json\/wp\/v2\/media?parent=440922"}],"wp:term":[{"taxonomy":"category","embeddable":true,"href":"https:\/\/www.europesays.com\/fr\/wp-json\/wp\/v2\/categories?post=440922"},{"taxonomy":"post_tag","embeddable":true,"href":"https:\/\/www.europesays.com\/fr\/wp-json\/wp\/v2\/tags?post=440922"}],"curies":[{"name":"wp","href":"https:\/\/api.w.org\/{rel}","templated":true}]}}