{"id":440931,"date":"2025-10-05T14:38:21","date_gmt":"2025-10-05T14:38:21","guid":{"rendered":"https:\/\/www.europesays.com\/fr\/440931\/"},"modified":"2025-10-05T14:38:21","modified_gmt":"2025-10-05T14:38:21","slug":"en-france-sebastien-lecornu-tente-dunir-ses-allies-avant-de-devoiler-son-gouvernement","status":"publish","type":"post","link":"https:\/\/www.europesays.com\/fr\/440931\/","title":{"rendered":"En France, S\u00e9bastien Lecornu tente d\u2019unir ses alli\u00e9s avant de d\u00e9voiler son gouvernement"},"content":{"rendered":"<p>Au moment de mettre la derni\u00e8re main \u00e0 son gouvernement dimanche, le premier ministre fran\u00e7ais S\u00e9bastien Lecornu tente d\u2019apaiser des tensions croissantes au sein de la coalition susceptible de le soutenir, entre un camp pr\u00e9sidentiel contrari\u00e9 et des alli\u00e9s de droite qui entretiennent le suspense quant \u00e0 leur participation.<\/p>\n<p>Une derni\u00e8re \u00e9tape \u00e0 franchir pour le nouveau locataire de Matignon, avant son discours de politique g\u00e9n\u00e9rale mardi. \u00abTout en restant fid\u00e8le \u00e0 nos valeurs, et en prenant acte de nos diff\u00e9rences, nous avons d\u00e9cid\u00e9 d\u2019une feuille de route qui nous rassemble\u00bb. Dans une lettre transmise aux dirigeants du camp pr\u00e9sidentiel et des R\u00e9publicains (LR, droite) dans la nuit de samedi \u00e0 dimanche, le chef du gouvernement a plaid\u00e9 pour l\u2019union, esp\u00e9rant balayer les divergences qui traversent son camp.<\/p>\n<p>Lire aussi: <a href=\"https:\/\/www.letemps.ch\/articles\/en-france-le-premier-ministre-sebastien-lecornu-renonce-a-l-outil-du-49-3\" target=\"_blank\" rel=\"noopener\">En France, le premier ministre, S\u00e9bastien Lecornu, renonce \u00e0 l\u2019outil du 49.3 et propose une taxe sur le patrimoine financier<\/a>  <\/p>\n<p>Car avant de n\u00e9gocier sa survie politique avec l\u2019opposition parlementaire, Parti socialiste en t\u00eate, S\u00e9bastien Lecornu doit s\u2019assurer que ses alli\u00e9s le soutiennent.<\/p>\n<p>  <a class=\"glightbox\" href=\"https:\/\/www.letemps.ch\/placeholder.png\" data-type=\"image\" data-description=\"Michel Barnier, Laurent Wauquiez et Bruno Retailleau en septembre 2024. \u2014 \u00a9 JEFF PACHOUD \/ AFP\" data- target=\"_blank\" rel=\"noopener\"><\/p>\n<p>      <img decoding=\"async\" class=\"lazy\" title=\"Michel Barnier, Laurent Wauquiez et Bruno Retailleau en septembre 2024. \u2014 \u00a9 JEFF PACHOUD \/ AFP\" alt=\"Michel Barnier, Laurent Wauquiez et Bruno Retailleau en septembre 2024. \u2014 \u00a9 JEFF PACHOUD \/ AFP\" src=\"https:\/\/www.europesays.com\/fr\/wp-content\/uploads\/2025\/10\/large.jpeg\"\/><\/p>\n<p>  <\/a><br \/>\n  Michel Barnier, Laurent Wauquiez et Bruno Retailleau en septembre 2024. \u2014 \u00a9 JEFF PACHOUD \/ AFP<\/p>\n<p>Le patron des d\u00e9put\u00e9s LR Laurent Wauquiez a ainsi estim\u00e9 dimanche que \u00ables conditions (n\u2019\u00e9taient) pas r\u00e9unies\u00bb pour participer au gouvernement, ont indiqu\u00e9 \u00e0 l\u2019AFP des participants \u00e0 une r\u00e9union des parlementaires de la droite.<\/p>\n<p>\u00abJe respecterai la d\u00e9cision collective\u00bb, a cependant affirm\u00e9 Laurent Wauquiez, jugeant que la lettre d\u2019engagement du premier ministre r\u00e9pondait \u00e0 \u00abtr\u00e8s peu de nos demandes\u00bb, en particulier sur l\u2019immigration, la s\u00e9curit\u00e9 et le travail. \u00abParticiper, c\u2019est cautionner. Faire \u00e0 nouveau un ch\u00e8que en blanc, ce serait une erreur, par rapport \u00e0 nos convictions et ce qu\u2019on veut pour le pays\u00bb, a ajout\u00e9 le d\u00e9put\u00e9 de Haute-Loire, appelant son parti \u00e0 \u00abne pas revivre ce qu\u2019on a connu avec Fran\u00e7ois Bayrou\u00bb.<\/p>\n<p>A l\u2019inverse, Bruno Retailleau, ministre de l\u2019Int\u00e9rieur sortant, a plaid\u00e9 pour une participation, de peur que LR soit tenu comme \u00abresponsable du chaos\u00bb, ont indiqu\u00e9 ces sources, pr\u00e9cisant que le pr\u00e9sident du S\u00e9nat G\u00e9rard Larcher et l\u2019eurod\u00e9put\u00e9 Fran\u00e7ois-Xavier Bellamy soutenaient la d\u00e9marche du patron des R\u00e9publicains.<\/p>\n<p>Bruno Retailleau, qui a mis la pression au cours des derniers jours sur S\u00e9bastien Lecornu pour obtenir des concessions, a estim\u00e9 que le poids de son parti au Parlement allait \u00abpermettre de peser. C\u2019est une garantie\u00bb.<\/p>\n<p>Une majorit\u00e9 introuvable<\/p>\n<p>En place depuis le 9\u00a0septembre, S\u00e9bastien Lecornu a multipli\u00e9 les consultations afin de tenter de r\u00e9soudre l\u2019\u00e9quation d\u2019une majorit\u00e9 introuvable et d\u2019\u00e9chapper \u00e0 la censure d\u00e8s le prochain \u00e9cueil, le vote du budget 2026 \u00e0 l\u2019automne, comme cela avait \u00e9t\u00e9 le cas pour son pr\u00e9d\u00e9cesseur Fran\u00e7ois Bayrou. Mais il peine \u00e0 mettre un dernier coup de pinceau \u00e0 son \u00e9quipe gouvernementale.<\/p>\n<p>Et Emmanuel Macron, qui va devoir valider la liste, pourrait bien trouver le temps long: selon un interlocuteur r\u00e9gulier du pr\u00e9sident, celui-ci a demand\u00e9 \u00e0 son premier ministre de former son gouvernement avant la fin du week-end, avec une \u00e9quipe resserr\u00e9e autour de 25 ministres. La pr\u00e9sentation du futur ex\u00e9cutif pourrait toutefois n\u2019intervenir que lundi matin.<\/p>\n<p>Dans son courrier, le premier ministre \u00e9gr\u00e8ne tout de m\u00eame les grands axes de la politique qu\u2019il entend mener, \u00e9rigeant le soutien du socle commun comme un \u00abpr\u00e9alable indispensable\u00bb. S\u00e9bastien Lecornu plaide pour porter l\u2019effort budg\u00e9taire \u00abessentiellement sur la r\u00e9duction de la d\u00e9pense publique\u00bb, et appelle \u00e0 r\u00e9pondre \u00ab\u00e0 la demande de justice fiscale exprim\u00e9e par nos concitoyens\u00bb.<\/p>\n<p>Notre \u00e9ditorial: <a href=\"https:\/\/www.letemps.ch\/articles\/le-beau-mais-tres-risque-pari-de-sebastien-lecornu\" target=\"_blank\" rel=\"noopener\">Le beau (mais tr\u00e8s risqu\u00e9) pari de S\u00e9bastien Lecornu<\/a>  <\/p>\n<p>Il promet un projet de loi de lutte contre la fraude fiscale et sociale, pour d\u00e9gager 2,3\u00a0milliards d\u2019euros de recettes suppl\u00e9mentaires.<\/p>\n<p>En parall\u00e8le, la France insoumise (LFI, gauche radicale) promet d\u00e9j\u00e0 une motion de censure dans la semaine. Comme les Ecologistes de Marine Tondelier, qui a r\u00e9p\u00e9t\u00e9 dimanche ne pas voir \u00abd\u2019autre chemin que la censure\u00bb et envisage de d\u00e9poser un texte \u00abunitaire\u00bb pour tenter de renverser S\u00e9bastien Lecornu.<\/p>\n","protected":false},"excerpt":{"rendered":"Au moment de mettre la derni\u00e8re main \u00e0 son gouvernement dimanche, le premier ministre fran\u00e7ais S\u00e9bastien Lecornu tente&hellip;\n","protected":false},"author":2,"featured_media":440932,"comment_status":"","ping_status":"","sticky":false,"template":"","format":"standard","meta":{"footnotes":""},"categories":[4],"tags":[11,1011,27,4438,12,25],"class_list":{"0":"post-440931","1":"post","2":"type-post","3":"status-publish","4":"format-standard","5":"has-post-thumbnail","7":"category-france","8":"tag-actualites","9":"tag-fr","10":"tag-france","11":"tag-free","12":"tag-news","13":"tag-republique-francaise"},"share_on_mastodon":{"url":"https:\/\/pubeurope.com\/@fr\/115322074614821540","error":""},"_links":{"self":[{"href":"https:\/\/www.europesays.com\/fr\/wp-json\/wp\/v2\/posts\/440931","targetHints":{"allow":["GET"]}}],"collection":[{"href":"https:\/\/www.europesays.com\/fr\/wp-json\/wp\/v2\/posts"}],"about":[{"href":"https:\/\/www.europesays.com\/fr\/wp-json\/wp\/v2\/types\/post"}],"author":[{"embeddable":true,"href":"https:\/\/www.europesays.com\/fr\/wp-json\/wp\/v2\/users\/2"}],"replies":[{"embeddable":true,"href":"https:\/\/www.europesays.com\/fr\/wp-json\/wp\/v2\/comments?post=440931"}],"version-history":[{"count":0,"href":"https:\/\/www.europesays.com\/fr\/wp-json\/wp\/v2\/posts\/440931\/revisions"}],"wp:featuredmedia":[{"embeddable":true,"href":"https:\/\/www.europesays.com\/fr\/wp-json\/wp\/v2\/media\/440932"}],"wp:attachment":[{"href":"https:\/\/www.europesays.com\/fr\/wp-json\/wp\/v2\/media?parent=440931"}],"wp:term":[{"taxonomy":"category","embeddable":true,"href":"https:\/\/www.europesays.com\/fr\/wp-json\/wp\/v2\/categories?post=440931"},{"taxonomy":"post_tag","embeddable":true,"href":"https:\/\/www.europesays.com\/fr\/wp-json\/wp\/v2\/tags?post=440931"}],"curies":[{"name":"wp","href":"https:\/\/api.w.org\/{rel}","templated":true}]}}