{"id":440937,"date":"2025-10-05T14:45:17","date_gmt":"2025-10-05T14:45:17","guid":{"rendered":"https:\/\/www.europesays.com\/fr\/440937\/"},"modified":"2025-10-05T14:45:17","modified_gmt":"2025-10-05T14:45:17","slug":"formule-1-le-zero-pointe-fabuleux-des-francais-a-singapour","status":"publish","type":"post","link":"https:\/\/www.europesays.com\/fr\/440937\/","title":{"rendered":"Formule 1 | Le z\u00e9ro point\u00e9 fabuleux des Fran\u00e7ais \u00e0 Singapour"},"content":{"rendered":"<p><strong>Alors que le Grand Prix de Singapour en Formule 1 est r\u00e9put\u00e9 pour \u00eatre tr\u00e8s pauvre en d\u00e9passements, cela n\u2019a pas emp\u00each\u00e9 nos Fran\u00e7ais de nous offrir un divertissement de grande qualit\u00e9.<\/strong><\/p>\n<p>La France a de beaux jours devant elle en Formule 1<\/p>\n<p>Le week-end de Formule 1 avait id\u00e9alement d\u00e9but\u00e9 \u00e0 Singapour, avec une derni\u00e8re ligne privatis\u00e9e par nos Fran\u00e7ais en qualifications. En effet, Pierre Gasly rencontre un probl\u00e8me d\u2019huile dans son dernier tour de Q1, et provoque un drapeau jaune qui handicape directement la tentative d\u2019Esteban Ocon. Pour qui le premier essai avait \u00e9galement tourn\u00e9 au vinaigre \u00e0 cause d\u2019un probl\u00e8me de ceinture. Bref, du haut niveau pour nos Normands.<\/p>\n<blockquote class=\"twitter-tweet\">\n<p dir=\"ltr\" lang=\"fr\">Probl\u00e8me technique pour Pierre Gasly en fin de Q1 \ud83d\ude23<\/p>\n<p>Bortoleto, Stroll, Colapinto et Ocon ne passent pas non plus en Q2 \u274c <a href=\"https:\/\/twitter.com\/hashtag\/SingaporeGP?src=hash&amp;ref_src=twsrc%5Etfw\" target=\"_blank\" rel=\"noopener\">#SingaporeGP<\/a> <a href=\"https:\/\/twitter.com\/hashtag\/F1?src=hash&amp;ref_src=twsrc%5Etfw\" target=\"_blank\" rel=\"noopener\">#F1<\/a> <a href=\"https:\/\/t.co\/Cy44Y2q1Cs\">pic.twitter.com\/Cy44Y2q1Cs<\/a><\/p>\n<p>\u2014 CANAL+ F1\u00ae (@CanalplusF1) <a href=\"https:\/\/twitter.com\/CanalplusF1\/status\/1974465338516689208?ref_src=twsrc%5Etfw\" target=\"_blank\" rel=\"noopener\">October 4, 2025<\/a><\/p>\n<\/blockquote>\n<p>Arrive alors la course, et ni Pierre Gasly, parti depuis la voie des stands, ni Esteban Ocon, englu\u00e9 dans le trafic, ne parviennent \u00e0 se rapprocher de la zone des points. <a href=\"https:\/\/fflose.com\/formule-1-isack-hadjar-toujours-se-plaindre-de-la-voiture-cest-la-regle-n1\/\" target=\"_blank\" rel=\"noopener\">Seul Isack Hadjar<\/a>, comme trop souvent cette saison, est pr\u00e9sent dans le top 10. Mais alors que le Fran\u00e7ais b\u00e9n\u00e9ficie d\u2019un arr\u00eat de 9 secondes de Fernando Alonso, son ing\u00e9nieur le pr\u00e9vient qu\u2019il perdra trois \u00e0 quatre dixi\u00e8mes de seconde par tour \u00e0 cause d\u2019un probl\u00e8me moteur. La guigne \u00e0 l\u2019\u00e9tat pur.<\/p>\n<blockquote class=\"twitter-tweet\">\n<p dir=\"ltr\" lang=\"fr\">TOUR 27\/62<\/p>\n<p>Aie aie aie probl\u00e8me moteur pour Isack Hadjar avec 3 \u00e0 4 dixi\u00e8mes de perte par tour\u2026<a href=\"https:\/\/twitter.com\/hashtag\/F1?src=hash&amp;ref_src=twsrc%5Etfw\" target=\"_blank\" rel=\"noopener\">#F1<\/a> <a href=\"https:\/\/twitter.com\/hashtag\/SingaporeGP?src=hash&amp;ref_src=twsrc%5Etfw\" target=\"_blank\" rel=\"noopener\">#SingaporeGP<\/a> <a href=\"https:\/\/t.co\/q40apyMDKe\">pic.twitter.com\/q40apyMDKe<\/a><\/p>\n<p>\u2014 Tear Off (@TearOffFR) <a href=\"https:\/\/twitter.com\/TearOffFR\/status\/1974819018453483645?ref_src=twsrc%5Etfw\" target=\"_blank\" rel=\"noopener\">October 5, 2025<\/a><\/p>\n<\/blockquote>\n<p>Parlons-en de l\u2019Espagnol, qui n\u2019a pas sembl\u00e9 appr\u00e9cier outre mesure l\u2019arr\u00eat prolong\u00e9 dans la voie des stands, lui ayant fait perdre deux positions. Alors que son ing\u00e9nieur de course lui indique qu\u2019il reste encore 34 tours \u00e0 boucler, le double champion du monde d\u00e9montre que son \u00e2ge lui a apport\u00e9 de la sagesse.<\/p>\n<blockquote class=\"twitter-tweet\">\n<p dir=\"ltr\" lang=\"fr\">\ud83d\udcfb Alonso : \u00ab\u00a0Si tu me parles \u00e0 chaque tour, je vais d\u00e9connecter la radio.\u00a0\u00bb<\/p>\n<p>\ud83d\ude2d\ud83d\ude2d\ud83d\ude2d<a href=\"https:\/\/twitter.com\/hashtag\/SingaporeGP?src=hash&amp;ref_src=twsrc%5Etfw\" target=\"_blank\" rel=\"noopener\">#SingaporeGP<\/a> <a href=\"https:\/\/twitter.com\/hashtag\/F1?src=hash&amp;ref_src=twsrc%5Etfw\" target=\"_blank\" rel=\"noopener\">#F1<\/a> <a href=\"https:\/\/t.co\/ygSlfEJjtE\">pic.twitter.com\/ygSlfEJjtE<\/a><\/p>\n<p>\u2014 CANAL+ F1\u00ae (@CanalplusF1) <a href=\"https:\/\/twitter.com\/CanalplusF1\/status\/1974820344914428308?ref_src=twsrc%5Etfw\" target=\"_blank\" rel=\"noopener\">October 5, 2025<\/a><\/p>\n<\/blockquote>\n<p>Tandis qu\u2019il ne reste plus que trois tours \u00e0 boucler, Isack Hadjar pense qu\u2019il a fait le plus dur en contenant la menace Tsunoda pour pr\u00e9server le point de la dixi\u00e8me place. Mais c\u2019\u00e9tait sans compter sur Carlos Sainz, chauss\u00e9 de pneus tendres tous frais, qui le d\u00e9pose \u00e0 quelques kilom\u00e8tres seulement de l\u2019arriv\u00e9e. Hadjar termine \u00e0 la 11e place, \u00e0 la porte des points, et offre un z\u00e9ro point\u00e9 fabuleux \u00e0 la France. Bien aid\u00e9, il est vrai, par Ocon (18e) et Gasly (19e). Comme un dimanche.<\/p>\n<blockquote class=\"twitter-tweet\">\n<p dir=\"ltr\" lang=\"fr\">RUSSELL S\u2019IMPOSE \u00c0 SINGAPOUR ! \ud83c\uddf8\ud83c\uddec<\/p>\n<p>Derri\u00e8re, Verstappen devance les deux McLaren \ud83d\udc40<\/p>\n<p>McLaren valide aujourd\u2019hui son 10e titre constructeurs \ud83c\udfc6\ud83d\udc4f <a href=\"https:\/\/twitter.com\/hashtag\/SingaporeGP?src=hash&amp;ref_src=twsrc%5Etfw\" target=\"_blank\" rel=\"noopener\">#SingaporeGP<\/a> <a href=\"https:\/\/twitter.com\/hashtag\/F1?src=hash&amp;ref_src=twsrc%5Etfw\" target=\"_blank\" rel=\"noopener\">#F1<\/a> <a href=\"https:\/\/t.co\/Jz9lYutPZp\">pic.twitter.com\/Jz9lYutPZp<\/a><\/p>\n<p>\u2014 CANAL+ F1\u00ae (@CanalplusF1) <a href=\"https:\/\/twitter.com\/CanalplusF1\/status\/1974834164772774128?ref_src=twsrc%5Etfw\" target=\"_blank\" rel=\"noopener\">October 5, 2025<\/a><\/p>\n<\/blockquote>\n<p>                         <a href=\"https:\/\/fflose.com\/author\/tomgaleron\/\" class=\"url\" title=\"Tom\" target=\"_blank\" rel=\"noopener\"> <img loading=\"lazy\" decoding=\"async\" alt=\"Tom\" src=\"https:\/\/www.europesays.com\/fr\/wp-content\/uploads\/2025\/10\/1759675517_734_fa539669b9b6c266044bdafc0534c1c7e71784259f6e9e9e6fab2d5d73302c49\"  class=\"avatar avatar-250 photo\" height=\"250\" width=\"250\"\/><\/a> <\/p>\n<p>Natif de Marseille, autant vous dire qu&rsquo;il est pr\u00e9f\u00e9rable de ne pas me parler de football en ce moment. Merci pour votre compr\u00e9hension.<\/p>\n<p> <a href=\"https:\/\/fflose.com\/author\/tomgaleron\/\" class=\"url\" title=\"Tom\" target=\"_blank\" rel=\"noopener\"><img loading=\"lazy\" decoding=\"async\" alt=\"Tom\" src=\"https:\/\/www.europesays.com\/fr\/wp-content\/uploads\/2025\/10\/1759675517_734_fa539669b9b6c266044bdafc0534c1c7e71784259f6e9e9e6fab2d5d73302c49\"  class=\"avatar avatar-250 photo\" height=\"250\" width=\"250\"\/><\/a>  <\/p>\n<p><script async src=\"https:\/\/platform.twitter.com\/widgets.js\" charset=\"utf-8\"><\/script><\/p>\n","protected":false},"excerpt":{"rendered":"Alors que le Grand Prix de Singapour en Formule 1 est r\u00e9put\u00e9 pour \u00eatre tr\u00e8s pauvre en d\u00e9passements,&hellip;\n","protected":false},"author":2,"featured_media":440938,"comment_status":"","ping_status":"","sticky":false,"template":"","format":"standard","meta":{"footnotes":""},"categories":[1412],"tags":[1451,1452,1453,1454,1455,1011,27,60],"class_list":{"0":"post-440937","1":"post","2":"type-post","3":"status-publish","4":"format-standard","5":"has-post-thumbnail","7":"category-f1","8":"tag-f1","9":"tag-formula-1","10":"tag-formula1","11":"tag-formule-1","12":"tag-formule1","13":"tag-fr","14":"tag-france","15":"tag-sports"},"share_on_mastodon":{"url":"https:\/\/pubeurope.com\/@fr\/115322101857656143","error":""},"_links":{"self":[{"href":"https:\/\/www.europesays.com\/fr\/wp-json\/wp\/v2\/posts\/440937","targetHints":{"allow":["GET"]}}],"collection":[{"href":"https:\/\/www.europesays.com\/fr\/wp-json\/wp\/v2\/posts"}],"about":[{"href":"https:\/\/www.europesays.com\/fr\/wp-json\/wp\/v2\/types\/post"}],"author":[{"embeddable":true,"href":"https:\/\/www.europesays.com\/fr\/wp-json\/wp\/v2\/users\/2"}],"replies":[{"embeddable":true,"href":"https:\/\/www.europesays.com\/fr\/wp-json\/wp\/v2\/comments?post=440937"}],"version-history":[{"count":0,"href":"https:\/\/www.europesays.com\/fr\/wp-json\/wp\/v2\/posts\/440937\/revisions"}],"wp:featuredmedia":[{"embeddable":true,"href":"https:\/\/www.europesays.com\/fr\/wp-json\/wp\/v2\/media\/440938"}],"wp:attachment":[{"href":"https:\/\/www.europesays.com\/fr\/wp-json\/wp\/v2\/media?parent=440937"}],"wp:term":[{"taxonomy":"category","embeddable":true,"href":"https:\/\/www.europesays.com\/fr\/wp-json\/wp\/v2\/categories?post=440937"},{"taxonomy":"post_tag","embeddable":true,"href":"https:\/\/www.europesays.com\/fr\/wp-json\/wp\/v2\/tags?post=440937"}],"curies":[{"name":"wp","href":"https:\/\/api.w.org\/{rel}","templated":true}]}}