{"id":440939,"date":"2025-10-05T14:46:24","date_gmt":"2025-10-05T14:46:24","guid":{"rendered":"https:\/\/www.europesays.com\/fr\/440939\/"},"modified":"2025-10-05T14:46:24","modified_gmt":"2025-10-05T14:46:24","slug":"cyclisme-transfert-visma-lease-a-bike-recrute-un-britannique-def-education-easy-post","status":"publish","type":"post","link":"https:\/\/www.europesays.com\/fr\/440939\/","title":{"rendered":"Cyclisme. Transfert &#8211; Visma | Lease a Bike recrute un britannique d&rsquo;EF Education-Easy Post"},"content":{"rendered":"<p>Une huiti\u00e8me recrue pour l&rsquo;\u00e9quipe <strong><a href=\"https:\/\/www.teamvismaleaseabike.com\/news\/news\/team-visma-lease-a-bike-adds-experience-to-classics-squad-and-sprint-train-with-doull\/\" target=\"_blank\" rel=\"noopener\">Visma | Lease a Bike<\/a><\/strong> dans ce mercato 2025\/2026&#8230; et elle est britannique ! Apr\u00e8s <strong><a href=\"https:\/\/www.cyclismactu.net\/..\/news-transfert-route-bruno-armirail-va-rouler-chez-visma-lease-a-bike-en-2026-90034.html\" target=\"_blank\" rel=\"noopener\">Bruno Armirail<\/a><\/strong> et <strong>Timo Kielich<\/strong>, la formation n\u00e9erlandaise s&rsquo;est offert un autre habitu\u00e9 du WorldTour, \u00e0 savoir le Britannique\u00a0<strong>Owain Doull<\/strong>, qui arrive en provennace d&rsquo;<strong>EF Education-EasyPost<\/strong> avec un contrat de deux ans \u00e0 la cl\u00e9. A 32 ans, ce coureur\u00a0polyvalent, exp\u00e9riment\u00e9 et assez discret a pass\u00e9 quatre ans au sein de l&rsquo;\u00e9curie am\u00e9ricaine, apr\u00e8s avoir d&rsquo;abord port\u00e9 pendant ses cinq premi\u00e8res ann\u00e9es chez les pros le maillot de la <strong>Sky\/INEOS<\/strong>. Champion olympique de poursuite par \u00e9quipes en 2016 \u00e0 Rio avec la Grande-Bretagne, il s&rsquo;est ensuite consacr\u00e9 \u00e0 la route, et s&rsquo;il compte deux victoires en carri\u00e8re (sa derni\u00e8re remontant au Tour de la Provence 2020), il s&rsquo;est surtout illustr\u00e9 en tant que coureur de soutien sur les classiques, la pr\u00e9paration des sprints et les Grands Tours. C&rsquo;est avec ce statut qu&rsquo;<strong>Owain Doull <\/strong>d\u00e9barque chez les \u00ab\u00a0Abeilles\u00a0\u00bb, afin notamment d&rsquo;int\u00e9grer le train de son compatriote <strong>Matthew Brennan<\/strong>.\u00a0<\/p>\n<p>Vid\u00e9o &#8211; Doull \u00e9paulera Matthew Brennan dans les sprints en 2026 Lire la suite de l&rsquo;article&#13;<\/p>\n<p>\u00a0<\/p>\n<p>&#13;<br \/>\n\u00ab\u00a0J&rsquo;ai h\u00e2te d&rsquo;\u00e9pauler Matthew Brennan\u00a0\u00bb&#13;<\/p>\n<p>\u00ab\u00a0Je suis tr\u00e8s enthousiaste \u00e0 l&rsquo;id\u00e9e de cette opportunit\u00e9 qui m&rsquo;est offerte au sein de l&rsquo;une des meilleures \u00e9quipes du monde\u00a0\u00bb, a d\u00e9clar\u00e9 <strong>Doull<\/strong> \u00e0 propos de son transfert. \u00ab\u00a0Je suis d\u00e9j\u00e0 tr\u00e8s motiv\u00e9 \u00e0 l&rsquo;id\u00e9e de la saison prochaine. J&rsquo;ai h\u00e2te d&rsquo;\u00e9pauler Matthew Brennan sur les sprints plats, de participer \u00e0 son train et aux classiques. Parall\u00e8lement, je veux aussi d\u00e9couvrir ma marge de progression. Physiquement, je continue de progresser, m\u00eame apr\u00e8s neuf ans pass\u00e9s sur le WorldTour. La saison derni\u00e8re a \u00e9t\u00e9 ma meilleure jusqu&rsquo;\u00e0 pr\u00e9sent, et je compte bien franchir un nouveau cap avec cette \u00e9quipe.\u00a0\u00bb<\/p>\n<p>&#13;<\/p>\n<p>Le directeur des courses, <strong>Grischa Niermann<\/strong>, est tout aussi confiant quant \u00e0 l&rsquo;arriv\u00e9e de <strong>Doull<\/strong>. \u00ab\u00a0Fort de son exp\u00e9rience au plus haut niveau, il renforcera consid\u00e9rablement notre \u00e9quipe. Owain a montr\u00e9 l&rsquo;an dernier qu&rsquo;il pouvait encore \u00eatre comp\u00e9titif sur les classiques de printemps. Nous esp\u00e9rons \u00e9galement qu&rsquo;il continuera \u00e0 progresser physiquement au sein de notre \u00e9quipe. Mais son r\u00f4le le plus important sera d&rsquo;accompagner nos jeunes talents sur les classiques et les sprints.\u00a0\u00bb<\/p>\n","protected":false},"excerpt":{"rendered":"Une huiti\u00e8me recrue pour l&rsquo;\u00e9quipe Visma | Lease a Bike dans ce mercato 2025\/2026&#8230; et elle est britannique&hellip;\n","protected":false},"author":2,"featured_media":440940,"comment_status":"","ping_status":"","sticky":false,"template":"","format":"standard","meta":{"footnotes":""},"categories":[1411],"tags":[1154,207,211,1011,27,209,60,210,969,212,208,213],"class_list":{"0":"post-440939","1":"post","2":"type-post","3":"status-publish","4":"format-standard","5":"has-post-thumbnail","7":"category-cyclisme","8":"tag-cycling","9":"tag-cyclisme","10":"tag-ffc","11":"tag-fr","12":"tag-france","13":"tag-route","14":"tag-sports","15":"tag-tour-de-france","16":"tag-transfert","17":"tag-uci","18":"tag-velo","19":"tag-world-tour"},"share_on_mastodon":{"url":"https:\/\/pubeurope.com\/@fr\/115322105652647695","error":""},"_links":{"self":[{"href":"https:\/\/www.europesays.com\/fr\/wp-json\/wp\/v2\/posts\/440939","targetHints":{"allow":["GET"]}}],"collection":[{"href":"https:\/\/www.europesays.com\/fr\/wp-json\/wp\/v2\/posts"}],"about":[{"href":"https:\/\/www.europesays.com\/fr\/wp-json\/wp\/v2\/types\/post"}],"author":[{"embeddable":true,"href":"https:\/\/www.europesays.com\/fr\/wp-json\/wp\/v2\/users\/2"}],"replies":[{"embeddable":true,"href":"https:\/\/www.europesays.com\/fr\/wp-json\/wp\/v2\/comments?post=440939"}],"version-history":[{"count":0,"href":"https:\/\/www.europesays.com\/fr\/wp-json\/wp\/v2\/posts\/440939\/revisions"}],"wp:featuredmedia":[{"embeddable":true,"href":"https:\/\/www.europesays.com\/fr\/wp-json\/wp\/v2\/media\/440940"}],"wp:attachment":[{"href":"https:\/\/www.europesays.com\/fr\/wp-json\/wp\/v2\/media?parent=440939"}],"wp:term":[{"taxonomy":"category","embeddable":true,"href":"https:\/\/www.europesays.com\/fr\/wp-json\/wp\/v2\/categories?post=440939"},{"taxonomy":"post_tag","embeddable":true,"href":"https:\/\/www.europesays.com\/fr\/wp-json\/wp\/v2\/tags?post=440939"}],"curies":[{"name":"wp","href":"https:\/\/api.w.org\/{rel}","templated":true}]}}