{"id":440942,"date":"2025-10-05T14:48:24","date_gmt":"2025-10-05T14:48:24","guid":{"rendered":"https:\/\/www.europesays.com\/fr\/440942\/"},"modified":"2025-10-05T14:48:24","modified_gmt":"2025-10-05T14:48:24","slug":"et-si-armand-duplantis-et-desire-inglander-etaient-le-plus-beau-couple-de-la-fashion-week-de-paris","status":"publish","type":"post","link":"https:\/\/www.europesays.com\/fr\/440942\/","title":{"rendered":"Et si Armand Duplantis et Desir\u00e9 Inglander \u00e9taient le plus beau couple de la Fashion Week de Paris ?"},"content":{"rendered":"<p class=\"mb-4 text-lg md:leading-8 break-words\">\u00c0 la Fashion Week de Paris, il y a les stars qui d\u00e9filent comme Kendall Jenner, Eva Longoria ou Helen Mirren et\u2026 les stars qui assistent aux shows comme Madonna et Carla Bruni-Sarkozy pour Saint Laurent, Mondo Duplantis et\u00a0Desir\u00e9 Inglander pour L\u2019Or\u00e9al Paris. Le couple le plus glamour de l\u2019athl\u00e9tisme mondial est dans la Ville Lumi\u00e8re pour assister aux diff\u00e9rents d\u00e9fil\u00e9s et pr\u00e9sentations des collections du Pr\u00eat-\u00e0-Porter printemps \u00e9t\u00e9 2026.<\/p>\n<p class=\"mb-4 text-lg md:leading-8 break-words\">Leur amour avait \u00e9clat\u00e9 au grand jour le 5\u00a0ao\u00fbt 2024, lors des Jeux olympiques de Paris. Ce soir-l\u00e0, <a href=\"https:\/\/www.parismatch.com\/actu\/sport\/paris-2024-armand-duplantis-toujours-plus-haut-240382\" rel=\"nofollow noopener\" target=\"_blank\" data-ylk=\"slk:Mondo Duplantis avait remport\u00e9 le concours du saut \u00e0 la perche;elm:context_link;itc:0;sec:content-canvas\" class=\"link \">Mondo Duplantis avait remport\u00e9 le concours du saut \u00e0 la perche<\/a>, d\u00e9croch\u00e9 une m\u00e9daille d\u2019or et, au passage, \u00e9tabli un nouveau record du monde. Une soir\u00e9e historique \u00e0 laquelle sa petite amie Desir\u00e9 avait bien s\u00fbr assist\u00e9, au premier rang. Depuis quatre ans, Desir\u00e9 Inglander partage la vie de Mondo Duplantis. La jolie blonde l\u2019accompagne r\u00e9guli\u00e8rement dans ses rendez-vous sportifs aux quatre coins du monde. Des escapades durant lesquelles les amoureux partagent photos et vid\u00e9os sur leurs r\u00e9seaux sociaux, notamment sur leur cha\u00eene Youtube \u00ab\u00a0Mondo &amp; Desir\u00e9\u00a0\u00bb.<\/p>\n<p>Un premier rencard laborieux\u2026<\/p>\n<p class=\"mb-4 text-lg md:leading-8 break-words\">Dans une vid\u00e9o partag\u00e9e en d\u00e9cembre\u00a02021, Mondo Duplantis avait racont\u00e9 sa rencontre avec sa ch\u00e8re et tendre. Le sportif s\u2019est souvenu \u00eatre tomb\u00e9 sur le compte Instagram de D\u00e9sir\u00e9 et avoir \u00e9t\u00e9 s\u00e9duit au point de lui envoyer un message sur le r\u00e9seau social. Mais il lui a fallu attendre quelques mois pour retrouver la jolie blonde \u00e0 une soir\u00e9e d\u2019\u00e9t\u00e9 en Su\u00e8de&#8230;<\/p>\n<p class=\"mb-4 text-lg md:leading-8 break-words\"><a href=\"https:\/\/www.parismatch.com\/People\/et-si-armand-duplantis-et-desire-inglander-etaient-le-plus-beau-couple-de-la-fashion-week-de-paris-257829?at_medium=affiliate&amp;at_campaign=Yahoo\" rel=\"nofollow noopener\" target=\"_blank\" data-ylk=\"slk:Lire la suite sur ParisMatch;elm:context_link;itc:0;sec:content-canvas\" class=\"link \">Lire la suite sur ParisMatch<\/a><\/p>\n","protected":false},"excerpt":{"rendered":"\u00c0 la Fashion Week de Paris, il y a les stars qui d\u00e9filent comme Kendall Jenner, Eva Longoria&hellip;\n","protected":false},"author":2,"featured_media":440943,"comment_status":"","ping_status":"","sticky":false,"template":"","format":"standard","meta":{"footnotes":""},"categories":[1359],"tags":[58,59,6724,1011,27,3756,21405,5522,56767,973],"class_list":{"0":"post-440942","1":"post","2":"type-post","3":"status-publish","4":"format-standard","5":"has-post-thumbnail","7":"category-people","8":"tag-divertissement","9":"tag-entertainment","10":"tag-eva-longoria","11":"tag-fr","12":"tag-france","13":"tag-helen-mirren","14":"tag-jeux-olympiques-de-paris","15":"tag-kendall-jenner","16":"tag-mondo-duplantis","17":"tag-people"},"share_on_mastodon":{"url":"https:\/\/pubeurope.com\/@fr\/115322113395953428","error":""},"_links":{"self":[{"href":"https:\/\/www.europesays.com\/fr\/wp-json\/wp\/v2\/posts\/440942","targetHints":{"allow":["GET"]}}],"collection":[{"href":"https:\/\/www.europesays.com\/fr\/wp-json\/wp\/v2\/posts"}],"about":[{"href":"https:\/\/www.europesays.com\/fr\/wp-json\/wp\/v2\/types\/post"}],"author":[{"embeddable":true,"href":"https:\/\/www.europesays.com\/fr\/wp-json\/wp\/v2\/users\/2"}],"replies":[{"embeddable":true,"href":"https:\/\/www.europesays.com\/fr\/wp-json\/wp\/v2\/comments?post=440942"}],"version-history":[{"count":0,"href":"https:\/\/www.europesays.com\/fr\/wp-json\/wp\/v2\/posts\/440942\/revisions"}],"wp:featuredmedia":[{"embeddable":true,"href":"https:\/\/www.europesays.com\/fr\/wp-json\/wp\/v2\/media\/440943"}],"wp:attachment":[{"href":"https:\/\/www.europesays.com\/fr\/wp-json\/wp\/v2\/media?parent=440942"}],"wp:term":[{"taxonomy":"category","embeddable":true,"href":"https:\/\/www.europesays.com\/fr\/wp-json\/wp\/v2\/categories?post=440942"},{"taxonomy":"post_tag","embeddable":true,"href":"https:\/\/www.europesays.com\/fr\/wp-json\/wp\/v2\/tags?post=440942"}],"curies":[{"name":"wp","href":"https:\/\/api.w.org\/{rel}","templated":true}]}}