{"id":440946,"date":"2025-10-05T14:51:46","date_gmt":"2025-10-05T14:51:46","guid":{"rendered":"https:\/\/www.europesays.com\/fr\/440946\/"},"modified":"2025-10-05T14:51:46","modified_gmt":"2025-10-05T14:51:46","slug":"jean-louis-degoute-par-une-habitude-de-sa-pretendante","status":"publish","type":"post","link":"https:\/\/www.europesays.com\/fr\/440946\/","title":{"rendered":"Jean-Louis d\u00e9go\u00fbt\u00e9 par une habitude de sa pr\u00e9tendante"},"content":{"rendered":"<p>Les fid\u00e8les de L\u2019amour est dans le pr\u00e9 le savent bien : la vie \u00e0<br \/>\nla ferme r\u00e9serve son lot de surprises, de coups de c\u0153ur\u2026 mais aussi<br \/>\n<strong>de petits malaises.<\/strong> Et l\u2019\u00e9leveur Jean-Louis,<br \/>\ncandidat de cette 20\u1d49 saison, vient d\u2019en faire l\u2019exp\u00e9rience. Nous<br \/>\nne parlons pas de <a href=\"https:\/\/www.melty.fr\/tele\/lamour-est-dans-le-pre-jean-louis-mal-a-laise-face-a-sylvie-trop-collante-il-ne-faut-pas-bruler-les-etapes-2264919.html\" target=\"_blank\" rel=\"noopener\"><br \/>\nJean-Louis qui trouve Sylvie un peu trop entreprenante<\/a>,<br \/>\nmais\u00a0du Jean-Louis avec ses deux Sophie. Alors qu\u2019il avait eu<br \/>\nun v\u00e9ritable coup de foudre lors des speed-datings, la d\u00e9couverte<br \/>\nd\u2019une habitude bien particuli\u00e8re chez l\u2019une de ses pr\u00e9tendantes est<br \/>\n<strong>venue jeter un froid.<\/strong> D\u00e8s les premi\u00e8res<br \/>\nrencontres, Jean-Louis avait craqu\u00e9 pour Sophie, la brune. Leur<br \/>\ncomplicit\u00e9 n\u2019avait pas \u00e9chapp\u00e9 \u00e0 Karine Le Marchand qui s\u2019\u00e9tait<br \/>\nr\u00e9jouie de voir Cupidon frapper si fort. <strong>\u00ab On change de<br \/>\ndimension.<\/strong> C\u2019est clair qu\u2019elle va venir \u00e0 la maison !<br \/>\n\u00bb, s\u2019\u00e9tait m\u00eame exclam\u00e9 Jean-Louis apr\u00e8s leur rendez-vous.<\/p>\n<p>L\u2019amour est dans le pr\u00e9 : Jean-Louis tombe de haut en<br \/>\nd\u00e9couvrant le secret de sa pr\u00e9tendante<\/p>\n<p>Mais si la belle brune semblait promise \u00e0 un avenir radieux \u00e0 la<br \/>\nferme, l\u2019arriv\u00e9e sur le terrain a quelque peu chang\u00e9 la donne. Face<br \/>\n\u00e0 elle, sa rivale, l\u2019autre Sophie \u2013 blonde, originaire du Sud \u2013 ne<br \/>\ncompte pas se laisser faire et affiche un temp\u00e9rament bien affirm\u00e9.<br \/>\nDans l\u2019\u00e9pisode diffus\u00e9 lundi 29 septembre 2025 (d\u00e9j\u00e0 dispo sur<br \/>\nM6+), l\u2019ambiance se corse. Alors que les deux pr\u00e9tendantes<br \/>\ns\u2019installent \u00e0 la ferme, Jean-Louis remarque que Sophie la brune<br \/>\ndispara\u00eet r\u00e9guli\u00e8rement. Myst\u00e8re lev\u00e9 par la blonde : \u00ab<br \/>\nT\u2019inqui\u00e8te pas, elle ne s\u2019est pas sauv\u00e9e. Elle est partie deux<br \/>\nminutes pour faire une pause cigarette \u00bb. Et l\u00e0, coup de<br \/>\nmassue pour l\u2019agriculteur. \u00ab J\u2019ai d\u00e9couvert que Sophie fumait.<br \/>\n\u00c7a peut peut-\u00eatre m\u2019agacer. Je n\u2019aime pas \u00e7a. Dans l\u2019id\u00e9e, je ne<br \/>\nveux pas une fille qui fume \u00bb, confie-t-il face cam\u00e9ra. S\u2019il<br \/>\ntente de se rassurer en disant que \u00ab ce n\u2019est pas irr\u00e9m\u00e9diable<br \/>\n\u00bb, le charme est clairement un peu bris\u00e9.<\/p>\n<p>Jean-Louis perdu entre deux Sophie : app\u00e9tit, jalousie et<br \/>\nsecrets \u00e0 la ferme<\/p>\n<p>Comme si cela ne suffisait pas, <strong>un autre d\u00e9tail a<br \/>\nrefroidi Jean-Louis :<\/strong> Sophie la brune n\u2019a pas un gros<br \/>\napp\u00e9tit. Et pour ce bon vivant qui partage ses repas avec<br \/>\nenthousiasme, \u00e7a ne passe pas inaper\u00e7u. \u00ab Je ne veux pas la<br \/>\nmettre dans l\u2019embarras, mais quand tu es bon vivant, si tu n\u2019as pas<br \/>\n\u00e7a, <strong>il manque quelque chose<br \/>\n\u00bb<\/strong><strong>,<\/strong> glisse-t-il. Un constat qui joue<br \/>\nen faveur de Sophie la blonde, surnomm\u00e9e Soso, qui n\u2019h\u00e9site pas \u00e0<br \/>\ngo\u00fbter \u00e0 tout. \u00ab Elle fait un peu plus l\u2019effort de go\u00fbter et de<br \/>\nvouloir faire plaisir, car elle sent que c\u2019est important pour moi<br \/>\n\u00bb, salue Jean-Louis, visiblement touch\u00e9. \u00c0 la ferme,<br \/>\n<strong>la rivalit\u00e9 entre les deux Sophie s\u2019accentue.<\/strong><\/p>\n<p>Soso, \u00e0 l\u2019aise et joviale, avoue se mettre \u00ab inconsciemment<br \/>\nun peu en avant \u00bb. De quoi \u00e9nerver sa concurrente, qui<br \/>\n<strong>commence \u00e0 perdre patience.<\/strong> La goutte d\u2019eau ?<br \/>\nLorsque Sophie la brune r\u00e9v\u00e8le qu\u2019elle connaissait d\u00e9j\u00e0 l\u2019adresse<br \/>\nde Jean-Louis gr\u00e2ce aux Pages Jaunes. \u00ab Je voulais voir la<br \/>\ndistance par rapport \u00e0 chez moi \u00bb, justifie-t-elle. Mais pour<br \/>\nSoso, la r\u00e9v\u00e9lation est malvenue : \u00ab J\u2019ai \u00e9t\u00e9 tr\u00e8s surprise<br \/>\nqu\u2019elle ait des infos que je n\u2019ai pas. \u00c7a m\u2019a g\u00ean\u00e9e. <strong>Quand<br \/>\n\u00e7a va me saouler, je vais me manifester<br \/>\n\u00bb<\/strong><strong>,<\/strong> promet-elle face cam\u00e9ra.<\/p>\n<p>\u00ab \u00c7a peut m\u2019agacer \u00bb : Jean-Louis<br \/>\nd\u00e9stabilis\u00e9, la flamme vacille dans L\u2019amour est dans le pr\u00e9<\/p>\n<p>Les tensions sont donc \u00e0 leur comble et ce s\u00e9jour, cens\u00e9<br \/>\nrapprocher Jean-Louis de sa promise, <strong>prend des allures de<br \/>\nchamp de bataille.<\/strong> Pour Jean-Louis, la situation est<br \/>\nd\u00e9licate. Entre une brune qui lui a fait battre le c\u0153ur, mais dont<br \/>\nles habitudes l\u2019agacent, et une blonde pleine d\u2019\u00e9nergie qui coche<br \/>\nde plus en plus de cases, son choix <strong>s\u2019annonce<br \/>\ndifficile.<\/strong> Et l\u2019agriculteur, qui avoue \u00eatre un peu \u00ab bon<br \/>\nvivant \u00bb, ne cache pas ses doutes : \u00ab \u00c7a peut m\u2019agacer, mais ce<br \/>\nn\u2019est pas irr\u00e9m\u00e9diable \u00bb, l\u00e2che-t-il, mi-figue mi-raisin. De<br \/>\nquoi laisser planer le suspense pour les prochains \u00e9pisodes.<br \/>\nJean-Louis n\u2019est pas le seul \u00e0 <strong>vivre des moments<br \/>\ninattendus.<\/strong><\/p>\n<p>Entre G\u00e9raldine qui oublie son pr\u00e9tendant \u00e0 la gare, <a href=\"https:\/\/www.melty.fr\/tele\/lamour-est-dans-le-pre-oceane-fait-son-choix-robin-ou-florian-un-pretendant-prend-deja-lavantage-2264744.html\" target=\"_blank\" rel=\"noopener\"><br \/>\nOc\u00e9ane qui fait chavirer Robin<\/a> malgr\u00e9 les avertissements de son<br \/>\nchat Titi, et les autres agriculteurs qui d\u00e9couvrent d\u00e9j\u00e0 leurs<br \/>\npr\u00e9tendants sous un nouveau jour, cette saison 20 <strong>ne manque<br \/>\npas de rebondissements.<\/strong> Reste \u00e0 savoir si le c\u0153ur de<br \/>\nJean-Louis l\u2019emportera sur la raison, ou si une simple cigarette<br \/>\nsuffira \u00e0 \u00e9teindre la flamme. Avec L\u2019amour est dans le pr\u00e9, une<br \/>\nchose est s\u00fbre : tout peut basculer en un instant.<\/p>\n","protected":false},"excerpt":{"rendered":"Les fid\u00e8les de L\u2019amour est dans le pr\u00e9 le savent bien : la vie \u00e0 la ferme r\u00e9serve&hellip;\n","protected":false},"author":2,"featured_media":440947,"comment_status":"","ping_status":"","sticky":false,"template":"","format":"standard","meta":{"footnotes":""},"categories":[1356],"tags":[58,59,1011,27,9307,252,1364],"class_list":{"0":"post-440946","1":"post","2":"type-post","3":"status-publish","4":"format-standard","5":"has-post-thumbnail","7":"category-television","8":"tag-divertissement","9":"tag-entertainment","10":"tag-fr","11":"tag-france","12":"tag-lamour-est-dans-le-pre","13":"tag-television","14":"tag-tv"},"share_on_mastodon":{"url":"https:\/\/pubeurope.com\/@fr\/115322125249426178","error":""},"_links":{"self":[{"href":"https:\/\/www.europesays.com\/fr\/wp-json\/wp\/v2\/posts\/440946","targetHints":{"allow":["GET"]}}],"collection":[{"href":"https:\/\/www.europesays.com\/fr\/wp-json\/wp\/v2\/posts"}],"about":[{"href":"https:\/\/www.europesays.com\/fr\/wp-json\/wp\/v2\/types\/post"}],"author":[{"embeddable":true,"href":"https:\/\/www.europesays.com\/fr\/wp-json\/wp\/v2\/users\/2"}],"replies":[{"embeddable":true,"href":"https:\/\/www.europesays.com\/fr\/wp-json\/wp\/v2\/comments?post=440946"}],"version-history":[{"count":0,"href":"https:\/\/www.europesays.com\/fr\/wp-json\/wp\/v2\/posts\/440946\/revisions"}],"wp:featuredmedia":[{"embeddable":true,"href":"https:\/\/www.europesays.com\/fr\/wp-json\/wp\/v2\/media\/440947"}],"wp:attachment":[{"href":"https:\/\/www.europesays.com\/fr\/wp-json\/wp\/v2\/media?parent=440946"}],"wp:term":[{"taxonomy":"category","embeddable":true,"href":"https:\/\/www.europesays.com\/fr\/wp-json\/wp\/v2\/categories?post=440946"},{"taxonomy":"post_tag","embeddable":true,"href":"https:\/\/www.europesays.com\/fr\/wp-json\/wp\/v2\/tags?post=440946"}],"curies":[{"name":"wp","href":"https:\/\/api.w.org\/{rel}","templated":true}]}}