{"id":440957,"date":"2025-10-05T14:59:11","date_gmt":"2025-10-05T14:59:11","guid":{"rendered":"https:\/\/www.europesays.com\/fr\/440957\/"},"modified":"2025-10-05T14:59:11","modified_gmt":"2025-10-05T14:59:11","slug":"greta-thunberg-denonce-ses-conditions-de-detention-dans-une-prison-israelienne","status":"publish","type":"post","link":"https:\/\/www.europesays.com\/fr\/440957\/","title":{"rendered":"Greta Thunberg d\u00e9nonce ses conditions de d\u00e9tention dans une prison isra\u00e9lienne"},"content":{"rendered":"<p class=\"mb-4 text-lg md:leading-8 break-words\">Des conditions de d\u00e9tention jug\u00e9es inacceptables. <a data-i13n=\"cpos:1;pos:1\" href=\"https:\/\/www.bfmtv.com\/international\/moyen-orient\/israel\/video-flottille-pour-gaza-la-militante-greta-thunberg-affirme-avoir-ete-enlevee-contre-son-gre-par-israel_VN-202510020889.html\" rel=\"nofollow noopener\" target=\"_blank\" data-ylk=\"slk:Greta Thunberg;cpos:1;pos:1;elm:context_link;itc:0;sec:content-canvas\" class=\"link \">Greta Thunberg<\/a> a fait part, aux autorit\u00e9s su\u00e9doises, de mauvais traitements, alors qu&rsquo;elle est d\u00e9tenue dans une prison isra\u00e9lienne apr\u00e8s avoir \u00e9t\u00e9 <a data-i13n=\"cpos:2;pos:1\" href=\"https:\/\/rmc.bfmtv.com\/actualites\/international\/violation-du-droit-international-les-militants-de-la-flottille-pour-gaza-vont-etre-expulses-vers-l-europe_AV-202510020497.html\" rel=\"nofollow noopener\" target=\"_blank\" data-ylk=\"slk:arr\u00eat\u00e9e;cpos:2;pos:1;elm:context_link;itc:0;sec:content-canvas\" class=\"link \">arr\u00eat\u00e9e<\/a> par l&rsquo;arm\u00e9e isra\u00e9lienne \u00e0 bord de la flottille pour Gaza, r\u00e9v\u00e8le le <a data-i13n=\"cpos:3;pos:1\" href=\"https:\/\/www.theguardian.com\/world\/2025\/oct\/04\/greta-thunberg-israel-gaza-sweden\" rel=\"nofollow noopener\" target=\"_blank\" data-ylk=\"slk:Guardian;cpos:3;pos:1;elm:context_link;itc:0;sec:content-canvas\" class=\"link \">Guardian<\/a> samedi 4 octobre.<\/p>\n<p class=\"mb-4 text-lg md:leading-8 break-words\">\u00ab\u00a0Elle a signal\u00e9 une d\u00e9shydratation. Elle n&rsquo;a pas re\u00e7u suffisamment d&rsquo;eau et de nourriture. Elle a \u00e9galement d\u00e9clar\u00e9 avoir d\u00e9velopp\u00e9 des \u00e9ruptions cutan\u00e9es qu&rsquo;elle soup\u00e7onne d&rsquo;\u00eatre caus\u00e9es par des punaises de lit\u00a0\u00bb, rapporte la diplomatie su\u00e9doise.<\/p>\n<p class=\"mb-4 text-lg md:leading-8 break-words\">\u00ab\u00a0Elle a insist\u00e9 sur le fait que de la nourriture et de l&rsquo;eau potable doivent \u00eatre fournies imm\u00e9diatement et que tous les d\u00e9tenus doivent avoir acc\u00e8s \u00e0 un avocat isra\u00e9lien s&rsquo;ils le souhaitent\u00a0\u00bb, a-t-elle ajout\u00e9.<\/p>\n<p class=\"mb-4 text-lg md:leading-8 break-words\">Vendredi, des repr\u00e9sentants de l&rsquo;ambassade de Su\u00e8de \u00e0 Tel Aviv ont \u00e9t\u00e9 autoris\u00e9s \u00e0 rendre visite \u00e0 neuf Su\u00e9dois d\u00e9tenus \u00e0 la prison de Ketziot, dans le d\u00e9sert du N\u00e9guev, a dit le minist\u00e8re des Affaires \u00e9trang\u00e8res dans un message \u00e0 l&rsquo;AFP, sans donner leur identit\u00e9.<\/p>\n<p>\u00ab\u00a0Ils l&rsquo;ont forc\u00e9e \u00e0 embrasser le drapeau isra\u00e9lien\u00a0\u00bb<\/p>\n<p class=\"mb-4 text-lg md:leading-8 break-words\">Selon un courrier consult\u00e9 par le journal britannique, un autre d\u00e9tenu affirme que des soldats isra\u00e9liens ont pris des photos sur lesquelles la militante a \u00e9t\u00e9 forc\u00e9e de brandir des drapeaux, sans pr\u00e9ciser lesquels. Un r\u00e9cit confirm\u00e9 par deux autres membres de la flottille aupr\u00e8s du quotidien.<\/p>\n<p class=\"mb-4 text-lg md:leading-8 break-words\">\u00ab\u00a0Ils ont tra\u00een\u00e9 la petite Greta par les cheveux sous nos yeux, l&rsquo;ont battue et l&rsquo;ont forc\u00e9e \u00e0 embrasser le drapeau isra\u00e9lien. Ils lui ont fait tout ce qu&rsquo;on peut imaginer, pour servir d&rsquo;avertissement aux autres\u00a0\u00bb, a d\u00e9clar\u00e9 l&rsquo;activiste turc Ersin \u00c7elik, participant \u00e0 la flottille Sumud, \u00e0 l&rsquo;agence de presse Anadolu.<\/p>\n<p class=\"mb-4 text-lg md:leading-8 break-words\">Greta Thunberg fait partie des 437 militants, parlementaires et avocats qui ont pris part \u00e0 la flottille Global Sumud, une coalition de plus de 40 navires transportant de l&rsquo;aide humanitaire dont l&rsquo;objectif \u00e9tait de briser le blocus maritime impos\u00e9 par Isra\u00ebl depuis 16 ans sur Gaza.<\/p>\n<p class=\"mb-4 text-lg md:leading-8 break-words\">Des centaines de personnes \u00e0 bord de ces bateaux ont \u00e9t\u00e9 arr\u00eat\u00e9s par les forces isra\u00e9liennes et attendaient d&rsquo;\u00eatre expuls\u00e9s. Parmi eux, 137 militants de treize pays se sont envol\u00e9s samedi pour Istanbul.<\/p>\n<p class=\"mb-4 text-lg md:leading-8 break-words\">La Su\u00e8de a demand\u00e9 \u00e0 Isra\u00ebl de fournir sans d\u00e9lai aux Su\u00e9dois arr\u00eat\u00e9s lors de l&rsquo;interception de la flottille \u00e0 destination de Gaza eau potable, nourriture et traitements m\u00e9dicaux, a indiqu\u00e9 la diplomatie su\u00e9doise ce samedi 4 octobre.<\/p>\n<p class=\"mb-4 text-lg md:leading-8 break-words\"><a data-i13n=\"cpos:4;pos:1\" href=\"https:\/\/www.bfmtv.com\/international\/moyen-orient\/palestine\/elle-n-a-pas-recu-suffisamment-d-eau-et-de-nourriture-greta-thunberg-denonce-ses-conditions-de-detention-dans-une-prison-israelienne_AN-202510050157.html#xtor=AL-68\" rel=\"nofollow noopener\" target=\"_blank\" data-ylk=\"slk:Article original publi\u00e9 sur BFMTV.com;cpos:4;pos:1;elm:context_link;itc:0;sec:content-canvas\" class=\"link \">Article original publi\u00e9 sur BFMTV.com<\/a><\/p>\n","protected":false},"excerpt":{"rendered":"Des conditions de d\u00e9tention jug\u00e9es inacceptables. Greta Thunberg a fait part, aux autorit\u00e9s su\u00e9doises, de mauvais traitements, alors&hellip;\n","protected":false},"author":2,"featured_media":440958,"comment_status":"","ping_status":"","sticky":false,"template":"","format":"standard","meta":{"footnotes":""},"categories":[5],"tags":[11,32459,56774,1011,27,26418,14,16768,12,56773,28],"class_list":{"0":"post-440957","1":"post","2":"type-post","3":"status-publish","4":"format-standard","5":"has-post-thumbnail","7":"category-international","8":"tag-actualites","9":"tag-conditions-de-detention","10":"tag-drapeau-israelien","11":"tag-fr","12":"tag-france","13":"tag-greta-thunberg","14":"tag-international","15":"tag-lagence-de-presse","16":"tag-news","17":"tag-punaises-de-lit","18":"tag-world"},"share_on_mastodon":{"url":"https:\/\/pubeurope.com\/@fr\/115322156755509864","error":""},"_links":{"self":[{"href":"https:\/\/www.europesays.com\/fr\/wp-json\/wp\/v2\/posts\/440957","targetHints":{"allow":["GET"]}}],"collection":[{"href":"https:\/\/www.europesays.com\/fr\/wp-json\/wp\/v2\/posts"}],"about":[{"href":"https:\/\/www.europesays.com\/fr\/wp-json\/wp\/v2\/types\/post"}],"author":[{"embeddable":true,"href":"https:\/\/www.europesays.com\/fr\/wp-json\/wp\/v2\/users\/2"}],"replies":[{"embeddable":true,"href":"https:\/\/www.europesays.com\/fr\/wp-json\/wp\/v2\/comments?post=440957"}],"version-history":[{"count":0,"href":"https:\/\/www.europesays.com\/fr\/wp-json\/wp\/v2\/posts\/440957\/revisions"}],"wp:featuredmedia":[{"embeddable":true,"href":"https:\/\/www.europesays.com\/fr\/wp-json\/wp\/v2\/media\/440958"}],"wp:attachment":[{"href":"https:\/\/www.europesays.com\/fr\/wp-json\/wp\/v2\/media?parent=440957"}],"wp:term":[{"taxonomy":"category","embeddable":true,"href":"https:\/\/www.europesays.com\/fr\/wp-json\/wp\/v2\/categories?post=440957"},{"taxonomy":"post_tag","embeddable":true,"href":"https:\/\/www.europesays.com\/fr\/wp-json\/wp\/v2\/tags?post=440957"}],"curies":[{"name":"wp","href":"https:\/\/api.w.org\/{rel}","templated":true}]}}