{"id":440969,"date":"2025-10-05T15:06:12","date_gmt":"2025-10-05T15:06:12","guid":{"rendered":"https:\/\/www.europesays.com\/fr\/440969\/"},"modified":"2025-10-05T15:06:12","modified_gmt":"2025-10-05T15:06:12","slug":"haguenau-des-ateliers-avec-les-chiens-pour-apprendre-a-les-comprendre","status":"publish","type":"post","link":"https:\/\/www.europesays.com\/fr\/440969\/","title":{"rendered":"Haguenau. Des ateliers avec les chiens pour apprendre \u00e0 les comprendre"},"content":{"rendered":"<p>L\u2019amicale du chien de Haguenau, que pr\u00e9side Jean-Pierre Kost, compte quatre sections\u00a0: l\u2019\u00e9cole des chiots, l\u2019ob\u00e9issance, le pistage et l\u2019IGP (mordant sportif, pistage et ob\u00e9issance) r\u00e9unissant quelque 130 membres. Afin de faire d\u00e9couvrir ses activit\u00e9s, l\u2019amicale a souhait\u00e9 mettre \u00e0 profit cette troisi\u00e8me Semaine nationale du chien, du 27\u00a0septembre au 5\u00a0octobre 2025, pour&#8230;<\/p>\n","protected":false},"excerpt":{"rendered":"L\u2019amicale du chien de Haguenau, que pr\u00e9side Jean-Pierre Kost, compte quatre sections\u00a0: l\u2019\u00e9cole des chiots, l\u2019ob\u00e9issance, le pistage&hellip;\n","protected":false},"author":2,"featured_media":440970,"comment_status":"","ping_status":"","sticky":false,"template":"","format":"standard","meta":{"footnotes":""},"categories":[9619],"tags":[1111,11,1867,1687,4877,1777,674,107,1011,27,11642,12,882,25,11643,104,2310],"class_list":{"0":"post-440969","1":"post","2":"type-post","3":"status-publish","4":"format-standard","5":"has-post-thumbnail","7":"category-toulon","8":"tag-actu","9":"tag-actualites","10":"tag-animaux","11":"tag-culture-loisirs","12":"tag-edition-haguenau-wissembourg","13":"tag-eu","14":"tag-europe","15":"tag-fil-info","16":"tag-fr","17":"tag-france","18":"tag-haguenau","19":"tag-news","20":"tag-provence-alpes-cote-dazur","21":"tag-republique-francaise","22":"tag-secteur-de-haguenau","23":"tag-societe","24":"tag-toulon"},"share_on_mastodon":{"url":"https:\/\/pubeurope.com\/@fr\/115322184349472374","error":""},"_links":{"self":[{"href":"https:\/\/www.europesays.com\/fr\/wp-json\/wp\/v2\/posts\/440969","targetHints":{"allow":["GET"]}}],"collection":[{"href":"https:\/\/www.europesays.com\/fr\/wp-json\/wp\/v2\/posts"}],"about":[{"href":"https:\/\/www.europesays.com\/fr\/wp-json\/wp\/v2\/types\/post"}],"author":[{"embeddable":true,"href":"https:\/\/www.europesays.com\/fr\/wp-json\/wp\/v2\/users\/2"}],"replies":[{"embeddable":true,"href":"https:\/\/www.europesays.com\/fr\/wp-json\/wp\/v2\/comments?post=440969"}],"version-history":[{"count":0,"href":"https:\/\/www.europesays.com\/fr\/wp-json\/wp\/v2\/posts\/440969\/revisions"}],"wp:featuredmedia":[{"embeddable":true,"href":"https:\/\/www.europesays.com\/fr\/wp-json\/wp\/v2\/media\/440970"}],"wp:attachment":[{"href":"https:\/\/www.europesays.com\/fr\/wp-json\/wp\/v2\/media?parent=440969"}],"wp:term":[{"taxonomy":"category","embeddable":true,"href":"https:\/\/www.europesays.com\/fr\/wp-json\/wp\/v2\/categories?post=440969"},{"taxonomy":"post_tag","embeddable":true,"href":"https:\/\/www.europesays.com\/fr\/wp-json\/wp\/v2\/tags?post=440969"}],"curies":[{"name":"wp","href":"https:\/\/api.w.org\/{rel}","templated":true}]}}