{"id":440983,"date":"2025-10-05T15:13:14","date_gmt":"2025-10-05T15:13:14","guid":{"rendered":"https:\/\/www.europesays.com\/fr\/440983\/"},"modified":"2025-10-05T15:13:14","modified_gmt":"2025-10-05T15:13:14","slug":"les-circonstances-sont-intrigantes-selon-les-enqueteurs","status":"publish","type":"post","link":"https:\/\/www.europesays.com\/fr\/440983\/","title":{"rendered":"\u00ab\u00a0Les circonstances sont intrigantes\u00a0\u00bb selon les enqu\u00eateurs"},"content":{"rendered":"<p class=\"article__intro\">Le corps sans vie d\u2019une femme \u00e2g\u00e9e d\u2019une quarantaine d\u2019ann\u00e9es a \u00e9t\u00e9 retrouv\u00e9 par des promeneurs, ce dimanche 5 octobre 2025, dans une rue de Grenoble (Is\u00e8re). Les circonstances de son d\u00e9c\u00e8s sont \u00ab\u00a0intrigantes\u00a0\u00bb selon les enqu\u00eateurs.<\/p>\n<p>\n      La Quotidienne Soci\u00e9t\u00e9\n    <\/p>\n<p>\n      De la vie quotidienne aux grands enjeux, recevez tous les jours les sujets qui font la soci\u00e9t\u00e9 locale, comme la justice, l\u2019\u00e9ducation, la sant\u00e9 et la famille.\n    <\/p>\n<p>    France T\u00e9l\u00e9visions utilise votre adresse e-mail afin de vous envoyer la newsletter \u00ab\u00a0La Quotidienne Soci\u00e9t\u00e9\u00a0\u00bb. Vous pouvez vous d\u00e9sinscrire \u00e0 tout moment via le lien en bas de cette newsletter. <a target=\"_blank\" href=\"https:\/\/www.francetelevisions.fr\/groupe\/confidentialite\/politique-de-confidentialite\/politique-de-confidentialite-de-france-televisions-6503\" rel=\"nofollow noopener\">Notre politique de confidentialit\u00e9<\/a><\/p>\n<p>Une enqu\u00eate a \u00e9t\u00e9 ouverte pour \u00ab\u00a0recherche des causes de la mort\u00a0\u00bb, selon une source polici\u00e8re contact\u00e9e par France 3 Alpes, \u00e0 la suite du d\u00e9c\u00e8s d\u2019une femme \u00ab\u00a0\u00e2g\u00e9e d\u2019une quarantaine d\u2019ann\u00e9es\u00a0\u00bb dont le corps a \u00e9t\u00e9 retrouv\u00e9 rue Commandant de Reynies, \u00e0 Grenoble.<\/p>\n<\/p>\n<p>Des promeneurs ont d\u00e9couvert le corps sans vie de la victime, en partie d\u00e9v\u00eatu, ce dimanche 5 octobre dans la matin\u00e9e, derri\u00e8re un buisson situ\u00e9 pr\u00e8s d\u2019une piste cyclable. La police, d\u00e9p\u00each\u00e9e sur les lieux, a boucl\u00e9 le secteur durant plusieurs heures.<\/p>\n<p>M\u00eame si \u00ab\u00a0les circonstances sont intrigantes\u00a0\u00bb, la police n\u2019a \u00ab\u00a0pas de certitude quant \u00e0 l\u2019origine criminelle ou naturelle de son d\u00e9c\u00e8s\u00a0\u00bb, au moment o\u00f9 nous \u00e9crivons ces lignes.<\/p>\n<p>Une autopsie sera r\u00e9alis\u00e9e ce lundi 6 octobre.<\/p>\n","protected":false},"excerpt":{"rendered":"Le corps sans vie d\u2019une femme \u00e2g\u00e9e d\u2019une quarantaine d\u2019ann\u00e9es a \u00e9t\u00e9 retrouv\u00e9 par des promeneurs, ce dimanche&hellip;\n","protected":false},"author":2,"featured_media":440984,"comment_status":"","ping_status":"","sticky":false,"template":"","format":"standard","meta":{"footnotes":""},"categories":[9566],"tags":[1111,11,2430,1777,674,1011,27,2731,12,25],"class_list":{"0":"post-440983","1":"post","2":"type-post","3":"status-publish","4":"format-standard","5":"has-post-thumbnail","7":"category-grenoble","8":"tag-actu","9":"tag-actualites","10":"tag-auvergne-rhone-alpes","11":"tag-eu","12":"tag-europe","13":"tag-fr","14":"tag-france","15":"tag-grenoble","16":"tag-news","17":"tag-republique-francaise"},"share_on_mastodon":{"url":"https:\/\/pubeurope.com\/@fr\/115322211765664013","error":""},"_links":{"self":[{"href":"https:\/\/www.europesays.com\/fr\/wp-json\/wp\/v2\/posts\/440983","targetHints":{"allow":["GET"]}}],"collection":[{"href":"https:\/\/www.europesays.com\/fr\/wp-json\/wp\/v2\/posts"}],"about":[{"href":"https:\/\/www.europesays.com\/fr\/wp-json\/wp\/v2\/types\/post"}],"author":[{"embeddable":true,"href":"https:\/\/www.europesays.com\/fr\/wp-json\/wp\/v2\/users\/2"}],"replies":[{"embeddable":true,"href":"https:\/\/www.europesays.com\/fr\/wp-json\/wp\/v2\/comments?post=440983"}],"version-history":[{"count":0,"href":"https:\/\/www.europesays.com\/fr\/wp-json\/wp\/v2\/posts\/440983\/revisions"}],"wp:featuredmedia":[{"embeddable":true,"href":"https:\/\/www.europesays.com\/fr\/wp-json\/wp\/v2\/media\/440984"}],"wp:attachment":[{"href":"https:\/\/www.europesays.com\/fr\/wp-json\/wp\/v2\/media?parent=440983"}],"wp:term":[{"taxonomy":"category","embeddable":true,"href":"https:\/\/www.europesays.com\/fr\/wp-json\/wp\/v2\/categories?post=440983"},{"taxonomy":"post_tag","embeddable":true,"href":"https:\/\/www.europesays.com\/fr\/wp-json\/wp\/v2\/tags?post=440983"}],"curies":[{"name":"wp","href":"https:\/\/api.w.org\/{rel}","templated":true}]}}