{"id":440987,"date":"2025-10-05T15:17:19","date_gmt":"2025-10-05T15:17:19","guid":{"rendered":"https:\/\/www.europesays.com\/fr\/440987\/"},"modified":"2025-10-05T15:17:19","modified_gmt":"2025-10-05T15:17:19","slug":"en-direct-ligue-1-monaco-joue-gros-face-a-nice-rennes-et-strasbourg-sur-le-pont-suivez-le-multiplex","status":"publish","type":"post","link":"https:\/\/www.europesays.com\/fr\/440987\/","title":{"rendered":"EN DIRECT &#8211; Ligue\u00a01\u00a0: Monaco joue gros face \u00e0 Nice, Rennes et Strasbourg sur le pont&#8230; Suivez le multiplex"},"content":{"rendered":"<p>\n    Le multiplex de la 7e journ\u00e9e de Ligue 1 s\u2019annonce piment\u00e9 ce dimanche (17h). Monaco et Nice, deux \u00e9quipes dans le dur en championnat et en coupe d\u2019Europe, s\u2019affrontent dans le derby de la C\u00f4te d\u2019Azur. Rennes doit engranger des points sur la pelouse du Havre, alors que Strasbourg esp\u00e8re rebondir \u00e0 domicile face \u00e0 Angers, avant-dernier au classement.<\/p>\n<p>                                    <a class=\"fig-a11y-skip a11y-hidden\" href=\"#fig-a11y-skip-top-pave_atf\"><br \/>\n        Passer la publicit\u00e9<br \/>\n    <\/a><\/p>\n","protected":false},"excerpt":{"rendered":"Le multiplex de la 7e journ\u00e9e de Ligue 1 s\u2019annonce piment\u00e9 ce dimanche (17h). Monaco et Nice, deux&hellip;\n","protected":false},"author":2,"featured_media":440988,"comment_status":"","ping_status":"","sticky":false,"template":"","format":"standard","meta":{"footnotes":""},"categories":[2820],"tags":[1111,11,2266,525,1981,814,1777,674,2257,63,1011,27,775,3309,66,1307,955,12,2268,1176,978,93,4448,25,1980,640],"class_list":{"0":"post-440987","1":"post","2":"type-post","3":"status-publish","4":"format-standard","5":"has-post-thumbnail","7":"category-strasbourg","8":"tag-actu","9":"tag-actualites","10":"tag-as-monaco","11":"tag-calendrier","12":"tag-classement","13":"tag-direct","14":"tag-eu","15":"tag-europe","16":"tag-foot","17":"tag-football","18":"tag-fr","19":"tag-france","20":"tag-grand-est","21":"tag-l1","22":"tag-ligue-1","23":"tag-lille","24":"tag-match","25":"tag-news","26":"tag-ogc-nice","27":"tag-olympique-de-marseille","28":"tag-olympique-lyonnais","29":"tag-psg","30":"tag-rc-strasbourg","31":"tag-republique-francaise","32":"tag-resultats","33":"tag-strasbourg"},"share_on_mastodon":{"url":"https:\/\/pubeurope.com\/@fr\/115322227538835001","error":""},"_links":{"self":[{"href":"https:\/\/www.europesays.com\/fr\/wp-json\/wp\/v2\/posts\/440987","targetHints":{"allow":["GET"]}}],"collection":[{"href":"https:\/\/www.europesays.com\/fr\/wp-json\/wp\/v2\/posts"}],"about":[{"href":"https:\/\/www.europesays.com\/fr\/wp-json\/wp\/v2\/types\/post"}],"author":[{"embeddable":true,"href":"https:\/\/www.europesays.com\/fr\/wp-json\/wp\/v2\/users\/2"}],"replies":[{"embeddable":true,"href":"https:\/\/www.europesays.com\/fr\/wp-json\/wp\/v2\/comments?post=440987"}],"version-history":[{"count":0,"href":"https:\/\/www.europesays.com\/fr\/wp-json\/wp\/v2\/posts\/440987\/revisions"}],"wp:featuredmedia":[{"embeddable":true,"href":"https:\/\/www.europesays.com\/fr\/wp-json\/wp\/v2\/media\/440988"}],"wp:attachment":[{"href":"https:\/\/www.europesays.com\/fr\/wp-json\/wp\/v2\/media?parent=440987"}],"wp:term":[{"taxonomy":"category","embeddable":true,"href":"https:\/\/www.europesays.com\/fr\/wp-json\/wp\/v2\/categories?post=440987"},{"taxonomy":"post_tag","embeddable":true,"href":"https:\/\/www.europesays.com\/fr\/wp-json\/wp\/v2\/tags?post=440987"}],"curies":[{"name":"wp","href":"https:\/\/api.w.org\/{rel}","templated":true}]}}