{"id":440991,"date":"2025-10-05T15:19:14","date_gmt":"2025-10-05T15:19:14","guid":{"rendered":"https:\/\/www.europesays.com\/fr\/440991\/"},"modified":"2025-10-05T15:19:14","modified_gmt":"2025-10-05T15:19:14","slug":"info-rtl-fusillade-mortelle-a-nice-une-interpellation-a-marseille","status":"publish","type":"post","link":"https:\/\/www.europesays.com\/fr\/440991\/","title":{"rendered":"INFO RTL &#8211; Fusillade mortelle \u00e0 Nice : une interpellation \u00e0 Marseille"},"content":{"rendered":"<p class=\"article-p mdl\">C&rsquo;est sans doute la premi\u00e8re d&rsquo;<strong>une longue s\u00e9rie d&rsquo;op\u00e9rations de police apr\u00e8s la fusillade qui a fait deux morts<\/strong>, dont au moins une victime collat\u00e9rale, vendredi 3 octobre au soir, sur la place principale du quartier des Moulins \u00e0 Nice.<br \/>\u00a0<br \/>Un homme a \u00e9t\u00e9 interpell\u00e9 \u00e0 Marseille, dimanche 5 octobre vers 0h45 du matin, d&rsquo;apr\u00e8s les informations de RTL,<strong> en lien avec la voiture utilis\u00e9e par le commando<\/strong>, un v\u00e9hicule vol\u00e9 dans la Cit\u00e9 phoc\u00e9enne le 30 septembre dernier et retrouv\u00e9 calcin\u00e9 \u00e0 Mougins (Alpes-Maritimes).<\/p>\n<p class=\"article-p mdl\">D&rsquo;apr\u00e8s une source polici\u00e8re, au moins <strong>trois hommes cagoul\u00e9s ont pris part au raid ultra-violent <\/strong>vendredi, vers 21 heures, lors duquel ont \u00e9t\u00e9 tir\u00e9es au moins 25 balles au fusil-mitrailleur de type Kalashnikov. Deux personnes ont \u00e9t\u00e9 tu\u00e9es, \u00e2g\u00e9es de 20 ans et 59 ans, et cinq autres bless\u00e9es, dont deux gravement. Parmi elles, d&rsquo;apr\u00e8s le procureur de Nice, \u00ab\u00a0plusieurs personnes\u00a0\u00bb apparaissent comme \u00ab\u00a0sans lien avec le trafic de stup\u00e9fiant\u00a0\u00bb.<\/p>\n<p class=\"article-p mdl\">L&rsquo;enqu\u00eate, d\u00e9sormais pilot\u00e9e par<strong> la juridiction interr\u00e9gionale sp\u00e9cialis\u00e9e du parquet de Marseille<\/strong>, a \u00e9t\u00e9 confi\u00e9e \u00e0 la PJ de Nice avec le soutien de PJ marseillaise.<\/p>\n<p>    La r\u00e9daction vous recommande<\/p>\n<p class=\"s-newsletter__title\">\n                L\u2019actualit\u00e9 par la r\u00e9daction de RTL dans votre bo\u00eete mail.\n            <\/p>\n<p class=\"s-newsletter__subtitle\">\n                Gr\u00e2ce \u00e0 votre compte RTL abonnez-vous \u00e0 la newsletter RTL info pour suivre toute l&rsquo;actualit\u00e9 au quotidien\n            <\/p>\n<p>\n                                    Lire la suite\n                                <\/p>\n","protected":false},"excerpt":{"rendered":"C&rsquo;est sans doute la premi\u00e8re d&rsquo;une longue s\u00e9rie d&rsquo;op\u00e9rations de police apr\u00e8s la fusillade qui a fait deux&hellip;\n","protected":false},"author":2,"featured_media":440992,"comment_status":"","ping_status":"","sticky":false,"template":"","format":"standard","meta":{"footnotes":""},"categories":[2819],"tags":[1111,11,898,1777,674,118,107,1011,27,884,12,2401,882,25],"class_list":{"0":"post-440991","1":"post","2":"type-post","3":"status-publish","4":"format-standard","5":"has-post-thumbnail","7":"category-nice","8":"tag-actu","9":"tag-actualites","10":"tag-alerte","11":"tag-eu","12":"tag-europe","13":"tag-faits-divers","14":"tag-fil-info","15":"tag-fr","16":"tag-france","17":"tag-marseille","18":"tag-news","19":"tag-nice","20":"tag-provence-alpes-cote-dazur","21":"tag-republique-francaise"},"share_on_mastodon":{"url":"https:\/\/pubeurope.com\/@fr\/115322235343345232","error":""},"_links":{"self":[{"href":"https:\/\/www.europesays.com\/fr\/wp-json\/wp\/v2\/posts\/440991","targetHints":{"allow":["GET"]}}],"collection":[{"href":"https:\/\/www.europesays.com\/fr\/wp-json\/wp\/v2\/posts"}],"about":[{"href":"https:\/\/www.europesays.com\/fr\/wp-json\/wp\/v2\/types\/post"}],"author":[{"embeddable":true,"href":"https:\/\/www.europesays.com\/fr\/wp-json\/wp\/v2\/users\/2"}],"replies":[{"embeddable":true,"href":"https:\/\/www.europesays.com\/fr\/wp-json\/wp\/v2\/comments?post=440991"}],"version-history":[{"count":0,"href":"https:\/\/www.europesays.com\/fr\/wp-json\/wp\/v2\/posts\/440991\/revisions"}],"wp:featuredmedia":[{"embeddable":true,"href":"https:\/\/www.europesays.com\/fr\/wp-json\/wp\/v2\/media\/440992"}],"wp:attachment":[{"href":"https:\/\/www.europesays.com\/fr\/wp-json\/wp\/v2\/media?parent=440991"}],"wp:term":[{"taxonomy":"category","embeddable":true,"href":"https:\/\/www.europesays.com\/fr\/wp-json\/wp\/v2\/categories?post=440991"},{"taxonomy":"post_tag","embeddable":true,"href":"https:\/\/www.europesays.com\/fr\/wp-json\/wp\/v2\/tags?post=440991"}],"curies":[{"name":"wp","href":"https:\/\/api.w.org\/{rel}","templated":true}]}}