{"id":440993,"date":"2025-10-05T15:22:34","date_gmt":"2025-10-05T15:22:34","guid":{"rendered":"https:\/\/www.europesays.com\/fr\/440993\/"},"modified":"2025-10-05T15:22:34","modified_gmt":"2025-10-05T15:22:34","slug":"fc-nantes-castro-secoue-ses-attaquants-apres-brest","status":"publish","type":"post","link":"https:\/\/www.europesays.com\/fr\/440993\/","title":{"rendered":"FC Nantes\u00a0: Castro secoue ses attaquants\u00a0apr\u00e8s Brest\u00a0!"},"content":{"rendered":"<p><strong>Luis Castro a du mal \u00e0 se satisfaire du point ramen\u00e9 de Brest par le <a href=\"https:\/\/www.butfootballclub.fr\/621457-fc-nantes-mercato-sergio-conceicao-en-route-pour-un-nouveau-defi\/\" target=\"_blank\" rel=\"noopener\">FC Nantes<\/a> ce samedi en Ligue 1 (0-0).<\/strong><\/p>\n<p>Encore un nul pour le <a href=\"https:\/\/www.butfootballclub.fr\/621638-stade-brestois-fc-nantes-tabibou-et-lahdo-dentree-leroux-maintenu-a-gauche-luis-castro-a-fait-ses-choix\/\" target=\"_blank\" rel=\"noopener\">FC Nantes<\/a>. Sur la pelouse du Stade Francis-Le Bl\u00e9, les Canaris ont ramen\u00e9 hier un point (0-0) face \u00e0 Brest, confirmant \u00e0 la fois leurs progr\u00e8s et leurs manques criants dans les trente derniers m\u00e8tres. Une prestation qui laisse Luis Castro \u00e0 la fois optimiste et exigeant.<\/p>\n<p>\u00ab\u00a0Nous sommes maintenant dans un moment o\u00f9 il faut am\u00e9liorer les petits d\u00e9tails\u00a0\u00bb, a reconnu l\u2019entra\u00eeneur du <a href=\"https:\/\/www.butfootballclub.fr\/621592-fc-nantes-luis-castro-face-a-un-enorme-casse-tete-contre-brest\/\" target=\"_blank\" rel=\"noopener\">FC Nantes <\/a>apr\u00e8s la rencontre. Tu ne peux pas arriver autant de fois dans les 30 derniers m\u00e8tres sans que le gardien ne fasse un arr\u00eat. On a besoin d\u2019\u00eatre plus constants.\u00a0\u00bb Le constat est clair : ce FCN version 2025 a des id\u00e9es, de la volont\u00e9 et une structure plus solide, mais il peine encore \u00e0 transformer ses intentions en occasions franches. Si le score final reste vierge, le FC Nantes peut remercier son gardien Anthony Lopes. Recrut\u00e9 cet \u00e9t\u00e9, l\u2019ancien Lyonnais a sorti une prestation XXL, multipliant les interventions d\u00e9cisives pour pr\u00e9server le point du nul. Une assurance de poids pour une \u00e9quipe encore en rodage.<\/p>\n<p>\u00ab\u00a0Il y a plus de connexions entre les joueurs\u00a0\u00bb<\/p>\n<p>Mais tout n\u2019est pas n\u00e9gatif. Les progr\u00e8s dans la construction du jeu sautent aux yeux. L\u00e0 o\u00f9 la saison pass\u00e9e, les Canaris avaient du mal \u00e0 repartir proprement de l\u2019arri\u00e8re, ils affichent d\u00e9sormais une volont\u00e9 affirm\u00e9e de relancer court, m\u00eame sur les six m\u00e8tres, et de poser le jeu avec des phases de possession travaill\u00e9es. \u00ab\u00a0Je pense que l\u2019\u00e9quipe est un peu plus compacte, r\u00e9gul\u00e9e\u00a0\u00bb, souligne Castro, heureux de voir son projet commencer \u00e0 prendre forme.<\/p>\n<p>Reste le plus dur : faire fructifier ces s\u00e9quences de jeu. La cr\u00e9ativit\u00e9, la spontan\u00e9it\u00e9 et l\u2019efficacit\u00e9 manquent encore cruellement \u00e0 ce groupe profond\u00e9ment remani\u00e9 lors du mercato estival. Castro en est conscient, mais refuse de changer son plan : \u00ab\u00a0Il y a plus de connexions entre les joueurs. C\u2019est pour \u00e7a qu\u2019on a fait trois nuls de suite, dont deux o\u00f9 on m\u00e9rite peut-\u00eatre un peu plus.\u00a0\u00bb Le potentiel est l\u00e0. L\u2019ossature aussi. Reste \u00e0 ajouter le petit suppl\u00e9ment d\u2019\u00e2me offensif qui permettra aux Canaris de d\u00e9coller enfin dans ce championnat.<\/p>\n","protected":false},"excerpt":{"rendered":"Luis Castro a du mal \u00e0 se satisfaire du point ramen\u00e9 de Brest par le FC Nantes ce&hellip;\n","protected":false},"author":2,"featured_media":440994,"comment_status":"","ping_status":"","sticky":false,"template":"","format":"standard","meta":{"footnotes":""},"categories":[2818],"tags":[1111,11,448,1777,674,63,1011,27,66,3388,766,12,2636,25,10662],"class_list":{"0":"post-440993","1":"post","2":"type-post","3":"status-publish","4":"format-standard","5":"has-post-thumbnail","7":"category-nantes","8":"tag-actu","9":"tag-actualites","10":"tag-champions-league","11":"tag-eu","12":"tag-europe","13":"tag-football","14":"tag-fr","15":"tag-france","16":"tag-ligue-1","17":"tag-matchs","18":"tag-nantes","19":"tag-news","20":"tag-pays-de-la-loire","21":"tag-republique-francaise","22":"tag-transferts"},"share_on_mastodon":{"url":"https:\/\/pubeurope.com\/@fr\/115322247268616509","error":""},"_links":{"self":[{"href":"https:\/\/www.europesays.com\/fr\/wp-json\/wp\/v2\/posts\/440993","targetHints":{"allow":["GET"]}}],"collection":[{"href":"https:\/\/www.europesays.com\/fr\/wp-json\/wp\/v2\/posts"}],"about":[{"href":"https:\/\/www.europesays.com\/fr\/wp-json\/wp\/v2\/types\/post"}],"author":[{"embeddable":true,"href":"https:\/\/www.europesays.com\/fr\/wp-json\/wp\/v2\/users\/2"}],"replies":[{"embeddable":true,"href":"https:\/\/www.europesays.com\/fr\/wp-json\/wp\/v2\/comments?post=440993"}],"version-history":[{"count":0,"href":"https:\/\/www.europesays.com\/fr\/wp-json\/wp\/v2\/posts\/440993\/revisions"}],"wp:featuredmedia":[{"embeddable":true,"href":"https:\/\/www.europesays.com\/fr\/wp-json\/wp\/v2\/media\/440994"}],"wp:attachment":[{"href":"https:\/\/www.europesays.com\/fr\/wp-json\/wp\/v2\/media?parent=440993"}],"wp:term":[{"taxonomy":"category","embeddable":true,"href":"https:\/\/www.europesays.com\/fr\/wp-json\/wp\/v2\/categories?post=440993"},{"taxonomy":"post_tag","embeddable":true,"href":"https:\/\/www.europesays.com\/fr\/wp-json\/wp\/v2\/tags?post=440993"}],"curies":[{"name":"wp","href":"https:\/\/api.w.org\/{rel}","templated":true}]}}