{"id":441001,"date":"2025-10-05T15:26:21","date_gmt":"2025-10-05T15:26:21","guid":{"rendered":"https:\/\/www.europesays.com\/fr\/441001\/"},"modified":"2025-10-05T15:26:21","modified_gmt":"2025-10-05T15:26:21","slug":"football-ol-toulouse-1-2-fin-de-serie-et-douche-froide-au-groupama-stadium","status":"publish","type":"post","link":"https:\/\/www.europesays.com\/fr\/441001\/","title":{"rendered":"Football. OL &#8211; Toulouse (1-2) : fin de s\u00e9rie et douche froide au Groupama Stadium \u00a0!"},"content":{"rendered":"<p>Les Lyonnais visaient un\u00a0sixi\u00e8me succ\u00e8s en\u00a0sept matchs face au 11e Toulouse,\u00a0afin de reprendre provisoirement la place de leader \u00e0 Paris qui se d\u00e9place ce soir \u00e0 Lille. Fofana avait ouvert le score en premi\u00e8re p\u00e9riode mais Toulouse\u00a0a \u00e9galis\u00e9 en fin de match avant de donner le coup de gr\u00e2ce au bout du temps additionnel<\/p>\n<p>&#13;<br \/>\n              Emmanuel Da silva &#8211; &#13;<br \/>\n        &#13;<br \/>\n          Aujourd&rsquo;hui \u00e0 14:20&#13;<br \/>\n    &#13;<br \/>\n                  | mis \u00e0 jour aujourd&rsquo;hui \u00e0 17:09&#13;<br \/>\n              &#8211; Temps de lecture : &#13;<br \/>\n  &#13;\n<\/p>\n<ul class=\"galerieContent carousel-wrapper__slides\" id=\"e74c3149-312e-44f0-b518-15d59e8fb5e2\">        &#13;<\/p>\n<li class=\"carousel-wrapper__slides--slide item\" id=\"slide-1\">&#13;<br \/>\n                                    &#13;<br \/>\n                        <a class=\"chocolat-image GA-tracking\" data-ga_type=\"click\" data-ga_category=\"D\u00e9tail\" data-ga_action=\"zoomer\" data-ga_label=\"aggrandir image\" href=\"https:\/\/cdn-s-www.leprogres.fr\/images\/D823BDCE-354D-41B6-AF18-B21778BAD859\/NW_raw\/malick-fofana-apres-son-but-photo-stephane-guiochon-1759673100.jpg\" title=\"Malick Fofana apr\u00e8s son but. Photo St\u00e9phane Guiochon\" target=\"_blank\" rel=\"noopener\">&#13;<br \/>\n                            <img decoding=\"async\" src=\"https:\/\/www.europesays.com\/fr\/wp-content\/uploads\/2025\/10\/malick-fofana-apres-son-but-photo-stephane-guiochon-1759673100.jpg\"   alt=\"Malick Fofana apr\u00e8s son but. Photo St\u00e9phane Guiochon\" fetchpriority=\"high\" data-mobile=\"NW_detail_M|1759673100\" data-base=\"NW_detail|1759673100\"\/>&#13;<br \/>\n                        <\/a>&#13;<\/p>\n<p>\u00a0Malick Fofana apr\u00e8s son but. Photo St\u00e9phane Guiochon<\/p>\n<p>                        &#13;<br \/>\n                                           &#13;\n                <\/li>\n<p>&#13;<br \/>\n            &#13;<\/p>\n<li class=\"carousel-wrapper__slides--slide item slideWithPub\" id=\"slide-2\">&#13;<br \/>\n                        &#13;<br \/>\n                            <a class=\"chocolat-image\" title=\"Publicit\u00e9\" href=\"data:image\/gif;base64,R0lGODlhAQABAAD\/ACwAAAAAAQABAAACADs=\">&#13;<br \/>\n                                <img decoding=\"async\" src=\"data:image\/gif;base64,R0lGODlhAQABAAD\/ACwAAAAAAQABAAACADs=\" alt=\"Publicit\u00e9\" loading=\"lazy\" fetchpriority=\"low\"\/>&#13;<br \/>\n                            <\/a>&#13;<br \/>\n                        &#13;\n                    <\/li>\n<p>&#13;<\/p>\n<li class=\"carousel-wrapper__slides--slide item\" id=\"slide-3\">&#13;<br \/>\n                                    &#13;<br \/>\n                        <a class=\"chocolat-image GA-tracking\" data-ga_type=\"click\" data-ga_category=\"D\u00e9tail\" data-ga_action=\"zoomer\" data-ga_label=\"aggrandir image\" href=\"https:\/\/cdn-s-www.leprogres.fr\/images\/2B8AE70F-96C4-40BB-9B94-BD31FEA2A332\/NW_raw\/corentin-tolisso-en-action-photo-stephane-guiochon-1759673192.jpg\" title=\"Corentin Tolisso en action. Photo St\u00e9phane Guiochon\" target=\"_blank\" rel=\"noopener\">&#13;<br \/>\n                            <img decoding=\"async\" src=\"https:\/\/www.europesays.com\/fr\/wp-content\/uploads\/2025\/10\/corentin-tolisso-en-action-photo-stephane-guiochon-1759673192.jpg\"   alt=\"Corentin Tolisso en action. Photo St\u00e9phane Guiochon\" loading=\"lazy\" fetchpriority=\"low\" data-mobile=\"NW_detail_M|1759673192\" data-base=\"NW_detail|1759673192\"\/>&#13;<br \/>\n                        <\/a>&#13;<\/p>\n<p>Corentin Tolisso en action. Photo St\u00e9phane Guiochon<\/p>\n<p>                        &#13;<br \/>\n                                           &#13;\n                <\/li>\n<p>&#13;<br \/>\n            &#13;\n                <\/ul>\n","protected":false},"excerpt":{"rendered":"Les Lyonnais visaient un\u00a0sixi\u00e8me succ\u00e8s en\u00a0sept matchs face au 11e Toulouse,\u00a0afin de reprendre provisoirement la place de leader&hellip;\n","protected":false},"author":2,"featured_media":441002,"comment_status":"","ping_status":"","sticky":false,"template":"","format":"standard","meta":{"footnotes":""},"categories":[2816],"tags":[1111,11,3545,1777,674,107,63,1011,27,12,2680,2755,25,2429,517,2312],"class_list":{"0":"post-441001","1":"post","2":"type-post","3":"status-publish","4":"format-standard","5":"has-post-thumbnail","7":"category-toulouse","8":"tag-actu","9":"tag-actualites","10":"tag-direct-sport","11":"tag-eu","12":"tag-europe","13":"tag-fil-info","14":"tag-football","15":"tag-fr","16":"tag-france","17":"tag-news","18":"tag-occitanie","19":"tag-ol-olympique-lyonnais-football","20":"tag-republique-francaise","21":"tag-rhone","22":"tag-sport","23":"tag-toulouse"},"share_on_mastodon":{"url":"https:\/\/pubeurope.com\/@fr\/115322263462975027","error":""},"_links":{"self":[{"href":"https:\/\/www.europesays.com\/fr\/wp-json\/wp\/v2\/posts\/441001","targetHints":{"allow":["GET"]}}],"collection":[{"href":"https:\/\/www.europesays.com\/fr\/wp-json\/wp\/v2\/posts"}],"about":[{"href":"https:\/\/www.europesays.com\/fr\/wp-json\/wp\/v2\/types\/post"}],"author":[{"embeddable":true,"href":"https:\/\/www.europesays.com\/fr\/wp-json\/wp\/v2\/users\/2"}],"replies":[{"embeddable":true,"href":"https:\/\/www.europesays.com\/fr\/wp-json\/wp\/v2\/comments?post=441001"}],"version-history":[{"count":0,"href":"https:\/\/www.europesays.com\/fr\/wp-json\/wp\/v2\/posts\/441001\/revisions"}],"wp:featuredmedia":[{"embeddable":true,"href":"https:\/\/www.europesays.com\/fr\/wp-json\/wp\/v2\/media\/441002"}],"wp:attachment":[{"href":"https:\/\/www.europesays.com\/fr\/wp-json\/wp\/v2\/media?parent=441001"}],"wp:term":[{"taxonomy":"category","embeddable":true,"href":"https:\/\/www.europesays.com\/fr\/wp-json\/wp\/v2\/categories?post=441001"},{"taxonomy":"post_tag","embeddable":true,"href":"https:\/\/www.europesays.com\/fr\/wp-json\/wp\/v2\/tags?post=441001"}],"curies":[{"name":"wp","href":"https:\/\/api.w.org\/{rel}","templated":true}]}}