{"id":441008,"date":"2025-10-05T15:30:12","date_gmt":"2025-10-05T15:30:12","guid":{"rendered":"https:\/\/www.europesays.com\/fr\/441008\/"},"modified":"2025-10-05T15:30:12","modified_gmt":"2025-10-05T15:30:12","slug":"course-pedestre-marseille-en-rose-ils-ont-couru-ou-marche-pour-la-lutte-contre-le-cancer-du-sein","status":"publish","type":"post","link":"https:\/\/www.europesays.com\/fr\/441008\/","title":{"rendered":"Course p\u00e9destre &#8211; Marseille en rose : ils ont couru ou march\u00e9 pour la lutte contre\u00a0le cancer du sein"},"content":{"rendered":"<p>\u00ab\u00a0La performance, c&rsquo;est d&rsquo;\u00eatre l\u00e0\u00a0\u00bb, scande Richard Taillandier au micro. Sous un vent tenace mais un soleil \u00e9clatant, le pr\u00e9sident fondateur de <a href=\"https:\/\/www.laprovence.com\/article\/sante\/6118698303681114\/marseille-en-rose-pres-de-1-600-marseillais-vont-courir-pour-aider-la-recherche-contre-le-cancer\" target=\"_blank\" rel=\"noopener\">l&rsquo;association Marseille en Rose <\/a>a pu admirer une mar\u00e9e rose envahir les all\u00e9es du parc Charles Aznavour de la Maison Blanche (9e). Pr\u00e8s de\u00a01600 personnes ont march\u00e9 et couru hier lors de cette 4e \u00e9dition, premi\u00e8re des quatre courses du mois de l&rsquo;inclusion par le sport \u00e0 Marseille. \u00ab\u00a0Apr\u00e8s beaucoup de stress li\u00e9 \u00e0 la m\u00e9t\u00e9o et \u00e0 l&rsquo;organisation, on est ravi de l&rsquo;engouement qui monte ann\u00e9e apr\u00e8s ann\u00e9e pour cette cause\u00a0\u00bb, savoure-t-il.<\/p>\n<p>Si la grande nouveaut\u00e9 de cette course est le chronom\u00e9trage des participants, Cathy Taillandier, co-fondatrice de l&rsquo;association, rappelle qu&rsquo;il s&rsquo;agit avant tout d&rsquo;un \u00ab\u00a0\u00e9v\u00e9nement familial et amical\u00a0\u00bb, o\u00f9 le sport n&rsquo;est que le moteur. \u00ab\u00a0On sait que l&rsquo;activit\u00e9 physique a une importance dans la pr\u00e9vention, dans le traitement, et permet d&rsquo;\u00e9viter la r\u00e9cidive. Et c&rsquo;est un lien social et moral, explique-t-elle. Il y a quelques ann\u00e9es encore, on ne parlait pas du cancer du sein. Aujourd&rsquo;hui, le sujet n&rsquo;est plus tabou. Le d\u00e9pistage est tellement important et que les gens en prennent conscience, c&rsquo;est une victoire.\u00a0\u00bb<\/p>\n<p>Que l&rsquo;on soit sportif chevronn\u00e9 ou simple marcheur, chacun avait une raison d&rsquo;\u00eatre l\u00e0. \u00ab\u00a0On est tous un peu concern\u00e9s par cette cause. C&rsquo;est difficile de ne pas \u00eatre touch\u00e9 aujourd&rsquo;hui par quelqu&rsquo;un de notre entourage\u00a0\u00bb, confie Fr\u00e9d\u00e9rique, venue avec sa s\u0153ur, \u00e2g\u00e9e aussi d&rsquo;une cinquantaine d&rsquo;ann\u00e9es. Un peu plus loin, deux jeunes coureurs ont eux aussi r\u00e9pondu \u00e0 l&rsquo;appel. \u00ab\u00a0On a l&rsquo;habitude d&rsquo;aller courir, mais l\u00e0, on le fait pour une bonne cause. Ce n&rsquo;est pas parce qu&rsquo;on est des gar\u00e7ons qu&rsquo;on ne s&rsquo;int\u00e9resse pas aux probl\u00e8mes f\u00e9minins\u00a0\u00bb, sourient-ils.<\/p>\n<p>Pour Audrey et sa famille, c&rsquo;est l&rsquo;occasion de faire d&rsquo;une pierre deux coups. \u00ab\u00a0Mon fils s&rsquo;entra\u00eene pour le Marseille-Cassis, mais une amie proche est concern\u00e9e par le cancer du sein, indique-t-elle. J&rsquo;ai plus de 50\u00a0ans et je fais un suivi r\u00e9gulier. Pas tout le monde le fait. Donc c&rsquo;est une initiative importante.\u00a0\u00bb<\/p>\n<p>Au-del\u00e0 de la course, c&rsquo;est un surtout moment de solidarit\u00e9 que retiennent les organisateurs. En\u00a02024, Marseille en Rose\u00a0avait pu remettre un ch\u00e8que de 10\u00a0000\u00a0euros \u00e0 l&rsquo;Institut Paoli-Calmettes, pour soutenir la recherche m\u00e9dicale contre le cancer du sein. Un chiffre que l&rsquo;association esp\u00e8re d\u00e9passer cette ann\u00e9e, gr\u00e2ce \u00e0 la g\u00e9n\u00e9rosit\u00e9 des participants et des partenaires.<\/p>\n","protected":false},"excerpt":{"rendered":"\u00ab\u00a0La performance, c&rsquo;est d&rsquo;\u00eatre l\u00e0\u00a0\u00bb, scande Richard Taillandier au micro. Sous un vent tenace mais un soleil \u00e9clatant,&hellip;\n","protected":false},"author":2,"featured_media":441009,"comment_status":"","ping_status":"","sticky":false,"template":"","format":"standard","meta":{"footnotes":""},"categories":[2814],"tags":[17,1111,11,6466,56776,1777,674,1011,27,6085,884,12,2537,16882,882,25,4940,60],"class_list":{"0":"post-441008","1":"post","2":"type-post","3":"status-publish","4":"format-standard","5":"has-post-thumbnail","7":"category-marseille","8":"tag-17","9":"tag-actu","10":"tag-actualites","11":"tag-course","12":"tag-couru","13":"tag-eu","14":"tag-europe","15":"tag-fr","16":"tag-france","17":"tag-ils","18":"tag-marseille","19":"tag-news","20":"tag-ont","21":"tag-pedestre","22":"tag-provence-alpes-cote-dazur","23":"tag-republique-francaise","24":"tag-rose","25":"tag-sports"},"share_on_mastodon":{"url":"https:\/\/pubeurope.com\/@fr\/115322278658855046","error":""},"_links":{"self":[{"href":"https:\/\/www.europesays.com\/fr\/wp-json\/wp\/v2\/posts\/441008","targetHints":{"allow":["GET"]}}],"collection":[{"href":"https:\/\/www.europesays.com\/fr\/wp-json\/wp\/v2\/posts"}],"about":[{"href":"https:\/\/www.europesays.com\/fr\/wp-json\/wp\/v2\/types\/post"}],"author":[{"embeddable":true,"href":"https:\/\/www.europesays.com\/fr\/wp-json\/wp\/v2\/users\/2"}],"replies":[{"embeddable":true,"href":"https:\/\/www.europesays.com\/fr\/wp-json\/wp\/v2\/comments?post=441008"}],"version-history":[{"count":0,"href":"https:\/\/www.europesays.com\/fr\/wp-json\/wp\/v2\/posts\/441008\/revisions"}],"wp:featuredmedia":[{"embeddable":true,"href":"https:\/\/www.europesays.com\/fr\/wp-json\/wp\/v2\/media\/441009"}],"wp:attachment":[{"href":"https:\/\/www.europesays.com\/fr\/wp-json\/wp\/v2\/media?parent=441008"}],"wp:term":[{"taxonomy":"category","embeddable":true,"href":"https:\/\/www.europesays.com\/fr\/wp-json\/wp\/v2\/categories?post=441008"},{"taxonomy":"post_tag","embeddable":true,"href":"https:\/\/www.europesays.com\/fr\/wp-json\/wp\/v2\/tags?post=441008"}],"curies":[{"name":"wp","href":"https:\/\/api.w.org\/{rel}","templated":true}]}}