{"id":441010,"date":"2025-10-05T15:31:11","date_gmt":"2025-10-05T15:31:11","guid":{"rendered":"https:\/\/www.europesays.com\/fr\/441010\/"},"modified":"2025-10-05T15:31:11","modified_gmt":"2025-10-05T15:31:11","slug":"deux-hommes-interpelles-apres-un-vol-a-larrache-a-lyon","status":"publish","type":"post","link":"https:\/\/www.europesays.com\/fr\/441010\/","title":{"rendered":"Deux hommes interpell\u00e9s apr\u00e8s un vol \u00e0 l&rsquo;arrach\u00e9 \u00e0 Lyon"},"content":{"rendered":"<p>                            <img loading=\"lazy\" width=\"1200\" height=\"750\" class=\"attachment-article size-article wp-post-image lazyload\" alt=\"Image d'illustration de la police municipale. (@Nathan Chaize)\" decoding=\"async\" src=\"https:\/\/www.europesays.com\/fr\/wp-content\/uploads\/2025\/10\/IMG_3773-e1754030707681.jpg\" data-eio-rwidth=\"1200\" data-eio-rheight=\"750\"\/><\/p>\n<p>Image d\u2019illustration de la police municipale \u00e0 Lyon. (@Nathan Chaize)<\/p>\n<p class=\"content\" style=\"font-size:1.2em;font-weight:700\">Une femme d&rsquo;un cinquantaine d&rsquo;ann\u00e9e a \u00e9t\u00e9 victime d&rsquo;un vol \u00e0 l&rsquo;arrach\u00e9 ce samedi 4 octobre. Les deux hommes ont \u00e9t\u00e9 interpell\u00e9s dans un salon de coiffure du 3e arrondissement de Lyon. <\/p>\n<p>Ce samedi 4 octobre, dans l&rsquo;apr\u00e8s-midi, la police nationale a \u00e9t\u00e9 alert\u00e9e d&rsquo;un vol \u00e0 l&rsquo;arrach\u00e9 commis sur la place Bir Hakeim, dans le 3e arrondissement, \u00e0 Lyon. La victime, une femme \u00e2g\u00e9e d&rsquo;une cinquantaine d&rsquo;ann\u00e9e, s&rsquo;est faite d\u00e9rober son collier en or. <\/p>\n<p>Rapidement, les forces de l&rsquo;ordre ont d\u00e9ploy\u00e9 une brigade sur les lieux ainsi qu&rsquo;aux alentours, notamment vers la place Gabriel P\u00e9ri, dans l&rsquo;espoir de rep\u00e9rer un potentiel point de recel. <\/p>\n<p><strong>Dans un salon de coiffure<\/strong><\/p>\n<p>Les suppositions se sont av\u00e9r\u00e9es concluantes, puisque les policiers ont rep\u00e9r\u00e9 peu de temps apr\u00e8s deux individus correspondants aux descriptions de la victime dans un salon de coiffure, dans le quartier de la Guilloti\u00e8re. L&rsquo;un d&rsquo;eux \u00e9tait en train de changer de v\u00eatements. <\/p>\n<p>Lors du contr\u00f4le, la cha\u00eene en or correspondant \u00e0 l&rsquo;objet d\u00e9rob\u00e9 a \u00e9t\u00e9 identifi\u00e9. La victime, conduite par une \u00e9quipe de la brigade anticriminalit\u00e9, a par la suite confirm\u00e9 reconna\u00eetre les deux auteurs du vol. Les policiers ont proc\u00e9d\u00e9 \u00e0 l&rsquo;interpellation sur place des deux hommes. <\/p>\n<p>Les vols \u00e0 l&rsquo;arrach\u00e9 se multiplient sur Lyon, comme ce fut le cas le <a href=\"https:\/\/www.lyoncapitale.fr\/actualite\/lyon-trois-hommes-interpelles-pour-vols-a-l-arrache\" target=\"_blank\" rel=\"noreferrer noopener\">19 ao\u00fbt dernier \u00e0 V\u00e9nissieux<\/a> ou le <a href=\"https:\/\/www.lyoncapitale.fr\/faits-divers\/lyon-deux-voleurs-a-l-arrache-arretes-par-des-policiers-et-gendarmes-hors-service\" target=\"_blank\" rel=\"noreferrer noopener\">27 ao\u00fbt dans le 1er arrondissement de Lyon<\/a>.<\/p>\n","protected":false},"excerpt":{"rendered":"Image d\u2019illustration de la police municipale \u00e0 Lyon. (@Nathan Chaize) Une femme d&rsquo;un cinquantaine d&rsquo;ann\u00e9e a \u00e9t\u00e9 victime&hellip;\n","protected":false},"author":2,"featured_media":441011,"comment_status":"","ping_status":"","sticky":false,"template":"","format":"standard","meta":{"footnotes":""},"categories":[1889],"tags":[1111,11,2430,1777,674,118,1011,27,56777,2428,12,25,1175,42807],"class_list":{"0":"post-441010","1":"post","2":"type-post","3":"status-publish","4":"format-standard","5":"has-post-thumbnail","7":"category-lyon","8":"tag-actu","9":"tag-actualites","10":"tag-auvergne-rhone-alpes","11":"tag-eu","12":"tag-europe","13":"tag-faits-divers","14":"tag-fr","15":"tag-france","16":"tag-la-guillotiere","17":"tag-lyon","18":"tag-news","19":"tag-republique-francaise","20":"tag-vol","21":"tag-voleurs"},"share_on_mastodon":{"url":"https:\/\/pubeurope.com\/@fr\/115322283036707752","error":""},"_links":{"self":[{"href":"https:\/\/www.europesays.com\/fr\/wp-json\/wp\/v2\/posts\/441010","targetHints":{"allow":["GET"]}}],"collection":[{"href":"https:\/\/www.europesays.com\/fr\/wp-json\/wp\/v2\/posts"}],"about":[{"href":"https:\/\/www.europesays.com\/fr\/wp-json\/wp\/v2\/types\/post"}],"author":[{"embeddable":true,"href":"https:\/\/www.europesays.com\/fr\/wp-json\/wp\/v2\/users\/2"}],"replies":[{"embeddable":true,"href":"https:\/\/www.europesays.com\/fr\/wp-json\/wp\/v2\/comments?post=441010"}],"version-history":[{"count":0,"href":"https:\/\/www.europesays.com\/fr\/wp-json\/wp\/v2\/posts\/441010\/revisions"}],"wp:featuredmedia":[{"embeddable":true,"href":"https:\/\/www.europesays.com\/fr\/wp-json\/wp\/v2\/media\/441011"}],"wp:attachment":[{"href":"https:\/\/www.europesays.com\/fr\/wp-json\/wp\/v2\/media?parent=441010"}],"wp:term":[{"taxonomy":"category","embeddable":true,"href":"https:\/\/www.europesays.com\/fr\/wp-json\/wp\/v2\/categories?post=441010"},{"taxonomy":"post_tag","embeddable":true,"href":"https:\/\/www.europesays.com\/fr\/wp-json\/wp\/v2\/tags?post=441010"}],"curies":[{"name":"wp","href":"https:\/\/api.w.org\/{rel}","templated":true}]}}