{"id":441015,"date":"2025-10-05T15:35:11","date_gmt":"2025-10-05T15:35:11","guid":{"rendered":"https:\/\/www.europesays.com\/fr\/441015\/"},"modified":"2025-10-05T15:35:11","modified_gmt":"2025-10-05T15:35:11","slug":"seine-et-marne-une-notable-congolaise-depouillee-de-120-000-euros-de-bijoux-et-marchandises-en-plein-shopping","status":"publish","type":"post","link":"https:\/\/www.europesays.com\/fr\/441015\/","title":{"rendered":"Seine-et-Marne\u00a0: une notable congolaise d\u00e9pouill\u00e9e de 120\u00a0000\u00a0euros de bijoux et marchandises en plein shopping"},"content":{"rendered":"<p class=\"paragraph text_align_left lp-f-body-02\">D\u00e9sagr\u00e9able m\u00e9saventure, samedi soir, pour celle que, dans son pays, certains surnomment \u00ab la maman des aviateurs congolais \u00bb, en visite au centre commercial de La Vall\u00e9e Village, accol\u00e9 au Val-d\u2019Europe, \u00e0 <a href=\"https:\/\/www.leparisien.fr\/seine-et-marne-77\/serris-interdit-du-territoire-francais-pendant-trois-ans-pour-quatre-doudounes-26-12-2022-UOSU5UJV45E2RGH2SBIOLVGTSY.php\" target=\"_blank\" rel=\"noreferrer nofollow noopener\">Serris<\/a> (Seine-et-Marne). Natacha Emmanuella Bolombo, 51 ans, directrice adjointe de l\u2019aviation civile de la R\u00e9publique d\u00e9mocratique du Congo, s\u2019est fait <a href=\"https:\/\/www.leparisien.fr\/seine-et-marne-77\/serris-77700\/serris-deux-femmes-interpellees-pour-un-vol-de-sac-au-val-d-europe-31-10-2016-6272334.php\" target=\"_blank\" rel=\"noreferrer nofollow noopener\">d\u00e9rober des bijoux<\/a> et des affaires de grande valeur laiss\u00e9es dans la voiture d\u2019un chauffeur VTC. Une information confirm\u00e9e ce dimanche par le parquet de Meaux.<\/p>\n<p class=\"paragraph text_align_left lp-f-body-02\">Il est 18 heures, cours de la Garonne, quand les forces de l\u2019ordre sont appel\u00e9es sur les lieux pour cette affaire de vol \u00e0 la roulotte un peu plus sensible que les autres. La quinquag\u00e9naire, raconte qu\u2019un ou des voleurs viennent de lui d\u00e9rober toutes ses affaires pendant qu\u2019elle faisait ses courses. \u00ab La victime est en d\u00e9placement en France et, comme \u00e0 son habitude, elle a fait appel au m\u00eame chauffeur VTC \u00bb, pr\u00e9cise une source proche de l\u2019affaire.<\/p>\n","protected":false},"excerpt":{"rendered":"D\u00e9sagr\u00e9able m\u00e9saventure, samedi soir, pour celle que, dans son pays, certains surnomment \u00ab la maman des aviateurs congolais&hellip;\n","protected":false},"author":2,"featured_media":441016,"comment_status":"","ping_status":"","sticky":false,"template":"","format":"standard","meta":{"footnotes":""},"categories":[1888],"tags":[1111,1928,11,1927,1777,674,118,1011,27,12,1926,626,1925,25],"class_list":{"0":"post-441015","1":"post","2":"type-post","3":"status-publish","4":"format-standard","5":"has-post-thumbnail","7":"category-paris","8":"tag-actu","9":"tag-actu-paris","10":"tag-actualites","11":"tag-actualites-paris","12":"tag-eu","13":"tag-europe","14":"tag-faits-divers","15":"tag-fr","16":"tag-france","17":"tag-news","18":"tag-news-paris","19":"tag-paris","20":"tag-paris-news","21":"tag-republique-francaise"},"share_on_mastodon":{"url":"https:\/\/pubeurope.com\/@fr\/115322298252577359","error":""},"_links":{"self":[{"href":"https:\/\/www.europesays.com\/fr\/wp-json\/wp\/v2\/posts\/441015","targetHints":{"allow":["GET"]}}],"collection":[{"href":"https:\/\/www.europesays.com\/fr\/wp-json\/wp\/v2\/posts"}],"about":[{"href":"https:\/\/www.europesays.com\/fr\/wp-json\/wp\/v2\/types\/post"}],"author":[{"embeddable":true,"href":"https:\/\/www.europesays.com\/fr\/wp-json\/wp\/v2\/users\/2"}],"replies":[{"embeddable":true,"href":"https:\/\/www.europesays.com\/fr\/wp-json\/wp\/v2\/comments?post=441015"}],"version-history":[{"count":0,"href":"https:\/\/www.europesays.com\/fr\/wp-json\/wp\/v2\/posts\/441015\/revisions"}],"wp:featuredmedia":[{"embeddable":true,"href":"https:\/\/www.europesays.com\/fr\/wp-json\/wp\/v2\/media\/441016"}],"wp:attachment":[{"href":"https:\/\/www.europesays.com\/fr\/wp-json\/wp\/v2\/media?parent=441015"}],"wp:term":[{"taxonomy":"category","embeddable":true,"href":"https:\/\/www.europesays.com\/fr\/wp-json\/wp\/v2\/categories?post=441015"},{"taxonomy":"post_tag","embeddable":true,"href":"https:\/\/www.europesays.com\/fr\/wp-json\/wp\/v2\/tags?post=441015"}],"curies":[{"name":"wp","href":"https:\/\/api.w.org\/{rel}","templated":true}]}}