{"id":441053,"date":"2025-10-05T16:00:31","date_gmt":"2025-10-05T16:00:31","guid":{"rendered":"https:\/\/www.europesays.com\/fr\/441053\/"},"modified":"2025-10-05T16:00:31","modified_gmt":"2025-10-05T16:00:31","slug":"bandes-dessinees-nos-conseils-pour-bien-choisir-parmi-les-sorties","status":"publish","type":"post","link":"https:\/\/www.europesays.com\/fr\/441053\/","title":{"rendered":"Bandes dessin\u00e9es\u00a0: nos conseils pour bien choisir parmi les sorties"},"content":{"rendered":"<p>\n                                                                    l&rsquo;essentiel<br \/>\n                                                                Ces derni\u00e8res semaines ont \u00e9t\u00e9 particuli\u00e8rement riches en sorties de bandes dessin\u00e9es, offrant une belle diversit\u00e9 de genres et de styles. Entre r\u00e9cits historiques poignants, aventures haletantes et explorations de l\u2019imaginaire, les nouveaut\u00e9s ne manquent pas de captiver.\n                            <\/p>\n<p>Green Witch Village<\/p>\n<p>        <img decoding=\"async\" class=\"std-img__img responsive-img\" src=\"https:\/\/www.europesays.com\/fr\/wp-content\/uploads\/2025\/10\/1759680022_552_image.jpg\" alt=\"Green witch village\"\/><\/p>\n<p>                Green witch village<br \/>\n                                    Le Lombard<\/p>\n<p>\nTabatha, jeune citadine d\u2019aujourd\u2019hui, se r\u00e9veille dans un corps qui n\u2019est pas le sien\u00a0: celui d\u2019une inconnue en 1959 \u00e0 New-York. Son esprit, prisonnier de l\u2019\u00e9poque, doit maintenant naviguer entre la misogynie ambiante, une carri\u00e8re improbable de mascotte publicitaire et des complots plus complexes. Poss\u00e9d\u00e9e par l\u2019esprit d\u2019une femme du futur, elle fait face \u00e0 un environnement d\u2019une \u00e9poque qui ne lui ressemble pas.<\/p>\n<p>Son quotidien se transforme en enqu\u00eate sur des nazis cherchant \u00e0 faire exploser une bombe atomique pour d\u00e9clencher la guerre mondiale. Ses colocataires l\u2019aident \u00e0 comprendre ce monde, mais Tabatha, pleine de r\u00e9parties et de courage, ne laisse personne la brimer. Avec l\u2019aide d\u2019un fant\u00f4me venu du futur, elle r\u00e9sout les myst\u00e8res et affronte les dangers de la Guerre froide, entre espions russes et menaces nucl\u00e9aires.<\/p>\n<p>Formellement, <strong>Green Witch Village <\/strong>est un bijou de narration, inspir\u00e9 des \u00ab\u00a0Sunday Pages\u00a0\u00bb des ann\u00e9es 50, et on sent que <strong>Trondheim <\/strong>s\u2019est beaucoup amus\u00e9 \u00e0 cet exercice de style. Les cases sont d\u00e9coup\u00e9es avec soin pour \u00eatre lues de mani\u00e8re autonome, tout en gardant un fil narratif fluide et captivant.<\/p>\n<p>L\u2019album joue avec l\u2019humour, l\u2019aventure et une touche d\u2019espionnage, dans un style graphique vintage sublim\u00e9 par les couleurs de <strong>Franck Biancarelli.<\/strong> Une \u0153uvre qui se d\u00e9roule \u00e0 toute vitesse, avec un rythme effr\u00e9n\u00e9 et une histoire qui ne laisse pas de place \u00e0 l\u2019ennui. Un parfait m\u00e9lange entre com\u00e9die et suspense, digne d\u2019un film en technicolor, mais avec un twist f\u00e9ministe et audacieux.<br \/><strong>Le Lombard, 21,95\u20ac<\/strong><\/p>\n<p>\u00a0<\/p>\n<p>L\u2019Ogre<\/p>\n<p>        <img decoding=\"async\" class=\"std-img__img responsive-img\" src=\"https:\/\/www.europesays.com\/fr\/wp-content\/uploads\/2025\/10\/1759680023_895_image.jpg\" alt=\"L\u2019ogre\"\/><\/p>\n<p>                L\u2019ogre<br \/>\n                                    Gl\u00e9nat<\/p>\n<p>1427, France d\u00e9vast\u00e9e par la guerre de Cent Ans. Alors que l\u2019Angleterre domine une grande partie du pays, un tueur impitoyable, surnomm\u00e9 \u00ab\u00a0<strong>L\u2019Ogre<\/strong>\u00ab\u00a0, ravage les campagnes, tuant sans piti\u00e9 femmes et enfants. Guillaume de Blamont, un capitaine loyal au roi Charles VII, re\u00e7oit la mission de l\u2019\u00e9liminer. Mais l\u2019Ogre rencontre Jeanne d\u2019Arc, qui va bouleverser son destin et celui de la France.<\/p>\n<p>Ce premier acte d\u2019une saga historique explore un Moyen-\u00c2ge brutal, o\u00f9 la guerre, la famine et la violence sont omnipr\u00e9sentes. <strong>Jean Dufaux<\/strong> imagine une France ravag\u00e9e, o\u00f9 <strong>l\u2019Ogre <\/strong>devient une all\u00e9gorie de la guerre elle-m\u00eame\u00a0: un monstre d\u00e9vorant tout sur son passage. Jeanne d&rsquo;Arc, symbole d\u2019espoir, se trouve face \u00e0 ce tueur, dans une dynamique o\u00f9 r\u00e9demption et violence s\u2019entrelacent.<\/p>\n<p>Le dessin de <strong>Juan Luis Landa <\/strong>est r\u00e9aliste, fluide et dynamique, renfor\u00e7ant l\u2019intensit\u00e9 de l\u2019intrigue et la brutalit\u00e9 du contexte historique. L\u2019album est un parfait m\u00e9lange de fiction et d\u2019Histoire, o\u00f9 les personnages historiques comme Jeanne d\u2019Arc sont r\u00e9invent\u00e9s. Ce premier tome promet une suite palpitante, pleine de rebondissements, en approfondissant les personnages et les enjeux g\u00e9opolitiques de la guerre de Cent Ans.<\/p>\n<p>Une aventure haletante o\u00f9 l\u2019Histoire prend une nouvelle dimension, avec des personnages brutaux et des enjeux fascinants.<br \/><strong>Gl\u00e9nat, 29\u20ac<\/strong><\/p>\n<p>\u00a0<\/p>\n<p>Lefranc \u2013 La r\u00e9gate<\/p>\n<p>        <img decoding=\"async\" class=\"std-img__img responsive-img\" src=\"https:\/\/www.europesays.com\/fr\/wp-content\/uploads\/2025\/10\/1759680024_80_image.jpg\" alt=\"Lefranc La r\u00e9gate\"\/><\/p>\n<p>                Lefranc La r\u00e9gate<br \/>\n                                    Casterman<\/p>\n<p><strong>Guy Lefranc<\/strong>, le journaliste d\u2019aventure, reprend du service dans une r\u00e9gate entre Darwin, en Australie, et Davao, aux Philippines. Lors de cette course, un typhon fait \u00e9chouer <strong>Lefranc <\/strong>et son \u00e9quipage sur une \u00eele d\u00e9serte. L\u00e0, ils sont captur\u00e9s par des militaires n\u00e9erlandais, et leur m\u00e9saventure se transforme en un complot g\u00e9opolitique.<\/p>\n<p>En plein c\u0153ur de la d\u00e9colonisation, l\u2019Indon\u00e9sie lutte pour son ind\u00e9pendance, et un consortium n\u00e9erlandais veut maintenir son contr\u00f4le sur les ressources mini\u00e8res de l\u2019archipel. Le jeune sultan de Walang, menac\u00e9 par ces int\u00e9r\u00eats coloniaux, devient l\u2019objet d\u2019une manipulation politique. <strong>Lefranc <\/strong>et son \u00e9quipe doivent naviguer dans cet enchev\u00eatrement de complots et de luttes pour d\u00e9jouer les plans des autorit\u00e9s n\u00e9erlandaises.<\/p>\n<p><strong>Roger Seiter<\/strong> livre une intrigue complexe sur fond de d\u00e9colonisation, o\u00f9 les enjeux g\u00e9opolitiques se m\u00ealent aux aventures palpitantes. Le dessin de<strong> Fr\u00e9d\u00e9ric Legrain <\/strong>restitue la beaut\u00e9 sauvage des paysages indon\u00e9siens, tout en rendant l\u2019intensit\u00e9 de l\u2019action.<\/p>\n<p>Le traitement du n\u00e9o-colonialisme dans cette p\u00e9riode post-Seconde Guerre mondiale est au c\u0153ur du r\u00e9cit, et les auteurs r\u00e9ussissent \u00e0 m\u00ealer action et r\u00e9flexion sur l\u2019exploitation des ressources et les luttes d\u2019ind\u00e9pendance. Un 36e album dynamique qui captive \u00e0 la fois par son action et la profondeur de ses enjeux politiques.<br \/><strong>Casterman, 13,50\u20ac<\/strong><\/p>\n<p>\u00a0<\/p>\n<p>Reines de sang \u2013 Messaline, la d\u00e9esse des miroirs<\/p>\n<p>        <img decoding=\"async\" class=\"std-img__img responsive-img\" src=\"https:\/\/www.europesays.com\/fr\/wp-content\/uploads\/2025\/10\/1759680026_938_image.jpg\" alt=\"Messaline\"\/><\/p>\n<p>                Messaline<br \/>\n                                    Delcourt<\/p>\n<p><strong>Messaline<\/strong>, imp\u00e9ratrice romaine, est un personnage \u00e0 la r\u00e9putation sulfureuse, accus\u00e9e de luxure, de meurtre et de manipulation. Dans cet album, son histoire est revisit\u00e9e \u00e0 travers la symbolique du miroir, un reflet de son \u00e2me tordue et de ses d\u00e9sirs insatiables. Apr\u00e8s sa condamnation \u00e0 mort par son \u00e9poux, l\u2019empereur Claude, <strong>Messaline <\/strong>est effac\u00e9e de l\u2019Histoire par la damnatio memoriae, une tentative d\u2019effacer son nom. Mais l\u2019album explore l\u2019ambigu\u00eft\u00e9 de son h\u00e9ritage\u00a0: victime ou coupable, femme de pouvoir ou simple manipulatrice\u00a0?<\/p>\n<p>\u00c0 travers une narration intense, l\u2019album pr\u00e9sente une version plus complexe de la reine d\u00e9chue, confront\u00e9e \u00e0 des intrigues de cour et des d\u00e9sirs de pouvoir. Le dessin classique, riche en d\u00e9tails, renforce l\u2019atmosph\u00e8re de l\u2019Antiquit\u00e9 romaine, entre luxure et violence. Les personnages, bien caract\u00e9ris\u00e9s, sont porteurs d\u2019\u00e9motions fortes, et les sc\u00e8nes de manipulation et de meurtres sont rendues avec un r\u00e9alisme frappant.<\/p>\n<p>Le miroir devient un outil puissant pour p\u00e9n\u00e9trer dans la psych\u00e9 de <strong>Messaline<\/strong>, r\u00e9v\u00e9lant ses facettes sombres. Un album qui, sans juger son personnage, livre une vision percutante de la femme de pouvoir, prise entre son d\u00e9sir de libert\u00e9 et la cruaut\u00e9 de son \u00e9poque.<br \/><strong>Delcourt, 15,95\u20ac<\/strong><\/p>\n<p>\u00a0<\/p>\n<p>Wonder Woman Harley Quinn \u2013 La souffrance et le don<\/p>\n<p>        <img decoding=\"async\" class=\"std-img__img responsive-img\" src=\"https:\/\/www.europesays.com\/fr\/wp-content\/uploads\/2025\/10\/1759680027_272_image.jpg\" alt=\"Wonde Woman Harley Quinn La souffrance et le don\"\/><\/p>\n<p>                Wonde Woman Harley Quinn La souffrance et le don<br \/>\n                                    Urban Comics<\/p>\n<p>Sur l\u2019\u00eele de Themyscira, un vent de crise souffle.<strong> Harley Quinn<\/strong>, ex-compagne du Joker, demande asile aux Amazones, perturbant l\u2019harmonie de l\u2019\u00eele. Sa pr\u00e9sence divise les s\u0153urs, exacerbant les tensions, d\u2019autant que l\u2019une d\u2019elles est enceinte, et qu\u2019un complot pour renverser la reine Hippolyte se dessine. <strong>Wonder Woman<\/strong> se retrouve en m\u00e9diatrice, confront\u00e9e \u00e0 des choix difficiles entre tradition et ouverture, pouvoir et compassion.<\/p>\n<p>Cet album ne se contente pas d\u2019un simple affrontement h\u00e9ro\u00efque\u00a0: il aborde la sororit\u00e9, la responsabilit\u00e9 du pouvoir et les dilemmes moraux des h\u00e9ro\u00efnes.<\/p>\n<p><strong>Sylvain Runberg<\/strong>, en \u00e9crivant le sc\u00e9nario, explore des th\u00e8mes profonds comme l\u2019\u00e9mancipation f\u00e9minine, la peur de l\u2019autre et la gestion du pouvoir.<strong> Wonder Woman<\/strong>, fid\u00e8le \u00e0 son r\u00f4le de protectrice, doit arbitrer entre ses valeurs et la r\u00e9alit\u00e9 des tensions internes de son peuple. <strong>Harley Quinn<\/strong>, plus humaine et vuln\u00e9rable, n\u2019est plus simplement un chaos ambulant.<\/p>\n<p>Le dessin de <strong>Miki Montll\u00f3,<\/strong> inspir\u00e9 par l\u2019interpr\u00e9tation de Gal Gadot au cin\u00e9ma, rend l\u2019\u00eele de Themyscira majestueuse mais fragile. Une \u0153uvre introspective qui r\u00e9ussit \u00e0 m\u00ealer action, r\u00e9flexion et \u00e9motion, tout en r\u00e9interpr\u00e9tant l\u2019univers des super-h\u00e9ros sous un angle europ\u00e9en.<br \/><strong>Urban Comics, 20,50\u20ac<\/strong><\/p>\n<p>\u00a0<\/p>\n<p>\u00c0 lire aussi<\/p>\n<p>\u00a0<\/p>\n<p>Rita Perdido \u2013 La clef des champs<\/p>\n<p>Rita Perdido, h\u00e9ro\u00efne des romans Agence Perdido, plonge ici dans un pass\u00e9 chaotique, o\u00f9 sa qu\u00eate pour retrouver des objets vol\u00e9s par les croquemitaines l\u2019am\u00e8ne \u00e0 Paris. En fuite du Chili, elle d\u00e9couvre ses pouvoirs de retrouveuse, capables d\u2019explorer des mondes parall\u00e8les. \u00c0 15 ans, elle s\u2019engage dans une enqu\u00eate sur les disparitions de chiens, qui la conduit vers des recoins myst\u00e9rieux sous la capitale. Le roman \u00e9ponyme prend vie gr\u00e2ce aux dessins vibrants de<strong> French Carlomagno<\/strong>, tandis que l\u2019\u00e9criture de <strong>Victor Dixen<\/strong> magnifie cette histoire initiatique et horrifique. Rita Perdido est une aventure riche en suspense, magie et dangers, o\u00f9 l\u2019espoir se m\u00eale \u00e0 la peur, fid\u00e8le \u00e0 l\u2019univers du roman. Un premier tome prometteur\u00a0!<br \/><strong>Bayard Jeunesse, 12,50\u20ac<\/strong><\/p>\n<p>        <img decoding=\"async\" class=\"std-img__img responsive-img\" src=\"https:\/\/www.europesays.com\/fr\/wp-content\/uploads\/2025\/10\/1759680028_479_image.jpg\" alt=\"Rita Perdido\"\/><\/p>\n<p>                Rita Perdido<br \/>\n                                    Bayard Jeunesse<\/p>\n<p>\u00a0<\/p>\n<p>Promenons-nous dans l\u2019espace<\/p>\n<p>Yamato Kobayashi, adolescent en difficult\u00e9 scolaire, se cache derri\u00e8re une image de mauvais gar\u00e7on. Mais sa rencontre avec Keisuke Uno, un lyc\u00e9en qui lutte pour accomplir les t\u00e2ches les plus simples de la vie quotidienne, va bouleverser sa vision du monde. Ensemble, ils forment un duo improbable, entre compr\u00e9hension mutuelle et qu\u00eate de sens. Le manga explore la diff\u00e9rence et les difficult\u00e9s personnelles avec une douceur et une po\u00e9sie touchantes. Port\u00e9e par un dessin expressif, cette s\u00e9rie r\u00e9compens\u00e9e au Japon se distingue par son approche inclusive et humaine, offrant une r\u00e9flexion sur la norme, la solidarit\u00e9 et la recherche de soi.<br \/><strong>Gl\u00e9nat, 7,90\u20ac<\/strong><\/p>\n<p>        <img decoding=\"async\" class=\"std-img__img responsive-img\" src=\"https:\/\/www.europesays.com\/fr\/wp-content\/uploads\/2025\/10\/1759680029_91_image.jpg\" alt=\"Promenons-nous dans l\u2019espace\"\/><\/p>\n<p>                Promenons-nous dans l\u2019espace<br \/>\n                                    Gl\u00e9nat<\/p>\n<p>\u00a0<\/p>\n<p>Les Sentinelles<\/p>\n<p>En 1914, la France, en guerre contre l\u2019Allemagne, mise sur une invention r\u00e9volutionnaire\u00a0: une pile au radium capable de doter des soldats d\u2019armures m\u00e9caniques. Gabriel F\u00e9raud, cr\u00e9ateur de cette technologie, devient le super-soldat Taillefer apr\u00e8s une blessure grave. Les Sentinelles m\u00eale l\u2019Histoire \u00e0 la science-fiction avec brio, explorant un monde alternatif o\u00f9 la guerre est men\u00e9e par des soldats augment\u00e9s.<strong> Xavier Dorison et Enrique Breccia <\/strong>imaginent une guerre encore plus d\u00e9vastatrice, o\u00f9 les inventions scientifiques tournent en armes de destruction. Une belle r\u00e9\u00e9dition au moment o\u00f9 l\u2019histoire quitte les pages pour devenir une s\u00e9rie sur Canal +.<br \/><strong>Delcourt, 16,50\u20ac<\/strong><\/p>\n<p>        <img decoding=\"async\" class=\"std-img__img responsive-img\" src=\"https:\/\/www.europesays.com\/fr\/wp-content\/uploads\/2025\/10\/1759680030_11_image.jpg\" alt=\"Les sentinelles\"\/><\/p>\n<p>                Les sentinelles<br \/>\n                                    Delcourt<\/p>\n<p>\u00a0<\/p>\n<p>Les Enfants Cach\u00e9s 1939-1945<\/p>\n<p>Ce r\u00e9cit poignant raconte l\u2019histoire de jeunes enfants juifs durant la Seconde Guerre mondiale, contraints de se cacher pour \u00e9chapper \u00e0 la d\u00e9portation. En retra\u00e7ant leur quotidien, l\u2019album montre l\u2019horreur de l\u2019Occupation, les rafles et la traque des familles juives. T\u00e9moignages sensibles, ces r\u00e9cits donnent voix \u00e0 ceux qui ont surv\u00e9cu aux camps de concentration, mais \u00e0 quel prix. Chaque histoire est une le\u00e7on de souffrance et de r\u00e9silience, \u00e9clairant un aspect sombre de l\u2019histoire de France. Cette bande dessin\u00e9e, r\u00e9\u00e9dit\u00e9e avec soin, vient rappeller l\u2019importance de la m\u00e9moire, pour que de tels drames ne se reproduisent jamais.<br \/><strong>Soleil, 21,95\u20ac<\/strong><\/p>\n<p>        <img decoding=\"async\" class=\"std-img__img responsive-img\" src=\"https:\/\/www.europesays.com\/fr\/wp-content\/uploads\/2025\/10\/1759680031_464_image.jpg\" alt=\"Les enfants cach\u00e9s\"\/><\/p>\n<p>                Les enfants cach\u00e9s<br \/>\n                                    Soleil<\/p>\n","protected":false},"excerpt":{"rendered":"l&rsquo;essentiel Ces derni\u00e8res semaines ont \u00e9t\u00e9 particuli\u00e8rement riches en sorties de bandes dessin\u00e9es, offrant une belle diversit\u00e9 de&hellip;\n","protected":false},"author":2,"featured_media":441054,"comment_status":"","ping_status":"","sticky":false,"template":"","format":"standard","meta":{"footnotes":""},"categories":[1357],"tags":[1379,58,59,1011,27,1380],"class_list":{"0":"post-441053","1":"post","2":"type-post","3":"status-publish","4":"format-standard","5":"has-post-thumbnail","7":"category-livres","8":"tag-books","9":"tag-divertissement","10":"tag-entertainment","11":"tag-fr","12":"tag-france","13":"tag-livres"},"share_on_mastodon":{"url":"https:\/\/pubeurope.com\/@fr\/115322397473376527","error":""},"_links":{"self":[{"href":"https:\/\/www.europesays.com\/fr\/wp-json\/wp\/v2\/posts\/441053","targetHints":{"allow":["GET"]}}],"collection":[{"href":"https:\/\/www.europesays.com\/fr\/wp-json\/wp\/v2\/posts"}],"about":[{"href":"https:\/\/www.europesays.com\/fr\/wp-json\/wp\/v2\/types\/post"}],"author":[{"embeddable":true,"href":"https:\/\/www.europesays.com\/fr\/wp-json\/wp\/v2\/users\/2"}],"replies":[{"embeddable":true,"href":"https:\/\/www.europesays.com\/fr\/wp-json\/wp\/v2\/comments?post=441053"}],"version-history":[{"count":0,"href":"https:\/\/www.europesays.com\/fr\/wp-json\/wp\/v2\/posts\/441053\/revisions"}],"wp:featuredmedia":[{"embeddable":true,"href":"https:\/\/www.europesays.com\/fr\/wp-json\/wp\/v2\/media\/441054"}],"wp:attachment":[{"href":"https:\/\/www.europesays.com\/fr\/wp-json\/wp\/v2\/media?parent=441053"}],"wp:term":[{"taxonomy":"category","embeddable":true,"href":"https:\/\/www.europesays.com\/fr\/wp-json\/wp\/v2\/categories?post=441053"},{"taxonomy":"post_tag","embeddable":true,"href":"https:\/\/www.europesays.com\/fr\/wp-json\/wp\/v2\/tags?post=441053"}],"curies":[{"name":"wp","href":"https:\/\/api.w.org\/{rel}","templated":true}]}}