{"id":441055,"date":"2025-10-05T16:01:21","date_gmt":"2025-10-05T16:01:21","guid":{"rendered":"https:\/\/www.europesays.com\/fr\/441055\/"},"modified":"2025-10-05T16:01:21","modified_gmt":"2025-10-05T16:01:21","slug":"anne-elisabeth-lemoine-semmele-patrick-cohen","status":"publish","type":"post","link":"https:\/\/www.europesays.com\/fr\/441055\/","title":{"rendered":"Anne-Elisabeth Lemoine s\u2019emm\u00eale, Patrick Cohen &#8230;"},"content":{"rendered":"<p>EN BREF<\/p>\n<ul class=\"bloc_resume_post_list\">\n<li>Priscilla Presley, l\u00a0\u00bbex-femme d&rsquo;Elvis, \u00e9tait invit\u00e9e sur<br \/>\nle plateau de C \u00e0 vous ce lundi 29 septembre.<\/li>\n<li>Dans l&rsquo;\u00e9mission diffus\u00e9e sur France 5, elle a parl\u00e9 de la<br \/>\nfin de la vie de la star de la chanson et du livre qu&rsquo;elle a<br \/>\n\u00e9crit.<\/li>\n<li>Alors qu&rsquo;elle allait passer la parole, Anne-Elisabeth<br \/>\nLemoine s&rsquo;est l\u00e9g\u00e8rement emm\u00eal\u00e9 les pinceaux.<\/li>\n<\/ul>\n<p>Ce lundi 29 septembre, Priscilla Presley, ancienne femme d\u2019Elvis<br \/>\nPresley, \u00e9tait invit\u00e9e sur le plateau de l\u2019\u00e9mission <a href=\"https:\/\/www.telestar.fr\/actu_tv\/c-a-vous-un-magistrat-dezingue-totalement-nicolas-sarkozy-le-sourire-de-patrick-cohen-en-dit-long-1739916\" rel=\"noopener\" target=\"_blank\">C \u00e0 vous<\/a> diffus\u00e9e sur <a href=\"https:\/\/www.france.tv\/france-5\/c-a-vous\/\" rel=\"nofollow noopener\" target=\"_blank\">France<br \/>\n5<\/a>. Venue faire la promotion de son livre intitul\u00e9 Softly as<br \/>\nI leave you \u2013 Les confidences de l\u2019unique femme du King, cette<br \/>\nderni\u00e8re a \u00e9t\u00e9 questionn\u00e9e par <a href=\"https:\/\/www.telestar.fr\/actu_tv\/c-a-vous-anne-elisabeth-lemoine-demande-des-comptes-a-lavocat-de-nicolas-sarkozy-1739432\" target=\"_blank\" rel=\"noopener\"><br \/>\nAnne-Elisabeth Lemoine<\/a> et son \u00e9quipe sur un parcours hors du<br \/>\ncommun. Il est d\u2019abord question des <strong>diff\u00e9rents traitement<br \/>\npris par Elvis Presley sur la fin de sa vie<\/strong>, et notamment<br \/>\ndes amph\u00e9tamines qui l\u2019aidaient \u00e0 lutter contre son \u00e9tat<br \/>\nd\u00e9pressif.<\/p>\n<p>Priscilla Presley explique qu\u2019\u00e0 l\u2019\u00e9poque, la prescription de<br \/>\nm\u00e9dicaments \u00e9tait compl\u00e8tement diff\u00e9rente, tout comme la prise en<br \/>\ncharge des troubles d\u00e9pressifs. Elle confie ensuite qu\u2019Elvis<br \/>\nPresley n\u2019a jamais voulu \u00eatre la superstar qu\u2019il est devenue, mais<br \/>\nqu\u2019il <strong>voulait avant tout prendre soin de sa m\u00e8re.<\/strong><br \/>\nSa c\u00e9l\u00e9brit\u00e9 lui a permis de sortir ses parents de la pauvret\u00e9 et<br \/>\nde compl\u00e8tement bouleverser leur vie.<\/p>\n<p>Priscilla Presley est l\u2019invit\u00e9e de C \u00e0 vous<\/p>\n<p>Anne-Elisabeth Lemoine pose ensuite <strong>une questions sur le<br \/>\ndivorce de Priscilla Presley<\/strong> puisque, comme le souligne le<br \/>\ntitre de son livre, elle est la seule femme qu\u2019Elvis ait jamais<br \/>\n\u00e9pous\u00e9e. \u00ab\u00a0Vous avez eu une vie de conte de f\u00e9e sur le papier,<br \/>\nune r\u00e9alit\u00e9 plus complexe \u2013 ce que beaucoup ignoraient. R\u00e9sultat<br \/>\nquand vous demandez le divorce, c\u2019est une d\u00e9cision absolument<br \/>\nincompr\u00e9hensible pour des millions de femmes. Comment peut-on<br \/>\nquitter l\u2019homme que toutes les femmes d\u00e9sirent ?\u00a0\u00bb lui demande<br \/>\n<a href=\"https:\/\/www.telestar.fr\/actu_tv\/huit-ans-que-je-refuse-anne-elisabeth-lemoine-compte-bien-profiter-de-son-absence-dans-c-a-vous-les-vendredis-1737442\" target=\"_blank\" rel=\"noopener\"><br \/>\nl\u2019animatrice<\/a>.<\/p>\n<p>L\u2019animatrice commence par r\u00e9pondre \u00e0 sa propre question en<br \/>\nsoulignant que ce n\u2019\u00e9tait pas parce qu\u2019elle ne l\u2019aimait plus que<br \/>\nPriscilla Presley a voulu se s\u00e9parer de lui. Chose que l\u2019ex-femme<br \/>\nd\u2019Elvis confirme. \u00ab\u00a0C\u2019\u00e9tait juste la mani\u00e8re de vivre\u00a0\u00bb<br \/>\nexplique-t-elle en pr\u00e9cisant qu\u2019Elvis avait un cercle d\u2019amis<br \/>\nparticulier et qu\u2019elle avait de plus en plus de mal \u00e0 y trouver sa<br \/>\nplace. Suite \u00e0 sa prise de parole, <strong>Anne-Elisabeth Lemoine<br \/>\nencha\u00eene et parle en m\u00eame temps qu\u2019un de ses<br \/>\ncoll\u00e8gues<\/strong>.<\/p>\n<p>Anne-Elisabeth Lemoine se trompe de<br \/>\npr\u00e9nom<\/p>\n<p>\u00ab\u00a0Patrick pardon\u2026 excusez-moi\u00a0\u00bb commence par dire<br \/>\nl\u2019animatrice de C \u00e0 vous, avant que <a href=\"https:\/\/www.telestar.fr\/actu_tv\/c_a_vous\/c-a-vous-les-explications-de-patrick-cohen-font-grincer-des-dents-les-principes-deontologiques-remis-en-cause-1738358\" target=\"_blank\" rel=\"noopener\"><br \/>\nPatrick Cohen<\/a> <strong>n\u2019intervienne<\/strong> : \u00ab\u00a0Le pas de<br \/>\nc\u00f4t\u00e9 !\u00a0\u00bb. Et Anne-Elisabeth Lemoine de se corriger : \u00ab\u00a0Ah<br \/>\nnon, pardon, c\u2019est Pierre\u00a0\u00bb annonce-t-elle pour introduire<br \/>\n<a href=\"https:\/\/www.telestar.fr\/actu_tv\/pierre-lescure-des-reactions-outrancieres-le-journaliste-renonce-a-son-nouveau-job-1737014\" target=\"_blank\" rel=\"noopener\"><br \/>\nPierre Lescure<\/a> qui continue comme si de rien n\u2019\u00e9tait.<\/p>\n","protected":false},"excerpt":{"rendered":"EN BREF Priscilla Presley, l\u00a0\u00bbex-femme d&rsquo;Elvis, \u00e9tait invit\u00e9e sur le plateau de C \u00e0 vous ce lundi 29&hellip;\n","protected":false},"author":2,"featured_media":441056,"comment_status":"","ping_status":"","sticky":false,"template":"","format":"standard","meta":{"footnotes":""},"categories":[1356],"tags":[5631,548,5632,58,59,1011,27,13960,252,1364],"class_list":{"0":"post-441055","1":"post","2":"type-post","3":"status-publish","4":"format-standard","5":"has-post-thumbnail","7":"category-television","8":"tag-anne-elisabeth-lemoine","9":"tag-article-simple","10":"tag-c-a-vous","11":"tag-divertissement","12":"tag-entertainment","13":"tag-fr","14":"tag-france","15":"tag-patrick-cohen","16":"tag-television","17":"tag-tv"},"share_on_mastodon":{"url":"https:\/\/pubeurope.com\/@fr\/115322400423640443","error":""},"_links":{"self":[{"href":"https:\/\/www.europesays.com\/fr\/wp-json\/wp\/v2\/posts\/441055","targetHints":{"allow":["GET"]}}],"collection":[{"href":"https:\/\/www.europesays.com\/fr\/wp-json\/wp\/v2\/posts"}],"about":[{"href":"https:\/\/www.europesays.com\/fr\/wp-json\/wp\/v2\/types\/post"}],"author":[{"embeddable":true,"href":"https:\/\/www.europesays.com\/fr\/wp-json\/wp\/v2\/users\/2"}],"replies":[{"embeddable":true,"href":"https:\/\/www.europesays.com\/fr\/wp-json\/wp\/v2\/comments?post=441055"}],"version-history":[{"count":0,"href":"https:\/\/www.europesays.com\/fr\/wp-json\/wp\/v2\/posts\/441055\/revisions"}],"wp:featuredmedia":[{"embeddable":true,"href":"https:\/\/www.europesays.com\/fr\/wp-json\/wp\/v2\/media\/441056"}],"wp:attachment":[{"href":"https:\/\/www.europesays.com\/fr\/wp-json\/wp\/v2\/media?parent=441055"}],"wp:term":[{"taxonomy":"category","embeddable":true,"href":"https:\/\/www.europesays.com\/fr\/wp-json\/wp\/v2\/categories?post=441055"},{"taxonomy":"post_tag","embeddable":true,"href":"https:\/\/www.europesays.com\/fr\/wp-json\/wp\/v2\/tags?post=441055"}],"curies":[{"name":"wp","href":"https:\/\/api.w.org\/{rel}","templated":true}]}}