{"id":44106,"date":"2025-04-22T13:58:08","date_gmt":"2025-04-22T13:58:08","guid":{"rendered":"https:\/\/www.europesays.com\/fr\/44106\/"},"modified":"2025-04-22T13:58:08","modified_gmt":"2025-04-22T13:58:08","slug":"dechue-de-son-mandat-de-conseillere-departementale-marine-le-pen-conteste-sa-demission-en","status":"publish","type":"post","link":"https:\/\/www.europesays.com\/fr\/44106\/","title":{"rendered":"D\u00e9chue de son mandat de conseill\u00e8re d\u00e9partementale, Marine Le\u00a0Pen conteste sa d\u00e9mission en"},"content":{"rendered":"<p>La cheffe de file du Rassemblement national (RN) Marine Le\u00a0Pen a saisi le tribunal administratif de Lille (Nord) pour contester la perte de son mandat de conseill\u00e8re d\u00e9partementale du Pas-de-Calais, cons\u00e9cutive \u00e0 sa condamnation pour d\u00e9tournement de fonds, a annonc\u00e9 son bin\u00f4me et maire d\u2019H\u00e9nin-Beaumont, Steeve Briois, ce mardi 22\u00a0avril 2025.<\/p>\n<p>Marine Le\u00a0Pen <strong>\u00ab\u00a0est toujours conseill\u00e8re d\u00e9partementale. Un recours suspensif a \u00e9t\u00e9 introduit devant le tribunal administratif\u00a0\u00bb,<\/strong> a-t-il \u00e9crit sur le r\u00e9seau X.<\/p>\n<p>\n                Nous avons bloqu\u00e9 l\u2019affichage de ce contenu pour respecter vos choix en mati\u00e8re de cookies.<br \/>En cliquant sur \u00abConsulter\u00bb, vous acceptez le d\u00e9p\u00f4t de cookies par des services de r\u00e9seaux sociaux tels que Twitter.<br \/>\n                Consulter\n            <\/p>\n<blockquote class=\"twitter-tweet\" wp_automatic_readability=\"5.9520958083832\">\n<p lang=\"fr\" dir=\"ltr\">C\u2019est faux ! ?<a href=\"https:\/\/twitter.com\/MLP_officiel?ref_src=twsrc%5Etfw\" rel=\"nofollow noopener\" target=\"_blank\">@MLP_officiel<\/a>? est toujours conseill\u00e8re d\u00e9partementale. Un recours suspensif a \u00e9t\u00e9 introduit devant le tribunal administratif. Et j\u2019en profite pour rappeler la pr\u00e9somption d\u2019innocence que les m\u00e9dias pi\u00e9tinent sans aucune pudeur <a href=\"https:\/\/t.co\/pnStHzf2JG\" rel=\"nofollow\">https:\/\/t.co\/pnStHzf2JG<\/a> via ici<\/p>\n<p>\u2014 Steeve Briois (@SteeveBriois) <a href=\"https:\/\/twitter.com\/SteeveBriois\/status\/1914622009079628208?ref_src=twsrc%5Etfw\" rel=\"nofollow noopener\" target=\"_blank\">April 22, 2025<\/a><\/p><\/blockquote>\n<p>Pour rappel, la pr\u00e9fecture du Pas-de-Calais a notifi\u00e9 \u00e0 <a href=\"https:\/\/www.ouest-france.fr\/politique\/marine-le-pen\/\" target=\"_blank\" rel=\"nofollow noopener\">Marine Le\u00a0Pen<\/a> la semaine derni\u00e8re, sa d\u00e9mission d\u2019office de son mandat de conseill\u00e8re d\u00e9partementale. Cela fait suite \u00e0 sa condamnation le 31\u00a0mars, \u00e0 <a href=\"https:\/\/rennes.maville.com\/actu\/actudet_-proces-du-rn-marine-le-pen-ineligible-a-la-presidentielle-son-reve-de-conquete-compromis-_54135-6743185_actu.Htm\" target=\"_blank\" rel=\"nofollow noopener\">une in\u00e9ligibilit\u00e9 imm\u00e9diate de cinq ans<\/a> dans le dossier des assistants d\u2019eurod\u00e9put\u00e9s du parti, qui lui a aussi valu quatre ans d\u2019emprisonnement, dont deux fermes.<\/p>\n<p>Le tribunal correctionnel de Paris a estim\u00e9 qu\u2019elle \u00e9tait au <strong>\u00ab\u00a0c\u0153ur\u00a0\u00bb<\/strong> d\u2019un syst\u00e8me de d\u00e9tournement de fonds publics mis en place pour payer des salari\u00e9s du parti avec l\u2019argent du Parlement europ\u00e9en, entre 2004 et 2016. Le montant total des d\u00e9tournements s\u2019\u00e9l\u00e8ve \u00e0 4,4\u00a0millions d\u2019euros.<\/p>\n<p><strong>Lire aussi\u00a0: <\/strong> <a href=\"https:\/\/rennes.maville.com\/actu\/actudet_-apres-sa-condamnation-marine-le-pen-dechue-de-son-mandat-de-conseillere-departementale-_12248-6771103_actu.Htm\" target=\"_blank\" rel=\"nofollow noopener\">Apr\u00e8s sa condamnation, Marine Le\u00a0Pen d\u00e9chue de son mandat de conseill\u00e8re d\u00e9partementale<\/a><\/p>\n<p>Le tribunal statuera dans les deux mois<\/p>\n<p>La peine d\u2019in\u00e9ligibilit\u00e9 avec ex\u00e9cution provisoire n\u2019entra\u00eene pas la fin de son mandat de d\u00e9put\u00e9, mais elle met fin aux mandats locaux, avec <strong>\u00ab\u00a0pour effet de rendre d\u00e9finitive une d\u00e9cision de premi\u00e8re instance\u00a0\u00bb,<\/strong> a d\u00e9plor\u00e9 Steeve Briois.\u00a0Selon lui, <strong>\u00ab\u00a0Marine Le\u00a0Pen engage donc une longue bataille proc\u00e9durale pour garantir ses droits et son honneur apr\u00e8s une condamnation que nous trouvons aussi injuste qu\u2019infamante\u00a0\u00bb<\/strong>.<\/p>\n<p>Le tribunal administratif de Lille doit statuer dans les deux mois sur ce recours. <strong>\u00ab\u00a0Dans l\u2019attente d\u2019une d\u00e9cision d\u00e9finitive par les juridictions administratives, elle reste conseill\u00e8re d\u00e9partementale\u00a0\u00bb,<\/strong> a indiqu\u00e9 le conseiller d\u00e9partemental \u00e0 l\u2019Agence France-Presse (AFP), entendant faire valoir <strong>\u00ab\u00a0la pr\u00e9somption d\u2019innocence\u00a0\u00bb<\/strong>.<\/p>\n<p>\u00a0<\/p>\n<p>\t\t<script async src=\"https:\/\/platform.twitter.com\/widgets.js\" charset=\"utf-8\"><\/script><\/p>\n","protected":false},"excerpt":{"rendered":"La cheffe de file du Rassemblement national (RN) Marine Le\u00a0Pen a saisi le tribunal administratif de Lille (Nord)&hellip;\n","protected":false},"author":2,"featured_media":44107,"comment_status":"","ping_status":"","sticky":false,"template":"","format":"standard","meta":{"footnotes":""},"categories":[2815],"tags":[1111,11,13185,13188,13183,13189,13186,1777,674,1011,27,811,303,1307,13184,6128,12,13187,25],"class_list":{"0":"post-44106","1":"post","2":"type-post","3":"status-publish","4":"format-standard","5":"has-post-thumbnail","7":"category-lille","8":"tag-actu","9":"tag-actualites","10":"tag-conseillere","11":"tag-conteste","12":"tag-dechue","13":"tag-demission","14":"tag-departementale","15":"tag-eu","16":"tag-europe","17":"tag-fr","18":"tag-france","19":"tag-hauts-de-france","20":"tag-justice","21":"tag-lille","22":"tag-mandat","23":"tag-marine","24":"tag-news","25":"tag-pen","26":"tag-republique-francaise"},"share_on_mastodon":{"url":"https:\/\/pubeurope.com\/@fr\/114381973568876719","error":""},"_links":{"self":[{"href":"https:\/\/www.europesays.com\/fr\/wp-json\/wp\/v2\/posts\/44106","targetHints":{"allow":["GET"]}}],"collection":[{"href":"https:\/\/www.europesays.com\/fr\/wp-json\/wp\/v2\/posts"}],"about":[{"href":"https:\/\/www.europesays.com\/fr\/wp-json\/wp\/v2\/types\/post"}],"author":[{"embeddable":true,"href":"https:\/\/www.europesays.com\/fr\/wp-json\/wp\/v2\/users\/2"}],"replies":[{"embeddable":true,"href":"https:\/\/www.europesays.com\/fr\/wp-json\/wp\/v2\/comments?post=44106"}],"version-history":[{"count":0,"href":"https:\/\/www.europesays.com\/fr\/wp-json\/wp\/v2\/posts\/44106\/revisions"}],"wp:featuredmedia":[{"embeddable":true,"href":"https:\/\/www.europesays.com\/fr\/wp-json\/wp\/v2\/media\/44107"}],"wp:attachment":[{"href":"https:\/\/www.europesays.com\/fr\/wp-json\/wp\/v2\/media?parent=44106"}],"wp:term":[{"taxonomy":"category","embeddable":true,"href":"https:\/\/www.europesays.com\/fr\/wp-json\/wp\/v2\/categories?post=44106"},{"taxonomy":"post_tag","embeddable":true,"href":"https:\/\/www.europesays.com\/fr\/wp-json\/wp\/v2\/tags?post=44106"}],"curies":[{"name":"wp","href":"https:\/\/api.w.org\/{rel}","templated":true}]}}