{"id":441062,"date":"2025-10-05T16:07:10","date_gmt":"2025-10-05T16:07:10","guid":{"rendered":"https:\/\/www.europesays.com\/fr\/441062\/"},"modified":"2025-10-05T16:07:10","modified_gmt":"2025-10-05T16:07:10","slug":"une-eclipse-solaire-quasi-totale-plongera-la-france-dans-la-penombre-le-12-aout-2026","status":"publish","type":"post","link":"https:\/\/www.europesays.com\/fr\/441062\/","title":{"rendered":"une \u00e9clipse solaire quasi-totale plongera la France dans la p\u00e9nombre le 12 ao\u00fbt 2026"},"content":{"rendered":"<tr>\n<td><strong>EN BREF<\/strong><\/td>\n<\/tr>\n<tr>\n<td>\n<ul>\n<li>\ud83c\udf12 Le <strong>12 ao\u00fbt 2026<\/strong>, une \u00e9clipse solaire quasi-totale sera visible en France.<\/li>\n<li>En France, <strong>Biarritz<\/strong> conna\u00eetra une occultation de <strong>99,5 %<\/strong>.<\/li>\n<li>Utilisez des <strong>lunettes sp\u00e9ciales<\/strong> pour observer l\u2019\u00e9clipse en toute s\u00e9curit\u00e9.<\/li>\n<li>L\u2019<strong>Islande<\/strong> et le nord de l\u2019Espagne verront une \u00e9clipse <strong>totale<\/strong>.<\/li>\n<\/ul>\n<\/td>\n<\/tr>\n<p>Le 12 ao\u00fbt 2026 marquera un \u00e9v\u00e9nement astronomique rare, une \u00e9clipse solaire quasi-totale visible depuis certaines r\u00e9gions de France. Ce ph\u00e9nom\u00e8ne c\u00e9leste exceptionnel, attendu depuis plus de vingt ans, suscite une grande anticipation parmi les passionn\u00e9s d\u2019astronomie et le grand public. Avec des taux d\u2019occultation records pr\u00e9vus, les habitants de villes comme Biarritz et Toulouse pourront vivre une exp\u00e9rience unique. Cependant, il est crucial de rappeler que l\u2019observation de l\u2019\u00e9clipse n\u00e9cessite des pr\u00e9cautions sp\u00e9cifiques pour prot\u00e9ger sa vue.<\/p>\n<p>Un ph\u00e9nom\u00e8ne exceptionnel \u00e0 ne pas manquer<\/p>\n<p>La prochaine \u00e9clipse solaire quasi-totale aura lieu le 12 ao\u00fbt 2026, une date qui restera grav\u00e9e dans les m\u00e9moires des observateurs chanceux. En effet, cela fait plus de vingt ans qu\u2019un tel \u00e9v\u00e9nement n\u2019a pas \u00e9t\u00e9 visible dans l\u2019Hexagone. Cette \u00e9clipse se distingue par ses taux d\u2019occultation in\u00e9dits, atteignant jusqu\u2019\u00e0 99,5 % \u00e0 Biarritz. Toulouse, la Bretagne et la Vend\u00e9e ne seront pas en reste, avec respectivement 98 % et 95 % d\u2019occultation attendus. Cette raret\u00e9 naturelle invite \u00e0 la contemplation et \u00e0 la pr\u00e9paration, car elle ne durera que quelques minutes avant le coucher du soleil.<\/p>\n<blockquote class=\"wp-embedded-content\" data-secret=\"PMCviSMy2A\">\n<p><a href=\"https:\/\/www.enviro2b.com\/2025\/08\/22\/cest-une-catastrophe-brulante-ces-panneaux-solaires-en-plein-desert-devastent-la-faune-locale-et-terrifient-les-experts\/\" rel=\"nofollow noopener\" target=\"_blank\">\u00ab Le soleil va tout br\u00fbler \u00bb : des centrales solaires g\u00e9antes dans le d\u00e9sert d\u00e9clenchent des effets effrayants redout\u00e9s par les scientifiques<\/a><\/p>\n<\/blockquote>\n<p>Lieux privil\u00e9gi\u00e9s pour l\u2019observation<\/p>\n<p>Afin de vivre pleinement ce spectacle c\u00e9leste, certains lieux en France offriront une vue privil\u00e9gi\u00e9e. Biarritz, avec son occultation quasi totale, promet une exp\u00e9rience inoubliable. Toulouse, souvent surnomm\u00e9e la ville rose, verra \u00e9galement une \u00e9clipse impressionnante \u00e0 98 %. Les habitants de l\u2019ouest, notamment en Bretagne et en Vend\u00e9e, b\u00e9n\u00e9ficieront d\u2019une couverture similaire. En revanche, les r\u00e9gions de l\u2019Est, telles que Strasbourg, Marseille et Nice, auront des taux d&rsquo;occultation plus faibles, respectivement de 88 %, 73 % et 64 %. Ces variations rendent chaque observation unique et ajoutent \u00e0 l&rsquo;attrait de cet \u00e9v\u00e9nement.<\/p>\n<blockquote class=\"wp-embedded-content\" data-secret=\"PaffrZKSRF\">\n<p><a href=\"https:\/\/www.enviro2b.com\/2025\/08\/27\/cette-technologie-nucleaire-americaine-financee-a-4-millions-e-bouleverse-lenergie-mondiale-avec-un-reacteur-compact-enfoui-a-1-km\/\" rel=\"nofollow noopener\" target=\"_blank\">Cette technologie nucl\u00e9aire am\u00e9ricaine financ\u00e9e \u00e0 4 millions \u20ac bouleverse l\u2019\u00e9nergie mondiale avec un r\u00e9acteur compact enfoui \u00e0 1 km<\/a><\/p>\n<\/blockquote>\n<p>Pr\u00e9cautions indispensables pour observer en toute s\u00e9curit\u00e9<\/p>\n<p>Si l&rsquo;\u00e9clipse solaire offre un spectacle fascinant, elle pr\u00e9sente aussi des dangers pour les spectateurs non pr\u00e9par\u00e9s. Il est crucial de ne jamais observer le Soleil directement \u00e0 l&rsquo;\u0153il nu, car cela peut provoquer des dommages oculaires graves et irr\u00e9versibles. Pour se prot\u00e9ger, il est imp\u00e9ratif d&rsquo;utiliser des lunettes sp\u00e9ciales con\u00e7ues pour filtrer les rayons solaires nocifs. Les lunettes de soleil classiques, m\u00eame superpos\u00e9es, sont insuffisantes et ne garantissent pas une protection ad\u00e9quate. Une pr\u00e9paration ad\u00e9quate est essentielle pour appr\u00e9cier cet \u00e9v\u00e9nement sans risque.<\/p>\n<blockquote class=\"wp-embedded-content\" data-secret=\"SCufULQ7VC\">\n<p><a href=\"https:\/\/www.enviro2b.com\/2025\/08\/19\/ca-brule-plus-que-lenfer-sur-terre-les-centrales-solaires-du-desert-declenchent-des-effets-monstrueux-redoutes-par-les-scientifiques\/\" rel=\"nofollow noopener\" target=\"_blank\">\u00ab \u00c7a br\u00fble plus que l\u2019enfer sur Terre \u00bb : les centrales solaires du d\u00e9sert d\u00e9clenchent des effets monstrueux redout\u00e9s par les scientifiques<\/a><\/p>\n<\/blockquote>\n<p>Un ph\u00e9nom\u00e8ne mondial : o\u00f9 aller pour une \u00e9clipse totale<\/p>\n<p>Si la France offre des vues spectaculaires, certaines r\u00e9gions du monde b\u00e9n\u00e9ficieront d&rsquo;une \u00e9clipse totale. L&rsquo;Islande, ainsi que le nord du Portugal et de l&rsquo;Espagne, seront plong\u00e9s dans une obscurit\u00e9 compl\u00e8te lorsque la Lune couvrira enti\u00e8rement le Soleil. Pour les passionn\u00e9s d&rsquo;astronomie, ces destinations repr\u00e9sentent une occasion pr\u00e9cieuse d&rsquo;assister \u00e0 une \u00e9clipse totale. Ces lieux, o\u00f9 le jour se transformera temporairement en nuit, offriront une exp\u00e9rience m\u00e9morable et unique. Planifier un voyage vers ces destinations peut s&rsquo;av\u00e9rer \u00eatre une aventure enrichissante pour les amateurs de ph\u00e9nom\u00e8nes c\u00e9lestes.<\/p>\n<p>Alors que l&rsquo;\u00e9clipse solaire de 2026 approche, elle suscite d\u00e9j\u00e0 une grande curiosit\u00e9 et enthousiasme. Cet \u00e9v\u00e9nement rare soul\u00e8ve des questions sur notre compr\u00e9hension des ph\u00e9nom\u00e8nes c\u00e9lestes et sur la mani\u00e8re dont nous pouvons mieux nous pr\u00e9parer pour de futurs \u00e9v\u00e9nements similaires. Comment les prochaines g\u00e9n\u00e9rations se pr\u00e9pareront-elles \u00e0 observer et \u00e0 appr\u00e9cier ces spectacles naturels en toute s\u00e9curit\u00e9\u00a0?<\/p>\n<p>Cet article s\u2019appuie sur des sources v\u00e9rifi\u00e9es et l\u2019assistance de technologies \u00e9ditoriales.<\/p>\n<p id=\"rating\">\u00c7a vous a plu ?\u00a04.5\/5 (30)<\/p>\n","protected":false},"excerpt":{"rendered":"EN BREF \ud83c\udf12 Le 12 ao\u00fbt 2026, une \u00e9clipse solaire quasi-totale sera visible en France. En France, Biarritz&hellip;\n","protected":false},"author":2,"featured_media":441063,"comment_status":"","ping_status":"","sticky":false,"template":"","format":"standard","meta":{"footnotes":""},"categories":[7],"tags":[1011,27,43,40,41,39,42,44],"class_list":{"0":"post-441062","1":"post","2":"type-post","3":"status-publish","4":"format-standard","5":"has-post-thumbnail","7":"category-sciences-et-technologies","8":"tag-fr","9":"tag-france","10":"tag-science","11":"tag-science-and-technology","12":"tag-sciences","13":"tag-sciences-et-technologies","14":"tag-technologies","15":"tag-technology"},"share_on_mastodon":{"url":"https:\/\/pubeurope.com\/@fr\/115322424155137363","error":""},"_links":{"self":[{"href":"https:\/\/www.europesays.com\/fr\/wp-json\/wp\/v2\/posts\/441062","targetHints":{"allow":["GET"]}}],"collection":[{"href":"https:\/\/www.europesays.com\/fr\/wp-json\/wp\/v2\/posts"}],"about":[{"href":"https:\/\/www.europesays.com\/fr\/wp-json\/wp\/v2\/types\/post"}],"author":[{"embeddable":true,"href":"https:\/\/www.europesays.com\/fr\/wp-json\/wp\/v2\/users\/2"}],"replies":[{"embeddable":true,"href":"https:\/\/www.europesays.com\/fr\/wp-json\/wp\/v2\/comments?post=441062"}],"version-history":[{"count":0,"href":"https:\/\/www.europesays.com\/fr\/wp-json\/wp\/v2\/posts\/441062\/revisions"}],"wp:featuredmedia":[{"embeddable":true,"href":"https:\/\/www.europesays.com\/fr\/wp-json\/wp\/v2\/media\/441063"}],"wp:attachment":[{"href":"https:\/\/www.europesays.com\/fr\/wp-json\/wp\/v2\/media?parent=441062"}],"wp:term":[{"taxonomy":"category","embeddable":true,"href":"https:\/\/www.europesays.com\/fr\/wp-json\/wp\/v2\/categories?post=441062"},{"taxonomy":"post_tag","embeddable":true,"href":"https:\/\/www.europesays.com\/fr\/wp-json\/wp\/v2\/tags?post=441062"}],"curies":[{"name":"wp","href":"https:\/\/api.w.org\/{rel}","templated":true}]}}