{"id":441068,"date":"2025-10-05T16:10:13","date_gmt":"2025-10-05T16:10:13","guid":{"rendered":"https:\/\/www.europesays.com\/fr\/441068\/"},"modified":"2025-10-05T16:10:13","modified_gmt":"2025-10-05T16:10:13","slug":"les-republicains-prets-a-poursuivre-leur-participation","status":"publish","type":"post","link":"https:\/\/www.europesays.com\/fr\/441068\/","title":{"rendered":"Les R\u00e9publicains pr\u00eats \u00e0 poursuivre leur participation"},"content":{"rendered":"<p><strong>INFO LE FIGARO <\/strong>&#8211; Une majorit\u00e9 de voix s\u2019est d\u00e9gag\u00e9e \u00e0 droite dimanche lors d\u2019une visioconf\u00e9rence destin\u00e9e \u00e0 \u00e9valuer les engagements de la feuille de route propos\u00e9e par S\u00e9bastien Lecornu. Laurent Wauquiez \u00e9met des r\u00e9serves.<\/p>\n<p class=\"fig-paragraph\">Les R\u00e9publicains sont une majorit\u00e9 \u00e0 juger pr\u00e9f\u00e9rable de rester au gouvernement. Sans s\u2019opposer \u00e0 la d\u00e9cision collective,\u00a0<a href=\"https:\/\/www.lefigaro.fr\/politique\/direct-gouvernement-suspendu-reunion-lr-menace-de-censure-a-gauche-journee-chargee-pour-sebastien-lecornu-20251005\" target=\"_blank\" data-fig-type=\"Live\" rel=\"noopener\" data-gtm-custom-categorie=\"navigation\" data-gtm-custom-action=\"crossclick\" data-gtm-custom-label=\"Contextuel\" data-gtm-event=\"customEventSPE\" data-fig-domain=\"LEFIGARO\">Laurent Wauquiez<\/a>\u00a0estime de son c\u00f4t\u00e9 que les conditions de la participation de la droite au gouvernement ne sont pas r\u00e9unies.<\/p>\n<p class=\"fig-paragraph\">Mais selon les informations recueillies par Le Figaro, la r\u00e9union de coordination organis\u00e9e par la pr\u00e9sidence des R\u00e9publicains \u00e0 partir de 14h30 a permis de d\u00e9gager une majorit\u00e9 de voix favorables \u00e0 la poursuite d\u2019une participation de la droite au gouvernement. \u00abDe nombreux \u00e9lus sont d\u2019accord. Larcher, Darnaud, Barnier, Bellamy, Juvin, Tabarot, Karoutchi\u2026 la plupart des d\u00e9put\u00e9s qui sont intervenus sont en soutien \u00e0 Bruno Retailleau\u00bb, note un participant, alors que sur 33 prises de paroles, 7 se sont exprim\u00e9es contre une participation, selon un d\u00e9compte du parti.<\/p>\n<p class=\"fig-paragraph\">Le r\u00e9sultat est loin d\u2019\u00eatre id\u00e9al pour Les R\u00e9publicains, mais une majorit\u00e9 d\u2019\u00e9lus estiment que des avanc\u00e9es significatives ont \u00e9t\u00e9 obtenues par le chef de la droite et qu\u2019il y aurait plus\u2026<\/p>\n<p class=\"fig-premium-paywall__infos\">\n        Cet article est r\u00e9serv\u00e9 aux abonn\u00e9s.        Il vous reste 31% \u00e0 d\u00e9couvrir.\n    <\/p>\n<p>                <img  data- alt=\"Le Figaro\" class=\"fig-img--complete fig-img\"\/><\/p>\n<p class=\"fig-premium-paywall__title\">Vous avez envie de lire la suite ?<\/p>\n<p class=\"fig-premium-paywall__subtitle\">D\u00e9bloquez tous les articles imm\u00e9diatement.<\/p>\n<p class=\"fig-premium-paywall__connect\">\n                D\u00e9j\u00e0 abonn\u00e9\u00a0?                <a class=\"fig-premium-paywall__connect-link\" href=\"https:\/\/connect.lefigaro.fr\/login?client=horizon_web&amp;type=main&amp;redirect_uri=https%3A%2F%2Fwww.lefigaro.fr%2Fpolitique%2Fles-republicains-prets-a-poursuivre-leur-participation-au-gouvernement-20251005\" data-js-gtm=\"{&quot;customCategorie&quot;: &quot;conversion&quot;, &quot;customAction&quot;: &quot;before_Landing_Connexion_paywall_auto&quot;, &quot;customLabel&quot;: &quot;bGVmaWdhcm8uZnJfXzFmMGExZjQ4LWI0NjgtNmFhYy1hM2QyLWYxMzI1NGJiYTc3Y19fTmV3c0ZsYXNo_Gouvernement de S\u00e9bastien Lecornu\u00a0: Les R\u00e9publicains pr\u00eats \u00e0 poursuivre leur participation_186&quot;, &quot;customIDSPE&quot;: &quot;bGVmaWdhcm8uZnJfXzFmMGExZjQ4LWI0NjgtNmFhYy1hM2QyLWYxMzI1NGJiYTc3Y19fTmV3c0ZsYXNo&quot;, &quot;event&quot;: &quot;customEventSPE&quot;}\" target=\"_blank\" rel=\"noopener\"><br \/>\n                    Connectez-vous<br \/>\n                <\/a>\n            <\/p>\n","protected":false},"excerpt":{"rendered":"INFO LE FIGARO &#8211; Une majorit\u00e9 de voix s\u2019est d\u00e9gag\u00e9e \u00e0 droite dimanche lors d\u2019une visioconf\u00e9rence destin\u00e9e \u00e0&hellip;\n","protected":false},"author":2,"featured_media":441069,"comment_status":"","ping_status":"","sticky":false,"template":"","format":"standard","meta":{"footnotes":""},"categories":[4],"tags":[11,6592,1011,27,418,6319,12,25],"class_list":{"0":"post-441068","1":"post","2":"type-post","3":"status-publish","4":"format-standard","5":"has-post-thumbnail","7":"category-france","8":"tag-actualites","9":"tag-droite","10":"tag-fr","11":"tag-france","12":"tag-gouvernement","13":"tag-les-republicains","14":"tag-news","15":"tag-republique-francaise"},"share_on_mastodon":{"url":"https:\/\/pubeurope.com\/@fr\/115322435977442280","error":""},"_links":{"self":[{"href":"https:\/\/www.europesays.com\/fr\/wp-json\/wp\/v2\/posts\/441068","targetHints":{"allow":["GET"]}}],"collection":[{"href":"https:\/\/www.europesays.com\/fr\/wp-json\/wp\/v2\/posts"}],"about":[{"href":"https:\/\/www.europesays.com\/fr\/wp-json\/wp\/v2\/types\/post"}],"author":[{"embeddable":true,"href":"https:\/\/www.europesays.com\/fr\/wp-json\/wp\/v2\/users\/2"}],"replies":[{"embeddable":true,"href":"https:\/\/www.europesays.com\/fr\/wp-json\/wp\/v2\/comments?post=441068"}],"version-history":[{"count":0,"href":"https:\/\/www.europesays.com\/fr\/wp-json\/wp\/v2\/posts\/441068\/revisions"}],"wp:featuredmedia":[{"embeddable":true,"href":"https:\/\/www.europesays.com\/fr\/wp-json\/wp\/v2\/media\/441069"}],"wp:attachment":[{"href":"https:\/\/www.europesays.com\/fr\/wp-json\/wp\/v2\/media?parent=441068"}],"wp:term":[{"taxonomy":"category","embeddable":true,"href":"https:\/\/www.europesays.com\/fr\/wp-json\/wp\/v2\/categories?post=441068"},{"taxonomy":"post_tag","embeddable":true,"href":"https:\/\/www.europesays.com\/fr\/wp-json\/wp\/v2\/tags?post=441068"}],"curies":[{"name":"wp","href":"https:\/\/api.w.org\/{rel}","templated":true}]}}