{"id":441070,"date":"2025-10-05T16:11:15","date_gmt":"2025-10-05T16:11:15","guid":{"rendered":"https:\/\/www.europesays.com\/fr\/441070\/"},"modified":"2025-10-05T16:11:15","modified_gmt":"2025-10-05T16:11:15","slug":"a-rome-une-impressionnante-maree-humaine-defile-pour-gaza-et-contre-meloni-liberation","status":"publish","type":"post","link":"https:\/\/www.europesays.com\/fr\/441070\/","title":{"rendered":"A Rome, une impressionnante mar\u00e9e humaine d\u00e9file pour Gaza et contre Meloni \u2013 Lib\u00e9ration"},"content":{"rendered":"<p class=\"sc-cPiKLX AiZTS text-element\">Peu avant 16 heures, une clameur s\u2019\u00e9l\u00e8ve dans le cort\u00e8ge. \u00abNos camarades sont \u00e0 l\u2019a\u00e9roport de Tel Aviv. Ils seront ce soir \u00e0 Fiumicino [l\u2019a\u00e9roport de Rome, ndlr]. Vive la r\u00e9sistance palestinienne !\u00bb hurle dans son porte-voix le jeune militant communiste. \u00abFree, free, Palestine\u00bb, redoublent d\u2019ardeur les centaines de milliers de personnes \u2013 250 000 selon la pr\u00e9fecture de police, un million selon les organisateurs \u2013 r\u00e9unies samedi apr\u00e8s-midi \u00e0 Rome \u00e0 l\u2019appel d\u2019organisations pro-palestiniennes, d\u2019associations estudiantines et des franges politiques et syndicales radicales. Dans une Italie d\u00e9j\u00e0 tr\u00e8s mobilis\u00e9e depuis des mois pour la cause palestinienne, <a href=\"https:\/\/www.liberation.fr\/international\/moyen-orient\/interception-de-la-flottille-pour-gaza-la-deputee-lfi-marie-mesmeur-en-greve-de-la-faim-20251003_KOLMW6CMHBGU3IXLPNIW5RFGXQ\/?redirected=1\" target=\"_blank\" rel=\"noopener\" title=\"https:\/\/www.liberation.fr\/international\/moyen-orient\/interception-de-la-flottille-pour-gaza-la-deputee-lfi-marie-mesmeur-en-greve-de-la-faim-20251003_KOLMW6CMHBGU3IXLPNIW5RFGXQ\/?redirected=1\">l\u2019interception mercredi 1er octobre de la flottille pour Gaza<\/a> avec une quarantaine d\u2019activistes italiens \u00e0 bord a provoqu\u00e9 une v\u00e9ritable indignation et une intense mobilisation un peu partout dans la p\u00e9ninsule. <\/p>\n<p class=\"sc-cPiKLX AiZTS text-element\">Quelques heures apr\u00e8s l\u2019abordage par les forces isra\u00e9liennes, des milliers d\u2019Italiens \u00e9taient descendus protester dans la rue. Vendredi, le grand syndicat CGIL, soutenu par les partis <\/p>\n","protected":false},"excerpt":{"rendered":"Peu avant 16 heures, une clameur s\u2019\u00e9l\u00e8ve dans le cort\u00e8ge. \u00abNos camarades sont \u00e0 l\u2019a\u00e9roport de Tel Aviv.&hellip;\n","protected":false},"author":2,"featured_media":441071,"comment_status":"","ping_status":"","sticky":false,"template":"","format":"standard","meta":{"footnotes":""},"categories":[2],"tags":[11,1011,27,3044,452,12,3518],"class_list":{"0":"post-441070","1":"post","2":"type-post","3":"status-publish","4":"format-standard","5":"has-post-thumbnail","7":"category-actualites","8":"tag-actualites","9":"tag-fr","10":"tag-france","11":"tag-giorgia-meloni","12":"tag-italie","13":"tag-news","14":"tag-palestine"},"share_on_mastodon":{"url":"https:\/\/pubeurope.com\/@fr\/115322439906429091","error":""},"_links":{"self":[{"href":"https:\/\/www.europesays.com\/fr\/wp-json\/wp\/v2\/posts\/441070","targetHints":{"allow":["GET"]}}],"collection":[{"href":"https:\/\/www.europesays.com\/fr\/wp-json\/wp\/v2\/posts"}],"about":[{"href":"https:\/\/www.europesays.com\/fr\/wp-json\/wp\/v2\/types\/post"}],"author":[{"embeddable":true,"href":"https:\/\/www.europesays.com\/fr\/wp-json\/wp\/v2\/users\/2"}],"replies":[{"embeddable":true,"href":"https:\/\/www.europesays.com\/fr\/wp-json\/wp\/v2\/comments?post=441070"}],"version-history":[{"count":0,"href":"https:\/\/www.europesays.com\/fr\/wp-json\/wp\/v2\/posts\/441070\/revisions"}],"wp:featuredmedia":[{"embeddable":true,"href":"https:\/\/www.europesays.com\/fr\/wp-json\/wp\/v2\/media\/441071"}],"wp:attachment":[{"href":"https:\/\/www.europesays.com\/fr\/wp-json\/wp\/v2\/media?parent=441070"}],"wp:term":[{"taxonomy":"category","embeddable":true,"href":"https:\/\/www.europesays.com\/fr\/wp-json\/wp\/v2\/categories?post=441070"},{"taxonomy":"post_tag","embeddable":true,"href":"https:\/\/www.europesays.com\/fr\/wp-json\/wp\/v2\/tags?post=441070"}],"curies":[{"name":"wp","href":"https:\/\/api.w.org\/{rel}","templated":true}]}}