{"id":441072,"date":"2025-10-05T16:12:16","date_gmt":"2025-10-05T16:12:16","guid":{"rendered":"https:\/\/www.europesays.com\/fr\/441072\/"},"modified":"2025-10-05T16:12:16","modified_gmt":"2025-10-05T16:12:16","slug":"urbanisme-redynamisation-et-plein-air-le-bilan-de-david-fara","status":"publish","type":"post","link":"https:\/\/www.europesays.com\/fr\/441072\/","title":{"rendered":"urbanisme, redynamisation et plein air, le bilan de David Fara"},"content":{"rendered":"<p>                            L\u2019\u00e9co-quartier des Moli\u00e8res sort de terre et des m\u00e9decins arrivent<\/p>\n<p>La redynamisation du centre-ville est un long chemin pour la municipalit\u00e9 chambonnaire, qui \u0153uvre dans plusieurs domaines avec de nombreux partenaires pour cela. Et l\u2019\u00e9co-quartier des Moli\u00e8res est au c\u0153ur du sujet. Il est entr\u00e9 en phrase op\u00e9rationnelle au cours du mandat, en lien avec Cap M\u00e9tropole, et les premi\u00e8res pierres ont \u00e9t\u00e9 pos\u00e9es cette ann\u00e9e. Une belle satisfaction pour David Fara.<\/p>\n<p>\u00ab\u00a0Les Moli\u00e8res ce n\u2019est pas un quartier p\u00e9riph\u00e9rique, c\u2019est en centre-ville entre la gare, l\u2019\u00e9cole Jean-Jaur\u00e8s et la mairie.\u00a0\u00bb Avant l\u2019implantation de logements dans les ann\u00e9es \u00e0 venir, quatre m\u00e9decins g\u00e9n\u00e9ralistes sont attendus au mois de mai\u00a0dans le futur centre de sant\u00e9 des&#8230;<\/p>\n","protected":false},"excerpt":{"rendered":"L\u2019\u00e9co-quartier des Moli\u00e8res sort de terre et des m\u00e9decins arrivent La redynamisation du centre-ville est un long chemin&hellip;\n","protected":false},"author":2,"featured_media":441073,"comment_status":"","ping_status":"","sticky":false,"template":"","format":"standard","meta":{"footnotes":""},"categories":[9653],"tags":[1111,11,2430,12162,1984,7539,4188,1777,674,1011,27,12161,12,316,25,4001,104],"class_list":{"0":"post-441072","1":"post","2":"type-post","3":"status-publish","4":"format-standard","5":"has-post-thumbnail","7":"category-saint-etienne","8":"tag-actu","9":"tag-actualites","10":"tag-auvergne-rhone-alpes","11":"tag-chambon-feugerolles-ville","12":"tag-conseil-municipal","13":"tag-edition-loire-sud","14":"tag-elections-municipales","15":"tag-eu","16":"tag-europe","17":"tag-fr","18":"tag-france","19":"tag-le-chambon-feugerolles","20":"tag-news","21":"tag-politique","22":"tag-republique-francaise","23":"tag-saint-etienne","24":"tag-societe"},"share_on_mastodon":{"url":"https:\/\/pubeurope.com\/@fr\/115322443821147370","error":""},"_links":{"self":[{"href":"https:\/\/www.europesays.com\/fr\/wp-json\/wp\/v2\/posts\/441072","targetHints":{"allow":["GET"]}}],"collection":[{"href":"https:\/\/www.europesays.com\/fr\/wp-json\/wp\/v2\/posts"}],"about":[{"href":"https:\/\/www.europesays.com\/fr\/wp-json\/wp\/v2\/types\/post"}],"author":[{"embeddable":true,"href":"https:\/\/www.europesays.com\/fr\/wp-json\/wp\/v2\/users\/2"}],"replies":[{"embeddable":true,"href":"https:\/\/www.europesays.com\/fr\/wp-json\/wp\/v2\/comments?post=441072"}],"version-history":[{"count":0,"href":"https:\/\/www.europesays.com\/fr\/wp-json\/wp\/v2\/posts\/441072\/revisions"}],"wp:featuredmedia":[{"embeddable":true,"href":"https:\/\/www.europesays.com\/fr\/wp-json\/wp\/v2\/media\/441073"}],"wp:attachment":[{"href":"https:\/\/www.europesays.com\/fr\/wp-json\/wp\/v2\/media?parent=441072"}],"wp:term":[{"taxonomy":"category","embeddable":true,"href":"https:\/\/www.europesays.com\/fr\/wp-json\/wp\/v2\/categories?post=441072"},{"taxonomy":"post_tag","embeddable":true,"href":"https:\/\/www.europesays.com\/fr\/wp-json\/wp\/v2\/tags?post=441072"}],"curies":[{"name":"wp","href":"https:\/\/api.w.org\/{rel}","templated":true}]}}