{"id":441076,"date":"2025-10-05T16:14:11","date_gmt":"2025-10-05T16:14:11","guid":{"rendered":"https:\/\/www.europesays.com\/fr\/441076\/"},"modified":"2025-10-05T16:14:11","modified_gmt":"2025-10-05T16:14:11","slug":"la-premiere-pierre-a-ete-posee-2","status":"publish","type":"post","link":"https:\/\/www.europesays.com\/fr\/441076\/","title":{"rendered":"la premi\u00e8re pierre a \u00e9t\u00e9 pos\u00e9e"},"content":{"rendered":"<p>Il y avait foule ce vendredi \u00e0 l\u2019angle des rues Pinchard et du Mar\u00e9chal-Koenig, \u00e0 Nancy. \u00c0 l\u2019horizon 2027, y prendra place la future m\u00e9diath\u00e8que du Haut-du-Li\u00e8vre, con\u00e7ue comme un espace de culture de 850\u00a0m2 de plain-pied, ouvert sur l\u2019ext\u00e9rieur avec de larges baies vitr\u00e9es, construit de b\u00e9ton lisse et bouchard\u00e9, de bois aussi.<\/p>\n<p>L\u2019\u00e9quipe actuelle passera de 4 \u00e0 10 salari\u00e9s afin d\u2019animer un lieu qui portera <a href=\"https:\/\/www.estrepublicain.fr\/politique\/2025\/09\/30\/la-mediatheque-du-haut-du-lievre-portera-le-nom-d-une-poetesse-palestinienne\" target=\"_blank\" rel=\"noopener\">le nom de la po\u00e8te palestinienne Fadwa Touqan<\/a> (1917-2003).<\/p>\n<p>\u00ab\u00a0On ne peut plus parler de projet mais \u00e0 pr\u00e9sent de b\u00e2timent et je d\u00e9couvre \u00e0 l\u2019instant le nom que vous avez d\u00e9cid\u00e9 de lui donner. C\u2019est une fiert\u00e9.\u00a0\u00bb L\u2019architecte parisien Rapha\u00ebl Gabrion cl\u00f4turait ainsi les diff\u00e9rentes prises de paroles des repr\u00e9sentants des collectivit\u00e9s qui ont cofinanc\u00e9 ce projet <a href=\"https:\/\/www.estrepublicain.fr\/culture-loisirs\/2025\/03\/17\/le-point-sur-la-mediatheque-du-haut-du-lievre-plus-verte-plus-vraie\" target=\"_blank\" rel=\"noopener\">. <\/a><\/p>\n<p>Son projet architectural, retenu parmi 56 candidatures, prend \u00e0 pr\u00e9sent corps avec cette premi\u00e8re pierre pos\u00e9e sous forme d\u2019un mur de legos.<\/p>\n<p>Au total, 4,7\u00a0millions d\u2019euros financent ce projet.<\/p>\n<p>Le pr\u00e9fet Yves S\u00e9guy pr\u00e9sent \u00e0 cette c\u00e9r\u00e9monie a convoqu\u00e9 Andr\u00e9 Malraux\u00a0: \u00ab\u00a0Parce que la culture ne s\u2019h\u00e9rite pas, elle s\u2019acquiert, je suis heureux d\u2019\u00eatre ici parmi vous pour cet instant particulier.\u00a0\u00bb<\/p>\n<p>Au regard des quelque 200\u00a0personnes venues assister \u00e0 ce d\u00e9marrage officiel des travaux, nul doute que cette m\u00e9diath\u00e8que est un bien pr\u00e9cieux et attendue du c\u00f4t\u00e9 du plateau de Haye.<\/p>\n","protected":false},"excerpt":{"rendered":"Il y avait foule ce vendredi \u00e0 l\u2019angle des rues Pinchard et du Mar\u00e9chal-Koenig, \u00e0 Nancy. \u00c0 l\u2019horizon&hellip;\n","protected":false},"author":2,"featured_media":441077,"comment_status":"","ping_status":"","sticky":false,"template":"","format":"standard","meta":{"footnotes":""},"categories":[9635],"tags":[1111,11,1687,1704,1777,674,1011,27,775,2410,873,1702,1703,12,2661,25],"class_list":{"0":"post-441076","1":"post","2":"type-post","3":"status-publish","4":"format-standard","5":"has-post-thumbnail","7":"category-nancy","8":"tag-actu","9":"tag-actualites","10":"tag-culture-loisirs","11":"tag-edition-nancy-et-agglomeration","12":"tag-eu","13":"tag-europe","14":"tag-fr","15":"tag-france","16":"tag-grand-est","17":"tag-livres-bd","18":"tag-musique","19":"tag-nancy","20":"tag-nancy-ville-54b","21":"tag-news","22":"tag-patrimoine-culturel","23":"tag-republique-francaise"},"share_on_mastodon":{"url":"https:\/\/pubeurope.com\/@fr\/115322451600350078","error":""},"_links":{"self":[{"href":"https:\/\/www.europesays.com\/fr\/wp-json\/wp\/v2\/posts\/441076","targetHints":{"allow":["GET"]}}],"collection":[{"href":"https:\/\/www.europesays.com\/fr\/wp-json\/wp\/v2\/posts"}],"about":[{"href":"https:\/\/www.europesays.com\/fr\/wp-json\/wp\/v2\/types\/post"}],"author":[{"embeddable":true,"href":"https:\/\/www.europesays.com\/fr\/wp-json\/wp\/v2\/users\/2"}],"replies":[{"embeddable":true,"href":"https:\/\/www.europesays.com\/fr\/wp-json\/wp\/v2\/comments?post=441076"}],"version-history":[{"count":0,"href":"https:\/\/www.europesays.com\/fr\/wp-json\/wp\/v2\/posts\/441076\/revisions"}],"wp:featuredmedia":[{"embeddable":true,"href":"https:\/\/www.europesays.com\/fr\/wp-json\/wp\/v2\/media\/441077"}],"wp:attachment":[{"href":"https:\/\/www.europesays.com\/fr\/wp-json\/wp\/v2\/media?parent=441076"}],"wp:term":[{"taxonomy":"category","embeddable":true,"href":"https:\/\/www.europesays.com\/fr\/wp-json\/wp\/v2\/categories?post=441076"},{"taxonomy":"post_tag","embeddable":true,"href":"https:\/\/www.europesays.com\/fr\/wp-json\/wp\/v2\/tags?post=441076"}],"curies":[{"name":"wp","href":"https:\/\/api.w.org\/{rel}","templated":true}]}}