{"id":441084,"date":"2025-10-05T16:20:12","date_gmt":"2025-10-05T16:20:12","guid":{"rendered":"https:\/\/www.europesays.com\/fr\/441084\/"},"modified":"2025-10-05T16:20:12","modified_gmt":"2025-10-05T16:20:12","slug":"cykero-ouvre-son-technocentre-a-castelnau-le-lez","status":"publish","type":"post","link":"https:\/\/www.europesays.com\/fr\/441084\/","title":{"rendered":"Cykero ouvre son technocentre \u00e0 Castelnau-le-Lez"},"content":{"rendered":"<p>L\u2019Allemand Cykero, sp\u00e9cialiste du reconditionnement d\u2019appareils \u00e9lectroniques avec batterie (smartphones, tablettes num\u00e9riques, ordinateurs, montres connect\u00e9s, AirPods\u2026), s\u2019implante dans la r\u00e9gion de Montpellier. L\u2019entreprise va installer son nouveau technocentre dans la zone Eur\u00eaka, \u00e0 Castelnau-le-Lez (H\u00e9rault). Pour l\u2019instant, la soci\u00e9t\u00e9 a transf\u00e9r\u00e9 son site de Maisons-Laffitte (Yvelines) dans des bureaux transitoires de 400 m2 au Montpellier International Business Incubator (MIBI) avant de s\u2019implanter fin 2026 dans un espace de 4000 m\u00b2.<\/p>\n<p>Bicho\u00ef Metias, pr\u00e9sident de Cykero, estime que la capacit\u00e9 de reconditionnement va monter \u00ab\u00a0de 10.000 appareils par mois \u00e0 40.000, pour viser jusqu\u2019\u00e0 200.000 appareils d\u2019ici 2030\u00a0\u00bb. L\u2019entreprise compte aujourd\u2019hui une dizaine de collaborateurs, pour un effectif de cinquante employ\u00e9s vis\u00e9 fin 2026, et cent-soixante en 2030. Diff\u00e9rents profils sont recherch\u00e9s\u00a0: ing\u00e9nieurs, d\u00e9veloppeurs informatiques ou vendeurs techniciens qualifi\u00e9s pour requalifier les appareils les plus complexes\u2026 L\u2019entreprise travaille avec des revendeurs d\u2019appareils reconditionn\u00e9s comme YesYes, CertiDeal ou Asgoodasnew, et le dirigeant de l\u2019entreprise voit l\u2019arriv\u00e9e massive de Back Market en France d\u2019un bon \u0153il\u00a0: \u00ab\u00a0C\u2019est une opportunit\u00e9\u00a0\u00bb, pense-t-il.<\/p>\n<p><strong>Un pop-up store place de la Com\u00e9die \u00e0 Montpellier<\/strong><\/p>\n<p>Fin 2025, Cykero va s\u2019installer au 10 place de la Com\u00e9die, \u00e0 Montpellier, dans une boutique \u00e9ph\u00e9m\u00e8re. L\u2019ambition\u00a0: \u00ab\u00a0rendre le reconditionn\u00e9 d\u00e9sirable\u00a0\u00bb, souffle Bicho\u00ef Metias. \u00c0 cette occasion, Cykero cherche \u00e0 r\u00e9cup\u00e9rer des cuirs invendus afin de produire des accessoires tels que des \u00e9tuis, des pochettes ou des bracelets.<\/p>\n<p>La toute r\u00e9cente entreprise (cr\u00e9\u00e9e en 2020) r\u00e9alise 27 millions d\u2019euros de chiffre d\u2019affaires en 2024, soit une croissance sup\u00e9rieure \u00e0 100\u00a0% par rapport \u00e0 l\u2019ann\u00e9e pr\u00e9c\u00e9dente (12,5 millions d\u2019euros).<br class=\"autobr\"\/><br \/>\nAutre argument facilitant l\u2019implantation de l\u2019entreprise allemande \u00e0 Montpellier et plus globalement en Occitanie\u00a0: les aides financi\u00e8res. La R\u00e9gion Occitanie injecte 800.000 euros dans ce projet d\u2019implantation et la M\u00e9tropole de Montpellier 300.000 euros. \u00ab\u00a0Nous avons choisi la m\u00e9tropole h\u00e9raultaise pour son \u00e9cosyst\u00e8me d\u2019innovation, sa position g\u00e9ographique entre l\u2019Espagne et l\u2019Italie, son cadre de vie et sa main-d\u2019\u0153uvre qualifi\u00e9e\u202f\u00a0\u00bb, souffle le pr\u00e9sident de Cykero.<br class=\"autobr\"\/><br \/>\nJules Mestre<\/p>\n<p>Sur la photo\u00a0: Reconditionnement de produits \u00e9lectroniques. Cr\u00e9dit photo\u00a0: Cykero.<\/p>\n","protected":false},"excerpt":{"rendered":"L\u2019Allemand Cykero, sp\u00e9cialiste du reconditionnement d\u2019appareils \u00e9lectroniques avec batterie (smartphones, tablettes num\u00e9riques, ordinateurs, montres connect\u00e9s, AirPods\u2026), s\u2019implante dans&hellip;\n","protected":false},"author":2,"featured_media":441085,"comment_status":"","ping_status":"","sticky":false,"template":"","format":"standard","meta":{"footnotes":""},"categories":[9599],"tags":[1111,11,51,1777,674,1011,27,311,5701,2208,12,2680,3887,25,16155],"class_list":{"0":"post-441084","1":"post","2":"type-post","3":"status-publish","4":"format-standard","5":"has-post-thumbnail","7":"category-montpellier","8":"tag-actu","9":"tag-actualites","10":"tag-ecologie","11":"tag-eu","12":"tag-europe","13":"tag-fr","14":"tag-france","15":"tag-informatique","16":"tag-innovation","17":"tag-montpellier","18":"tag-news","19":"tag-occitanie","20":"tag-recyclage","21":"tag-republique-francaise","22":"tag-transition-ecologique"},"share_on_mastodon":{"url":"https:\/\/pubeurope.com\/@fr\/115322475299585682","error":""},"_links":{"self":[{"href":"https:\/\/www.europesays.com\/fr\/wp-json\/wp\/v2\/posts\/441084","targetHints":{"allow":["GET"]}}],"collection":[{"href":"https:\/\/www.europesays.com\/fr\/wp-json\/wp\/v2\/posts"}],"about":[{"href":"https:\/\/www.europesays.com\/fr\/wp-json\/wp\/v2\/types\/post"}],"author":[{"embeddable":true,"href":"https:\/\/www.europesays.com\/fr\/wp-json\/wp\/v2\/users\/2"}],"replies":[{"embeddable":true,"href":"https:\/\/www.europesays.com\/fr\/wp-json\/wp\/v2\/comments?post=441084"}],"version-history":[{"count":0,"href":"https:\/\/www.europesays.com\/fr\/wp-json\/wp\/v2\/posts\/441084\/revisions"}],"wp:featuredmedia":[{"embeddable":true,"href":"https:\/\/www.europesays.com\/fr\/wp-json\/wp\/v2\/media\/441085"}],"wp:attachment":[{"href":"https:\/\/www.europesays.com\/fr\/wp-json\/wp\/v2\/media?parent=441084"}],"wp:term":[{"taxonomy":"category","embeddable":true,"href":"https:\/\/www.europesays.com\/fr\/wp-json\/wp\/v2\/categories?post=441084"},{"taxonomy":"post_tag","embeddable":true,"href":"https:\/\/www.europesays.com\/fr\/wp-json\/wp\/v2\/tags?post=441084"}],"curies":[{"name":"wp","href":"https:\/\/api.w.org\/{rel}","templated":true}]}}