{"id":441088,"date":"2025-10-05T16:22:11","date_gmt":"2025-10-05T16:22:11","guid":{"rendered":"https:\/\/www.europesays.com\/fr\/441088\/"},"modified":"2025-10-05T16:22:11","modified_gmt":"2025-10-05T16:22:11","slug":"le-chanteur-julien-dore-a-repondu-a-lappel-dadele-et-va-la-rencontrer-au-zenith-de-rouen","status":"publish","type":"post","link":"https:\/\/www.europesays.com\/fr\/441088\/","title":{"rendered":"Le chanteur Julien Dor\u00e9 a r\u00e9pondu \u00e0 l&rsquo;appel d&rsquo;Ad\u00e8le et va la rencontrer au Z\u00e9nith de Rouen"},"content":{"rendered":"<p>            Par<br \/>\n        <strong><br \/>\n            <a href=\"https:\/\/actu.fr\/auteur\/laredaction\" title=\"Consulter tous les articles de R\u00e9daction Normandie\" rel=\"nofollow noopener\" target=\"_blank\">R\u00e9daction Normandie<\/a><br \/>\n        <\/strong><\/p>\n<p>        Publi\u00e9 le<\/p>\n<p>            5 oct. 2025 \u00e0 17h50        <\/p>\n<p>Ad\u00e8le est atteinte, depuis sa naissance, de <strong>paralysie c\u00e9r\u00e9brale<\/strong>. Ses parents, Camille et Nicolas H\u00e9bert ont cr\u00e9\u00e9 une association \u00e0 <a href=\"https:\/\/actu.fr\/normandie\/boos_76116\" rel=\"nofollow noopener\" target=\"_blank\">Boos (Seine-Maritime)<\/a>, pr\u00e8s de Rouen, pour aider au financement de toutes <strong>les th\u00e9rapies et op\u00e9rations<\/strong> dont elle a besoin pour progresser\u2026 et elle progresse.<\/p>\n<p>\u00ab Ce sera son premier concert \u00bb<\/p>\n<p class=\" wall-content\">C\u2019est une petite fille souriante, <strong>tr\u00e8s courageuse<\/strong>, et comme toutes les petites filles de son \u00e2ge, elle \u00e9coute de la musique. Son chanteur favori, qu\u2019elle adore :<strong> Julien Dor\u00e9<\/strong>. Et c\u2019est aussi le chanteur pr\u00e9f\u00e9r\u00e9 de sa maman, Camille. Ses parents lui ont ainsi fait une grande surprise.<\/p>\n<p class=\" wall-content\">Au mois de f\u00e9vrier, pour ses dix ans, Ad\u00e8le a re\u00e7u en cadeau une place pour aller voir Julien Dor\u00e9 en concert, au Z\u00e9nith de Rouen, ce samedi 4 octobre 2025. \u00ab <strong>Ce sera son premier concert<\/strong>. Nous irons en famille. Depuis que nous avions r\u00e9serv\u00e9 les places, on avait l\u2019id\u00e9e d\u2019\u00e9crire \u00e0 Julien Dor\u00e9 pour lui demander de rencontrer Ad\u00e8le lors du spectacle \u00bb, raconte Camille H\u00e9bert.<\/p>\n<p>\u00ab Qui ne tente rien n\u2019a rien \u00bb<\/p>\n<p class=\" wall-content\">Et lundi soir 22\u00a0septembre, les parents d\u2019Ad\u00e8le se sont d\u00e9cid\u00e9s : via le site de l\u2019association, ils ont envoy\u00e9 \u00e0 Julien Dor\u00e9 une vid\u00e9o d\u2019Ad\u00e8le. \u00ab Qui ne tente rien n\u2019a rien ! \u00bb, sourit la maman d\u2019Ad\u00e8le. Et belle surprise, le mardi matin : \u00ab je m\u2019aper\u00e7ois qu\u2019il avait r\u00e9pondu sur Instagram et partag\u00e9 sur Facebook. Et notre nombre d\u2019abonn\u00e9s est pass\u00e9 de 1 400 \u00e0 plus de 3 000 ! \u00bb, s\u2019enthousiasme <strong>Camille H\u00e9bert<\/strong>, qui ne s\u2019attendait vraiment pas \u00e0 ce qu\u2019il r\u00e9ponde aussi vite, dans l\u2019espace d\u2019une demi-journ\u00e9e.<\/p>\n<p class=\" wall-content\">Le conte de f\u00e9es ne faisait d\u2019ailleurs que commencer ! Le mardi 23\u00a0septembre, Camille est all\u00e9e, comme chaque jour, attendre<strong> sa fille \u00e0 la sortie de son \u00e9cole<\/strong>. Ad\u00e8le est scolaris\u00e9e \u00e0 Bihorel, \u00e0 l\u2019\u00e9cole Montessori, <strong>Le Globe Color\u00e9<\/strong>, mieux adapt\u00e9e \u00e0 son handicap.<\/p>\n<p>    <img   decoding=\"async\" loading=\"lazy\" class=\"size-large\" src=\"https:\/\/www.europesays.com\/fr\/wp-content\/uploads\/2025\/10\/df7fb2d346d86c38fb2d346d8b78fbv-953x640.jpg\" alt=\"Boos Pour aider Ad\u00e8le\" width=\"953\" height=\"640\"\/><br \/>\n    Le chanteur Julien Dor\u00e9 a r\u00e9pondu \u00e0 l\u2019appel d\u2019Ad\u00e8le publi\u00e9 sur la page Facebook de l\u2019association.\u00a0 \u00a9Page Facebook de l\u2019association<\/p>\n<p class=\" wall-content\">D\u00e8s sa sortie de l\u2019\u00e9tablissement, Ad\u00e8le a eu la surprise d\u2019entendre la voix de Julien Dor\u00e9 et son visage s\u2019est illumin\u00e9 d\u00e8s les premiers mots : \u00ab Bonjour Ad\u00e8le, c\u2019est Julien\u2026 je suis en train de regarder la vid\u00e9o o\u00f9 tu me laisses ce joli message. C\u2019est avec grand plaisir qu\u2019on se rencontre au Z\u00e9nith de Rouen. <strong>On va t\u2019accueillir comme il se doit ! \u00bb<\/strong>, lui a annonc\u00e9 le chanteur. Autant dire qu\u2019aujourd\u2019hui, elle attend ce moment avec impatience.<\/p>\n<p>Votre r\u00e9gion, votre actu !<\/p>\n<p>Recevez chaque jour les infos qui comptent pour vous.<\/p>\n<p>\t<a href=\"https:\/\/actu.fr\/newsletter\" class=\"ac-btn ac-btn--corner ac-btn--medium ac-btn--blue800\" rel=\"nofollow noopener\" target=\"_blank\">S&rsquo;incrire<\/a><\/p>\n<p>Association pour aider Ad\u00e8le. Suivre Ad\u00e8le sur le Facebook de l\u2019association ou https:\/\/pouraideradele.wixsite.com\/association\/presentation<\/p>\n<p class=\" wall-content\">Personnalisez votre actualit\u00e9 en ajoutant vos villes et m\u00e9dias en favori avec <a href=\"https:\/\/moncompte.actu.fr\" title=\"D\u00e9couvez Mon Actu\" rel=\"nofollow noopener\" data-trk=\"{&quot;cta&quot;:{&quot;action&quot;:&quot;https:\\\/\\\/moncompte.actu.fr&quot;,&quot;category&quot;:&quot;mon compte&quot;,&quot;from&quot;:&quot;article footer&quot;,&quot;name&quot;:&quot;Mon actu&quot;,&quot;type&quot;:&quot;cta&quot;}}\" target=\"_blank\">Mon Actu<\/a>.<\/p>\n","protected":false},"excerpt":{"rendered":"Par R\u00e9daction Normandie Publi\u00e9 le 5 oct. 2025 \u00e0 17h50 Ad\u00e8le est atteinte, depuis sa naissance, de paralysie&hellip;\n","protected":false},"author":2,"featured_media":441089,"comment_status":"","ping_status":"","sticky":false,"template":"","format":"standard","meta":{"footnotes":""},"categories":[9587],"tags":[1111,11,1777,674,1011,27,1757,873,12,5161,31081,25,9590,71],"class_list":{"0":"post-441088","1":"post","2":"type-post","3":"status-publish","4":"format-standard","5":"has-post-thumbnail","7":"category-rouen","8":"tag-actu","9":"tag-actualites","10":"tag-eu","11":"tag-europe","12":"tag-fr","13":"tag-france","14":"tag-insolite","15":"tag-musique","16":"tag-news","17":"tag-normandie","18":"tag-plateau-est-rouen","19":"tag-republique-francaise","20":"tag-rouen","21":"tag-sante"},"share_on_mastodon":{"url":"https:\/\/pubeurope.com\/@fr\/115322483932026849","error":""},"_links":{"self":[{"href":"https:\/\/www.europesays.com\/fr\/wp-json\/wp\/v2\/posts\/441088","targetHints":{"allow":["GET"]}}],"collection":[{"href":"https:\/\/www.europesays.com\/fr\/wp-json\/wp\/v2\/posts"}],"about":[{"href":"https:\/\/www.europesays.com\/fr\/wp-json\/wp\/v2\/types\/post"}],"author":[{"embeddable":true,"href":"https:\/\/www.europesays.com\/fr\/wp-json\/wp\/v2\/users\/2"}],"replies":[{"embeddable":true,"href":"https:\/\/www.europesays.com\/fr\/wp-json\/wp\/v2\/comments?post=441088"}],"version-history":[{"count":0,"href":"https:\/\/www.europesays.com\/fr\/wp-json\/wp\/v2\/posts\/441088\/revisions"}],"wp:featuredmedia":[{"embeddable":true,"href":"https:\/\/www.europesays.com\/fr\/wp-json\/wp\/v2\/media\/441089"}],"wp:attachment":[{"href":"https:\/\/www.europesays.com\/fr\/wp-json\/wp\/v2\/media?parent=441088"}],"wp:term":[{"taxonomy":"category","embeddable":true,"href":"https:\/\/www.europesays.com\/fr\/wp-json\/wp\/v2\/categories?post=441088"},{"taxonomy":"post_tag","embeddable":true,"href":"https:\/\/www.europesays.com\/fr\/wp-json\/wp\/v2\/tags?post=441088"}],"curies":[{"name":"wp","href":"https:\/\/api.w.org\/{rel}","templated":true}]}}