{"id":441090,"date":"2025-10-05T16:23:22","date_gmt":"2025-10-05T16:23:22","guid":{"rendered":"https:\/\/www.europesays.com\/fr\/441090\/"},"modified":"2025-10-05T16:23:22","modified_gmt":"2025-10-05T16:23:22","slug":"a-rouen-un-week-end-sous-le-signe-du-graff-pour-redonner-vie-a-trois-ponts","status":"publish","type":"post","link":"https:\/\/www.europesays.com\/fr\/441090\/","title":{"rendered":"A Rouen, un week-end sous le signe du graff pour redonner vie \u00e0 trois ponts"},"content":{"rendered":"<p class=\"article__intro\">A l&rsquo;occasion des 30 ans du collectif de graffeurs A31, 110 artistes venus de France et d&rsquo;Europe redonnent vie \u00e0 ces lieux de passage sur les quais de Rouen. Quand l&rsquo;art s&rsquo;invite sous les ponts. <\/p>\n<p>\n      L\u2019actu des r\u00e9gions\n    <\/p>\n<p>\n      Chaque jour, un tour d\u2019horizon des principales infos de toutes les r\u00e9gions.\n    <\/p>\n<p>    France T\u00e9l\u00e9visions utilise votre adresse e-mail afin de vous envoyer la newsletter \u00ab\u00a0L\u2019actu des r\u00e9gions\u00a0\u00bb. Vous pouvez vous d\u00e9sinscrire \u00e0 tout moment via le lien en bas de cette newsletter. <a target=\"_blank\" href=\"https:\/\/www.francetelevisions.fr\/groupe\/confidentialite\/politique-de-confidentialite\/politique-de-confidentialite-de-france-televisions-6503\" rel=\"nofollow noopener\">Notre politique de confidentialit\u00e9<\/a><\/p>\n<p>Ce dimanche 5 octobre au matin, les graffeurs peaufinent les derniers d\u00e9tails. Depuis vendredi 3 octobre, ils ont pris leurs quartiers sous les ponts Guillaume le Conqu\u00e9rant, Jeanne d&rsquo;Arc et Boielideu.<\/p>\n<p>110 graffeurs venus de toute la France et m\u00eame des Pays-Bas et de la Croatie. Chacun avec son style. Mr Hobz lui a choisi une pomme bien rouge d&rsquo;o\u00f9 jaillit un ver rose. L&rsquo;animal tire la langue \u00e0 Obscuro, \u00ab\u00a0mon alter ego n\u00e9gatif et cynique\u00a0\u00bb confie l&rsquo;artiste. \u00ab\u00a0Je le mets souvent en sc\u00e8ne. Il a plut\u00f4t un regard tr\u00e8s critique sur notre soci\u00e9t\u00e9 mais toujours avec une petite touche d&rsquo;humour\u00a0\u00bb.<\/p>\n<p><a data-article-figure=\"\" href=\"https:\/\/france3-regions.franceinfo.fr\/image\/STexbDBIfNW9VKirzXeXY05gz_Q\/1000x750\/regions\/2025\/10\/05\/whatsapp-image-2025-10-05-at-15-16-15-68e27742b0588039070442.jpg\" data-pswp-width=\"1000\" data-pswp-height=\"750\" target=\"_blank\" rel=\"nofollow noopener\"><\/p>\n<p>          <img width=\"600\" height=\"400\" class=\"article-image lazy\" data-src=\"https:\/\/www.europesays.com\/fr\/wp-content\/uploads\/2025\/10\/whatsapp-image-2025-10-05-at-15-16-15-68e27742b0588039070442.jpg\" alt=\"Mr Hobz devant sa pomme g\u00e9ante \" fetchpriority=\"high\" as=\"image\"\/><\/p>\n<p>\n            Mr Hobz devant sa pomme g\u00e9ante<br \/>\n                           \u2022<br \/>\n                                      \u00a9 FTV \/ Mehdi Weber\n                      <\/p>\n<p><\/a><\/p>\n<p>Pour d&rsquo;autres, le travail se concentre sur les lettres. Retour aux sources du graff.<\/p>\n<p><a data-article-figure=\"\" href=\"https:\/\/france3-regions.franceinfo.fr\/image\/zDEXKHw5eCzCSiNQ6q_U8Cc1BtE\/1000x750\/regions\/2025\/10\/05\/whatsapp-image-2025-10-05-at-15-16-14-68e277d4bbe7c372304143.jpg\" data-pswp-width=\"1000\" data-pswp-height=\"750\" target=\"_blank\" rel=\"nofollow noopener\"><\/p>\n<p>          <img width=\"600\" height=\"400\" class=\"article-image lazy\" data-src=\"https:\/\/www.europesays.com\/fr\/wp-content\/uploads\/2025\/10\/whatsapp-image-2025-10-05-at-15-16-14-68e277d4bbe7c372304143.jpg\" alt=\"Sous le pont Boieldieu\" fetchpriority=\"high\" as=\"image\"\/><\/p>\n<p>\n            Sous le pont Boieldieu<br \/>\n                           \u2022<br \/>\n                                      \u00a9 FTV \/ Mehdi Weber\n                      <\/p>\n<p><\/a><\/p>\n<p>\u00a0<\/p>\n<p>Tous se sont donn\u00e9s rendez-vous ce week-end \u00e0 rouen pour c\u00e9l\u00e9brer le trenti\u00e8me anniversaire du collectif a31, ancr\u00e9 en banlieue rouennaise. a l&rsquo;\u00e9poque, ses membres se rencontrent sur les terrains vagues. ces jeunes se r\u00e9unissent en collectif avec l&rsquo;envie de participer au mouvement du graff fra\u00eechement n\u00e9 en france. Dans ces ann\u00e9es-l\u00e0, bomber les murs est consid\u00e9r\u00e9 comme une d\u00e9t\u00e9rioration du bien public. Le graff est donc clandestin, les artistes sortent le plus souvent la nuit .\u00a0<\/p>\n<p><a data-article-figure=\"\" href=\"https:\/\/france3-regions.franceinfo.fr\/image\/NzQldpcKrUla50guKgjnRhx3jA0\/1000x750\/regions\/2025\/10\/05\/whatsapp-image-2025-10-05-at-15-16-14-1-68e27c6c90c84271884750.jpg\" data-pswp-width=\"1000\" data-pswp-height=\"750\" target=\"_blank\" rel=\"nofollow noopener\"><\/p>\n<p>          <img width=\"600\" height=\"400\" class=\"article-image lazy\" data-src=\"https:\/\/www.europesays.com\/fr\/wp-content\/uploads\/2025\/10\/whatsapp-image-2025-10-05-at-15-16-14-1-68e27c6c90c84271884750.jpg\" alt=\"Rouen, le 5 octobre 2025\" fetchpriority=\"high\" as=\"image\"\/><\/p>\n<p>\n            Rouen, le 5 octobre 2025<br \/>\n                           \u2022<br \/>\n                                      \u00a9 FTV \/ Mehdi Weber\n                      <\/p>\n<p><\/a><\/p>\n<p>Mais en ce week-end d&rsquo;octobre 2025, le street art sous les ponts est autoris\u00e9 par la mairie. Et tr\u00e8s appr\u00e9ci\u00e9 des passants : \u00ab\u00a0C&rsquo;est gai et color\u00e9. Le cadre est sympa\u00a0\u00bb explique Maxime, \u00ab\u00a0\u00e7a donne une visibilit\u00e9 \u00e0 des artistes que d&rsquo;ordinaire on n&rsquo;a pas l&rsquo;habitude de voir d&rsquo;aussi pr\u00e8s et en train de travailler. Ca nous permet d&rsquo;\u00eatre au coeur de leur art.\u00a0\u00bb<\/p>\n<p><a data-article-figure=\"\" href=\"https:\/\/france3-regions.franceinfo.fr\/image\/L-NtpK-5WtAedQhcdCeScGpomhY\/1000x750\/regions\/2025\/10\/05\/whatsapp-image-2025-10-05-at-15-16-10-2-68e27c9452f14034588290.jpg\" data-pswp-width=\"1000\" data-pswp-height=\"750\" target=\"_blank\" rel=\"nofollow noopener\"><\/p>\n<p>          <img width=\"600\" height=\"400\" class=\"article-image lazy\" data-src=\"https:\/\/www.europesays.com\/fr\/wp-content\/uploads\/2025\/10\/whatsapp-image-2025-10-05-at-15-16-10-2-68e27c9452f14034588290.jpg\" alt=\"Un des 110 graffeurs \u00e0 la manoeuvre\" fetchpriority=\"high\" as=\"image\"\/><\/p>\n<p>\n            Un des 110 graffeurs \u00e0 la manoeuvre<br \/>\n                           \u2022<br \/>\n                                      \u00a9 FTV \/ Mehdi Weber\n                      <\/p>\n<p><\/a><br \/>\n<a data-article-figure=\"\" href=\"https:\/\/france3-regions.franceinfo.fr\/image\/B86Z4gTaPfHIxXIAkkb-KC1hOHg\/1000x750\/regions\/2025\/10\/05\/whatsapp-image-2025-10-05-at-15-16-08-68e27cb45cc13646510513.jpg\" data-pswp-width=\"1000\" data-pswp-height=\"750\" target=\"_blank\" rel=\"nofollow noopener\"><\/p>\n<p>          <img width=\"600\" height=\"400\" class=\"article-image lazy\" data-src=\"https:\/\/www.europesays.com\/fr\/wp-content\/uploads\/2025\/10\/whatsapp-image-2025-10-05-at-15-16-08-68e27cb45cc13646510513.jpg\" alt=\"Sous le pont Boeildieu\" fetchpriority=\"high\" as=\"image\"\/><\/p>\n<p>\n            Sous le pont Boeildieu<br \/>\n                           \u2022<br \/>\n                                      \u00a9 FTV \/ Mehdi Weber\n                      <\/p>\n<p><\/a><\/p>\n<p>\u00ab\u00a0C&rsquo;est une tr\u00e8s bonne initiative\u00a0\u00bb ajoute Sybille, qui se prom\u00e8ne avec son fils. \u00ab\u00a0Les jam officiels comme celui-ci sont plut\u00f4t rares. De toute fa\u00e7on, sous ces ponts, c&rsquo;est peint en permanence. Alors l\u00e0, c&rsquo;est cool que ce soit fait par des groupes comme les 31 qui sont une institution.\u00a0\u00bb<\/p>\n<p><a data-article-figure=\"\" href=\"https:\/\/france3-regions.franceinfo.fr\/image\/_E0cVOR0ugUzr4fnvZ9LxrehXrg\/1000x750\/regions\/2025\/10\/05\/whatsapp-image-2025-10-05-at-15-16-10-1-68e27d80c55c8142015043.jpg\" data-pswp-width=\"1000\" data-pswp-height=\"750\" target=\"_blank\" rel=\"nofollow noopener\"><\/p>\n<p>          <img width=\"600\" height=\"400\" class=\"article-image lazy\" data-src=\"https:\/\/www.europesays.com\/fr\/wp-content\/uploads\/2025\/10\/whatsapp-image-2025-10-05-at-15-16-10-1-68e27d80c55c8142015043.jpg\" alt=\"Rouen, le 5 octobre 2025\" fetchpriority=\"high\" as=\"image\"\/><\/p>\n<p>\n            Rouen, le 5 octobre 2025<br \/>\n                           \u2022<br \/>\n                                      \u00a9 FTV \/ Mehdi Weber\n                      <\/p>\n<p><\/a><br \/>\n<a data-article-figure=\"\" href=\"https:\/\/france3-regions.franceinfo.fr\/image\/fGynxlJuYseOpj4AeV2p7MAUqKA\/1000x750\/regions\/2025\/10\/05\/whatsapp-image-2025-10-05-at-15-16-10-68e27e0bf130f772524144.jpg\" data-pswp-width=\"1000\" data-pswp-height=\"750\" target=\"_blank\" rel=\"nofollow noopener\"><\/p>\n<p>          <img width=\"600\" height=\"400\" class=\"article-image lazy\" data-src=\"https:\/\/www.europesays.com\/fr\/wp-content\/uploads\/2025\/10\/whatsapp-image-2025-10-05-at-15-16-10-68e27e0bf130f772524144.jpg\" alt=\"Atelier d'artistes, Rouen, le 5 octobre 2025\" fetchpriority=\"high\" as=\"image\"\/><\/p>\n<p>\n            Atelier d&rsquo;artistes, Rouen, le 5 octobre 2025<br \/>\n                           \u2022<br \/>\n                                      \u00a9 FTV \/ Mehdi Weber\n                      <\/p>\n<p><\/a><\/p>\n<p>Des oeuvres \u00e0 d\u00e9couvrir totalement achev\u00e9es d\u00e8s demain lundi 6 octobre.<\/p>\n","protected":false},"excerpt":{"rendered":"A l&rsquo;occasion des 30 ans du collectif de graffeurs A31, 110 artistes venus de France et d&rsquo;Europe redonnent&hellip;\n","protected":false},"author":2,"featured_media":441091,"comment_status":"","ping_status":"","sticky":false,"template":"","format":"standard","meta":{"footnotes":""},"categories":[9587],"tags":[1111,11,1777,674,1011,27,12,5161,25,9590],"class_list":{"0":"post-441090","1":"post","2":"type-post","3":"status-publish","4":"format-standard","5":"has-post-thumbnail","7":"category-rouen","8":"tag-actu","9":"tag-actualites","10":"tag-eu","11":"tag-europe","12":"tag-fr","13":"tag-france","14":"tag-news","15":"tag-normandie","16":"tag-republique-francaise","17":"tag-rouen"},"share_on_mastodon":{"url":"https:\/\/pubeurope.com\/@fr\/115322487122834895","error":""},"_links":{"self":[{"href":"https:\/\/www.europesays.com\/fr\/wp-json\/wp\/v2\/posts\/441090","targetHints":{"allow":["GET"]}}],"collection":[{"href":"https:\/\/www.europesays.com\/fr\/wp-json\/wp\/v2\/posts"}],"about":[{"href":"https:\/\/www.europesays.com\/fr\/wp-json\/wp\/v2\/types\/post"}],"author":[{"embeddable":true,"href":"https:\/\/www.europesays.com\/fr\/wp-json\/wp\/v2\/users\/2"}],"replies":[{"embeddable":true,"href":"https:\/\/www.europesays.com\/fr\/wp-json\/wp\/v2\/comments?post=441090"}],"version-history":[{"count":0,"href":"https:\/\/www.europesays.com\/fr\/wp-json\/wp\/v2\/posts\/441090\/revisions"}],"wp:featuredmedia":[{"embeddable":true,"href":"https:\/\/www.europesays.com\/fr\/wp-json\/wp\/v2\/media\/441091"}],"wp:attachment":[{"href":"https:\/\/www.europesays.com\/fr\/wp-json\/wp\/v2\/media?parent=441090"}],"wp:term":[{"taxonomy":"category","embeddable":true,"href":"https:\/\/www.europesays.com\/fr\/wp-json\/wp\/v2\/categories?post=441090"},{"taxonomy":"post_tag","embeddable":true,"href":"https:\/\/www.europesays.com\/fr\/wp-json\/wp\/v2\/tags?post=441090"}],"curies":[{"name":"wp","href":"https:\/\/api.w.org\/{rel}","templated":true}]}}