{"id":441092,"date":"2025-10-05T16:24:34","date_gmt":"2025-10-05T16:24:34","guid":{"rendered":"https:\/\/www.europesays.com\/fr\/441092\/"},"modified":"2025-10-05T16:24:34","modified_gmt":"2025-10-05T16:24:34","slug":"grenoble-le-groupe-dalain-carignon-exige-lintegralite-du-sondage-sur-les-municipales","status":"publish","type":"post","link":"https:\/\/www.europesays.com\/fr\/441092\/","title":{"rendered":"Grenoble. Le groupe d\u2019Alain Carignon exige l\u2019int\u00e9gralit\u00e9 du sondage sur les municipales"},"content":{"rendered":"<p>Vendredi dernier, <a href=\"https:\/\/www.ledauphine.com\/elections\/2025\/10\/02\/isere-exclusif-municipales-2026-a-grenoble-le-sondage-qui-donne-un-gros-avantage-a-la-liste-de-laurence-ruffin\" target=\"_blank\" rel=\"noopener\">le sondage Cluster 17<\/a> , command\u00e9 par l\u2019association \u00e9cologiste Ades, et donnant un avantage \u00e0 <a href=\"https:\/\/www.ledauphine.com\/p\/laurence-ruffin\" target=\"_blank\" rel=\"noopener\">Laurence Ruffin<\/a>, \u00e9tait publi\u00e9 sur le site du Dauphin\u00e9 Lib\u00e9r\u00e9 puis sur celui de la commission nationale des sondages. La notice de l\u2019enqu\u00eate analysait deux sc\u00e9narios de premier tour pour les municipales de 2026 \u00e0 Grenoble.<\/p>\n<p>Or, ceux qui ont \u00e9t\u00e9 sond\u00e9s avaient not\u00e9 que d\u2019autres questions avaient \u00e9t\u00e9 pos\u00e9es en septembre dernier aux Grenoblois et qu\u2019elles n\u2019apparaissaient pas dans la notice officielle. Cela n\u2019a d\u2019ailleurs pas \u00e9chapp\u00e9 \u00e0 la liste \u201cR\u00e9concilier Grenoble\u201d, dont <a href=\"https:\/\/www.ledauphine.com\/p\/alain-carignon\" target=\"_blank\" rel=\"noopener\">Alain Carignon<\/a> est la t\u00eate de liste.<\/p>\n<p>  \u00ab\u00a0Notre collectif a saisi la commission nationale des sondages\u00a0\u00bb<\/p>\n<p>Ainsi l\u2019animateur du collectif, Cl\u00e9ment Chappet, a envoy\u00e9 un communiqu\u00e9 samedi soir, pour demander la publication int\u00e9grale du sondage. \u00ab\u00a0Notre collectif a saisi la commission nationale des sondages et l\u2019institut de sondage pour exiger cette transparence. La campagne municipale ne doit pas \u00eatre le cadre des coups tordus habituels de l\u2019Ades, groupuscule qui man\u0153uvre pour maintenir la coalition actuelle au pouvoir. Elle doit se d\u00e9rouler dans la clart\u00e9 et les Grenoblois ne doivent pas subir ces op\u00e9rations de communication successives qui faussent le d\u00e9bat et le scrutin. Nous appelons Laurence Ruffin \u00e0 r\u00e9cuser ces m\u00e9thodes.\u00a0\u00bb<\/p>\n<p>Cl\u00e9ment Chappet demande notamment la publication de r\u00e9sultats du test sur le second tour.<\/p>\n","protected":false},"excerpt":{"rendered":"Vendredi dernier, le sondage Cluster 17 , command\u00e9 par l\u2019association \u00e9cologiste Ades, et donnant un avantage \u00e0 Laurence&hellip;\n","protected":false},"author":2,"featured_media":441093,"comment_status":"","ping_status":"","sticky":false,"template":"","format":"standard","meta":{"footnotes":""},"categories":[9566],"tags":[1111,11,2430,112,4188,1777,674,107,1011,27,2731,2732,108,12,316,25],"class_list":{"0":"post-441092","1":"post","2":"type-post","3":"status-publish","4":"format-standard","5":"has-post-thumbnail","7":"category-grenoble","8":"tag-actu","9":"tag-actualites","10":"tag-auvergne-rhone-alpes","11":"tag-edition-grenoble-agglomeration","12":"tag-elections-municipales","13":"tag-eu","14":"tag-europe","15":"tag-fil-info","16":"tag-fr","17":"tag-france","18":"tag-grenoble","19":"tag-grenoble-bassin","20":"tag-isere","21":"tag-news","22":"tag-politique","23":"tag-republique-francaise"},"share_on_mastodon":{"url":"https:\/\/pubeurope.com\/@fr\/115322491006476732","error":""},"_links":{"self":[{"href":"https:\/\/www.europesays.com\/fr\/wp-json\/wp\/v2\/posts\/441092","targetHints":{"allow":["GET"]}}],"collection":[{"href":"https:\/\/www.europesays.com\/fr\/wp-json\/wp\/v2\/posts"}],"about":[{"href":"https:\/\/www.europesays.com\/fr\/wp-json\/wp\/v2\/types\/post"}],"author":[{"embeddable":true,"href":"https:\/\/www.europesays.com\/fr\/wp-json\/wp\/v2\/users\/2"}],"replies":[{"embeddable":true,"href":"https:\/\/www.europesays.com\/fr\/wp-json\/wp\/v2\/comments?post=441092"}],"version-history":[{"count":0,"href":"https:\/\/www.europesays.com\/fr\/wp-json\/wp\/v2\/posts\/441092\/revisions"}],"wp:featuredmedia":[{"embeddable":true,"href":"https:\/\/www.europesays.com\/fr\/wp-json\/wp\/v2\/media\/441093"}],"wp:attachment":[{"href":"https:\/\/www.europesays.com\/fr\/wp-json\/wp\/v2\/media?parent=441092"}],"wp:term":[{"taxonomy":"category","embeddable":true,"href":"https:\/\/www.europesays.com\/fr\/wp-json\/wp\/v2\/categories?post=441092"},{"taxonomy":"post_tag","embeddable":true,"href":"https:\/\/www.europesays.com\/fr\/wp-json\/wp\/v2\/tags?post=441092"}],"curies":[{"name":"wp","href":"https:\/\/api.w.org\/{rel}","templated":true}]}}