{"id":441094,"date":"2025-10-05T16:25:11","date_gmt":"2025-10-05T16:25:11","guid":{"rendered":"https:\/\/www.europesays.com\/fr\/441094\/"},"modified":"2025-10-05T16:25:11","modified_gmt":"2025-10-05T16:25:11","slug":"football-face-a-grenoble-les-ruthenoises-sont-passees-a-cote","status":"publish","type":"post","link":"https:\/\/www.europesays.com\/fr\/441094\/","title":{"rendered":"Football\u00a0: face \u00e0 Grenoble, les Ruth\u00e9noises sont pass\u00e9es \u00e0 c\u00f4t\u00e9"},"content":{"rendered":"<p>\n                                                                La prestation d\u00e9cevante de Rodez a \u00e9t\u00e9 sanctionn\u00e9e par une d\u00e9faite logique contre Grenoble (0-2), dimanche 5\u00a0octobre, lors de la 4e journ\u00e9e de Seconde Ligue.\n                            <\/p>\n<p>La premi\u00e8re des Rafettes \u00e0 Paul-Lignon cette saison a mal tourn\u00e9. Les prot\u00e9g\u00e9es de Karima Taieb ont \u00e9t\u00e9 domin\u00e9es par Grenoble, dimanche 5\u00a0octobre. De quoi refroidir l\u2019ambiance une semaine apr\u00e8s la victoire chez le leader, Lille (2-1).<\/p>\n<p>Au cours d\u2019un d\u00e9but de match timide, les Ruth\u00e9nois ont laiss\u00e9 trop souvent le ballon \u00e0 l\u2019adversaire en milieu de terrain m\u00eame si la premi\u00e8re banderille a \u00e9t\u00e9 pour Emma Martin c\u00f4t\u00e9 droit qui a trouv\u00e9 Sonia Roumiga au second poteau pour un tir hors cadre (7e). Une action bien esseul\u00e9e tant les Grenobloises ont monopolis\u00e9 le jeu. Leur domination territoriale a abouti \u00e0 la lourde frappe de Laurine Baga fr\u00f4lant la transversale (12e).<\/p>\n<p>Ne trouvant pas de solution, les Ruth\u00e9noises se sont lanc\u00e9es dans une s\u00e9rie de longs ballons sans plus de r\u00e9ussite. Les visiteuses ont ouvert le score sur corner par leur capitaine Elsa Domenjoud, apr\u00e8s une sortie aux poings de la gardienne Deborah Garcia (12e).<\/p>\n<p>Le but encaiss\u00e9 a eu pour point positif le r\u00e9veil du onze local. Plus entreprenantes, les co\u00e9quipi\u00e8res d\u2019Eloise S\u00e9venne ont pass\u00e9 la vitesse sup\u00e9rieure et inqui\u00e9t\u00e9 l\u2019arri\u00e8re-garde is\u00e9roise jusqu\u2019\u00e0 la pause.<\/p>\n<p>Un penalty manqu\u00e9 et un carton rouge pour S\u00e9venne<\/p>\n<p>D\u00e8s la reprise de la seconde p\u00e9riode, le Raf a obtenu un penalty pour une faute de main de Romane Pilot. Mais S\u00e9venne a rat\u00e9 l\u2019occasion de remettre les siennes \u00e0 hauteur.<\/p>\n<p>Les Rafettes sont retomb\u00e9es ensuite dans les travers du d\u00e9but de match\u00a0: manque de lucidit\u00e9, d\u2019adresse, de pression sur l\u2019adverse. \u00ab\u00a0Il a manqu\u00e9 beaucoup de choses sur ce match pour esp\u00e9rer l\u2019emporter\u00a0\u00bb, a r\u00e9sum\u00e9 Karima Taieb.<\/p>\n<p>Et quand rien ne va, les probl\u00e8mes se cumulent. La capitaine sang et or a \u00e9cop\u00e9 d\u2019un carton rouge pour faute imaginaire sur l\u2019attaquante Candice Charbonnier. Peu de temps apr\u00e8s, Nehia Sadiki, fra\u00eechement entr\u00e9e en jeu, s\u2019est engouffr\u00e9e dans l\u2019espace laiss\u00e9 vacant pour doubler la mise.<\/p>\n","protected":false},"excerpt":{"rendered":"La prestation d\u00e9cevante de Rodez a \u00e9t\u00e9 sanctionn\u00e9e par une d\u00e9faite logique contre Grenoble (0-2), dimanche 5\u00a0octobre, lors&hellip;\n","protected":false},"author":2,"featured_media":441095,"comment_status":"","ping_status":"","sticky":false,"template":"","format":"standard","meta":{"footnotes":""},"categories":[9566],"tags":[1111,11,2430,1777,674,1011,27,2731,12,25],"class_list":{"0":"post-441094","1":"post","2":"type-post","3":"status-publish","4":"format-standard","5":"has-post-thumbnail","7":"category-grenoble","8":"tag-actu","9":"tag-actualites","10":"tag-auvergne-rhone-alpes","11":"tag-eu","12":"tag-europe","13":"tag-fr","14":"tag-france","15":"tag-grenoble","16":"tag-news","17":"tag-republique-francaise"},"share_on_mastodon":{"url":"https:\/\/pubeurope.com\/@fr\/115322494971917156","error":""},"_links":{"self":[{"href":"https:\/\/www.europesays.com\/fr\/wp-json\/wp\/v2\/posts\/441094","targetHints":{"allow":["GET"]}}],"collection":[{"href":"https:\/\/www.europesays.com\/fr\/wp-json\/wp\/v2\/posts"}],"about":[{"href":"https:\/\/www.europesays.com\/fr\/wp-json\/wp\/v2\/types\/post"}],"author":[{"embeddable":true,"href":"https:\/\/www.europesays.com\/fr\/wp-json\/wp\/v2\/users\/2"}],"replies":[{"embeddable":true,"href":"https:\/\/www.europesays.com\/fr\/wp-json\/wp\/v2\/comments?post=441094"}],"version-history":[{"count":0,"href":"https:\/\/www.europesays.com\/fr\/wp-json\/wp\/v2\/posts\/441094\/revisions"}],"wp:featuredmedia":[{"embeddable":true,"href":"https:\/\/www.europesays.com\/fr\/wp-json\/wp\/v2\/media\/441095"}],"wp:attachment":[{"href":"https:\/\/www.europesays.com\/fr\/wp-json\/wp\/v2\/media?parent=441094"}],"wp:term":[{"taxonomy":"category","embeddable":true,"href":"https:\/\/www.europesays.com\/fr\/wp-json\/wp\/v2\/categories?post=441094"},{"taxonomy":"post_tag","embeddable":true,"href":"https:\/\/www.europesays.com\/fr\/wp-json\/wp\/v2\/tags?post=441094"}],"curies":[{"name":"wp","href":"https:\/\/api.w.org\/{rel}","templated":true}]}}