{"id":441096,"date":"2025-10-05T16:26:13","date_gmt":"2025-10-05T16:26:13","guid":{"rendered":"https:\/\/www.europesays.com\/fr\/441096\/"},"modified":"2025-10-05T16:26:13","modified_gmt":"2025-10-05T16:26:13","slug":"cest-quelque-chose-dexceptionnel-une-nouvelle-eglise-va-ouvrir-dans-ce-quartier-de-rennes","status":"publish","type":"post","link":"https:\/\/www.europesays.com\/fr\/441096\/","title":{"rendered":"\u00ab\u00a0C\u2019est quelque chose d\u2019exceptionnel\u00a0\u00bb\u00a0: une nouvelle \u00e9glise va ouvrir dans ce quartier de Rennes"},"content":{"rendered":"<p>Situ\u00e9 \u00e0 deux kilom\u00e8tres du centre-ville, le long de la Vilaine, le nouveau quartier Baud-Chardonnet a vu ses premiers habitants s\u2019installer depuis 2017. L\u2019endroit, qui doit s\u2019\u00e9tendre \u00e0 l\u2019horizon 2032 sur 35 ha, accueille d\u00e9j\u00e0 notamment des commerces, des cr\u00e8ches ou encore une \u00e9cole. Il n\u2019y avait pour l\u2019heure aucune \u00e9glise au sein du quartier. Celle-ci devrait ouvrir ses portes en d\u00e9cembre prochain.<\/p>\n<p><img decoding=\"async\" src=\"https:\/\/www.europesays.com\/fr\/wp-content\/uploads\/2025\/10\/68e28ce314aa38710b0dd395.1.jpeg\" width=\"480\" height=\"300\" class=\"web_golden_m\" loading=\"lazy\" alt=\"L\u2019\u00e9glise de 120 places est implant\u00e9e entre deux immeubles d\u2019habitation du quartier Baud-Chardonnet.\"\/>L\u2019\u00e9glise de 120 places est implant\u00e9e entre deux immeubles d\u2019habitation du quartier Baud-Chardonnet. (Le T\u00e9l\u00e9gramme\/Erwan Miloux)Un \u00e9change de lieu<\/p>\n<p>Inutile de chercher un clocher au milieu des constructions neuves sorties de terre. L\u2019\u00e9difice religieux, de conception moderne, n\u2019en a pas. Ins\u00e9r\u00e9e entre deux immeubles d\u2019habitation, son entr\u00e9e se fonde dans le d\u00e9cor ambiant : verre, m\u00e9tal et b\u00e9ton. Seule une inscription sur sa fa\u00e7ade indique la pr\u00e9sence du lieu de culte : \u00ab Ici bient\u00f4t votre prochaine \u00e9glise Marcel Callo \u00bb du nom d\u2019un ouvrier imprimeur rennais ayant fait partie de la Jeunesse ouvri\u00e8re chr\u00e9tienne (JOC) mort en d\u00e9portation au camp de concentration de Mauthausen, en Autriche, en 1945. \u00ab Le projet a d\u00e9but\u00e9 il y a huit ans. La mairie \u00e9tait int\u00e9ress\u00e9e pour r\u00e9cup\u00e9rer la chapelle Saint-Bernard situ\u00e9e rue Alphonse Gu\u00e9rin. En lien avec le dioc\u00e8se elle a ainsi propos\u00e9 en \u00e9change un emplacement dans ce nouveau quartier \u00bb explique Ga\u00ebl de Bouteiller le cur\u00e9 de la paroisse Saint-H\u00e9lier \u00e0 laquelle est rattach\u00e9e la nouvelle \u00e9glise.<\/p>\n<p><img decoding=\"async\" src=\"https:\/\/www.europesays.com\/fr\/wp-content\/uploads\/2025\/10\/68e28ce30c4d11c85e04db63.1.jpeg\" width=\"480\" height=\"300\" class=\"web_golden_m\" loading=\"lazy\" alt=\"\u00ab\u00a0La cons\u00e9cration d\u2019une nouvelle \u00e9glise c\u2019est quelque chose d\u2019exceptionnel dans la vie d\u2019un pr\u00eatre\u00a0\u00bb\"\/>\u00ab\u00a0La cons\u00e9cration d\u2019une nouvelle \u00e9glise c\u2019est quelque chose d\u2019exceptionnel dans la vie d\u2019un pr\u00eatre\u00a0\u00bb (Le T\u00e9l\u00e9gramme\/Erwan Miloux)\u00ab Derni\u00e8re \u00e9glise rennaise en 1971 \u00bb<\/p>\n<p>\u00c0 Rennes, o\u00f9 le dioc\u00e8se compte une cath\u00e9drale quatorze \u00e9glises et cinq chapelles l\u2019ouverture d\u2019un nouveau lieu de culte reste toutefois un \u00e9v\u00e8nement rare. \u00ab On a plut\u00f4t tendance \u00e0 transformer ou fermer des \u00e9glises, surtout en campagne, plut\u00f4t qu\u2019\u00e0 en ouvrir de nouvelles. La cons\u00e9cration d\u2019une nouvelle \u00e9glise c\u2019est quelque chose d\u2019exceptionnel dans la vie d\u2019un pr\u00eatre. \u00c7a n\u2019arrive pas tous les jours. Je pense qu\u2019\u00e0 Rennes la derni\u00e8re fut l\u2019\u00e9glise Saint-Beno\u00eet dans le quartier du Blosne qui a \u00e9t\u00e9 construite en 1971 \u00bb souligne le pr\u00eatre. Plus r\u00e9cemment, en 2018, c\u2019est \u00e0 Saint-Jacques-de-la-Lande, pr\u00e8s de Rennes, qu\u2019une \u00e9glise, l\u2019Anastasis, est sortie de terre dans le cadre de la cr\u00e9ation du nouveau centre-ville de la commune. Elle fut alors la premi\u00e8re \u00e9glise bretonne \u00e0 \u00eatre consacr\u00e9e au XXIe si\u00e8cle. L\u2019\u00e9glise Marcel Callo, plus modeste, pourra, elle, accueillir jusqu\u2019\u00e0 120 personnes.<\/p>\n<p><img decoding=\"async\" src=\"https:\/\/www.europesays.com\/fr\/wp-content\/uploads\/2025\/10\/68e28ce2bebf43e5df0a8ae4.1.jpeg\" width=\"480\" height=\"300\" class=\"web_golden_m\" loading=\"lazy\" alt=\"Capucine et Louis des fid\u00e8les de la future \u00e9glise et le p\u00e8re\u00a0Ga\u00ebl de Bouteiller.\"\/>Capucine et Louis des fid\u00e8les de la future \u00e9glise et le p\u00e8re\u00a0Ga\u00ebl de Bouteiller. (Le T\u00e9l\u00e9gramme\/Erwan Miloux)\u00ab Un moteur de la coh\u00e9sion \u00bb<\/p>\n<p>Si le gros \u0153uvre est achev\u00e9, l\u2019\u00e9difice est toujours en travaux. \u00c0 terme une croix v\u00e9g\u00e9talis\u00e9e devrait prendre place au-dessus de l\u2019entr\u00e9e dont la fa\u00e7ade sera orn\u00e9e de lave \u00e9maill\u00e9e et de vitraux. Une d\u00e9coration cr\u00e9\u00e9e par l\u2019artiste Pierre Le Cacheux qui va \u00e9galement concevoir l\u2019am\u00e9nagement int\u00e9rieur de l\u2019\u00e9glise, le tout financ\u00e9 par le dioc\u00e8se et les dons des paroissiens. Alors que le nombre de fid\u00e8les est en perte de vitesse, si pour certains l\u2019arriv\u00e9e d\u2019un nouveau lieu de culte peut \u00e9tonner ce n\u2019est pas le cas du responsable de la paroisse : \u00ab Je constate qu\u2019il y a un regain spirituel. Beaucoup de gens sont en recherche. D\u2019\u00eatre ici c\u2019est un signe qui permet d\u2019apporter un nouveau lieu de partage un suppl\u00e9ment d\u2019\u00e2me \u00e0 ce quartier \u00bb note le cur\u00e9 qui voit l\u00e0 \u00ab un nouveau challenge \u00bb. M\u00eame avis pour Louis et Capucine un jeune couple de fid\u00e8les qui suivent le projet situ\u00e9 pr\u00e8s de chez eux \u00ab Cette nouvelle \u00e9glise, c\u2019est une porte ouverte sur les autres, aux fid\u00e8les d\u00e9j\u00e0 pr\u00e9sents dans le quartier, mais aussi \u00e0 les tous habitants avec qui on veut cr\u00e9er du lien. On envisage notamment de pouvoir faire de l\u2019aide aux devoirs dans la salle paroissiale. Ce lieu peut devenir un moteur de la coh\u00e9sion qui commence \u00e0 se cr\u00e9er \u00bb.<\/p>\n<p>L\u2019\u00e9glise Marcel Callo ouvrira ses portes au public les 6 et 7 d\u00e9cembre prochain, \u00e0 l\u2019occasion de son inauguration. La cons\u00e9cration religieuse du lieu de culte se d\u00e9roulera, elle, au mois de f\u00e9vrier 2026.<\/p>\n","protected":false},"excerpt":{"rendered":"Situ\u00e9 \u00e0 deux kilom\u00e8tres du centre-ville, le long de la Vilaine, le nouveau quartier Baud-Chardonnet a vu ses&hellip;\n","protected":false},"author":2,"featured_media":441097,"comment_status":"","ping_status":"","sticky":false,"template":"","format":"standard","meta":{"footnotes":""},"categories":[2821],"tags":[1111,11,829,765,1777,674,1011,27,848,12,584,25],"class_list":{"0":"post-441096","1":"post","2":"type-post","3":"status-publish","4":"format-standard","5":"has-post-thumbnail","7":"category-rennes","8":"tag-actu","9":"tag-actualites","10":"tag-bretagne","11":"tag-en-continu","12":"tag-eu","13":"tag-europe","14":"tag-fr","15":"tag-france","16":"tag-ille-et-vilaine","17":"tag-news","18":"tag-rennes","19":"tag-republique-francaise"},"share_on_mastodon":{"url":"https:\/\/pubeurope.com\/@fr\/115322499463945102","error":""},"_links":{"self":[{"href":"https:\/\/www.europesays.com\/fr\/wp-json\/wp\/v2\/posts\/441096","targetHints":{"allow":["GET"]}}],"collection":[{"href":"https:\/\/www.europesays.com\/fr\/wp-json\/wp\/v2\/posts"}],"about":[{"href":"https:\/\/www.europesays.com\/fr\/wp-json\/wp\/v2\/types\/post"}],"author":[{"embeddable":true,"href":"https:\/\/www.europesays.com\/fr\/wp-json\/wp\/v2\/users\/2"}],"replies":[{"embeddable":true,"href":"https:\/\/www.europesays.com\/fr\/wp-json\/wp\/v2\/comments?post=441096"}],"version-history":[{"count":0,"href":"https:\/\/www.europesays.com\/fr\/wp-json\/wp\/v2\/posts\/441096\/revisions"}],"wp:featuredmedia":[{"embeddable":true,"href":"https:\/\/www.europesays.com\/fr\/wp-json\/wp\/v2\/media\/441097"}],"wp:attachment":[{"href":"https:\/\/www.europesays.com\/fr\/wp-json\/wp\/v2\/media?parent=441096"}],"wp:term":[{"taxonomy":"category","embeddable":true,"href":"https:\/\/www.europesays.com\/fr\/wp-json\/wp\/v2\/categories?post=441096"},{"taxonomy":"post_tag","embeddable":true,"href":"https:\/\/www.europesays.com\/fr\/wp-json\/wp\/v2\/tags?post=441096"}],"curies":[{"name":"wp","href":"https:\/\/api.w.org\/{rel}","templated":true}]}}