{"id":441099,"date":"2025-10-05T16:30:29","date_gmt":"2025-10-05T16:30:29","guid":{"rendered":"https:\/\/www.europesays.com\/fr\/441099\/"},"modified":"2025-10-05T16:30:29","modified_gmt":"2025-10-05T16:30:29","slug":"par-sa-proprete-nice-est-lune-des-grandes-villes-les-mieux-gerees-de-france","status":"publish","type":"post","link":"https:\/\/www.europesays.com\/fr\/441099\/","title":{"rendered":"par sa propret\u00e9, Nice est l&rsquo;une des grandes villes les mieux g\u00e9r\u00e9es de France"},"content":{"rendered":"<p><strong>Partie 1\/2. C\u2019est l\u2019ann\u00e9e des jardins \u00e0\u00a0Nice, avec notamment l\u2019inauguration, d\u2019ici quelques jours, de la \u00ab\u00a0coul\u00e9e verte, saison 2\u00a0\u00bb dans le centre-ville. La question de la propret\u00e9 fait aussi d\u00e9battre, avec le top d\u00e9part de la campagne des \u00e9lections municipales. Deux sujets au coeur des d\u00e9l\u00e9gations assur\u00e9es par Pierre-Paul L\u00e9onelli, adjoint de Christian Estrosi et patron de la majorit\u00e9.<\/strong><\/p>\n<p>Gestion des d\u00e9chets et propret\u00e9 des\u00a0rues<\/p>\n<p>Les autres candidats \u00e0\u00a0l\u2019\u00e9lection municipale d\u00e9noncent une \u00ab\u00a0commune mal entretenue\u00a0\u00bb. Nice a-t-elle un niveau de propret\u00e9 digne de la 5e ville de France, selon\u00a0vous\u00a0?<\/p>\n<p>Je vous parle de nettoiement, pas d\u2019\u00e9tat de la voirie\u00a0: un espace public qui est propre, c\u2019est un espace entretenu chaque jour. C\u2019est ce que nous faisons. Pour qu\u2019il le reste, il ne doit pas faire l\u2019objet de d\u00e9gradations. Nice est une ville excellemment bien tenue, ce sont les touristes qui nous le disent, notamment ceux des pays nordiques, et ils sont exigeants\u00a0! Nos agents ont re\u00e7u <a href=\"https:\/\/nicepresse.com\/label-ville-propre-la-metropole-de-nice-recompensee-voici-les-actions-mises-en-place\/\" data-wpel-link=\"internal\" target=\"_blank\" rel=\"noopener noreferrer nofollow\">des prix nationaux pour leurs efforts<\/a>.<\/p>\n<p>Vous me demandez si on est au niveau de la cinqui\u00e8me grande ville\u00a0: je vous dis que nous faisons m\u00eame mieux que la deuxi\u00e8me (Marseille) et que la premi\u00e8re (Paris) ! Ici, il n\u2019y a\u00a0pas d\u2019affichage sauvage, et pas de tags. Ou alors pas longtemps\u00a0!<\/p>\n<p>Il y\u00a0a encore des quartiers tr\u00e8s sales, notamment les perpendiculaires de Jean-M\u00e9decin. Que\u00a0faire\u00a0?<\/p>\n<p>La cl\u00e9, c\u2019est la verbalisation. Les policiers municipaux ne peuvent pas \u00eatre partout. Il faut engager une r\u00e9forme pour que les agents du nettoiement soient en mesure de dresser des proc\u00e8s-verbaux. L\u00e0, on avancerait vite. Nous avons d\u00e9j\u00e0 cr\u00e9\u00e9 la LAC, la brigade de Lutte contre les Atteintes au Cadre de vie, qui <a href=\"https:\/\/nicepresse.com\/a-nice-ils-traquent-les-incivilites-et-leurs-auteurs\/\" data-wpel-link=\"internal\" target=\"_blank\" rel=\"noopener noreferrer nofollow\">permet de sanctionner les auteurs d\u2019incivilit\u00e9s graves<\/a>. On a\u00a050.000 chiens \u00e0\u00a0Nice, une ville qui offre les sachets pour les d\u00e9jections. Que chacun soit responsable, et ramasse. L\u00e0 aussi, cela r\u00e9glerait bien des choses\u00a0!<\/p>\n<p><img loading=\"lazy\" decoding=\"async\" width=\"1120\" height=\"630\" src=\"data:image\/svg+xml,%3Csvg%20xmlns=\" http:=\"\" alt=\"IMG 7924 1120x630 1\" class=\"wp-image-252939\" title=\"Pierre-Paul L\u00e9onelli \u00e0 Nice-Presse Dimanche : &quot;par sa propret\u00e9, Nice est l'une des grandes villes les mieux g\u00e9r\u00e9es de France&quot; 1\" data-lazy- data-lazy- data-lazy-src=\"https:\/\/www.europesays.com\/fr\/wp-content\/uploads\/2025\/10\/IMG_7924-1120x630-1.jpg\"\/><\/p>\n<p>On entend beaucoup que la ville manque de poubelles\u2026<\/p>\n<p>Il ne faut pas tout confondre. On ne peut pas se dire \u00ab\u00a0ville \u00e9colo\u00a0\u00bb si on met des corbeilles partout. Moi je pr\u00e9f\u00e8re les compactrices \u00e0\u00a0\u00e9nergie solaire, l\u2019\u00e9quivalent de quinze corbeilles. On fait beaucoup d\u2019\u00e9conomies, et cela \u00e9vite que chacun vienne y\u00a0jeter ses ordures m\u00e9nag\u00e8res alors qu\u2019elles n\u2019ont rien \u00e0\u00a0y faire. Les citoyens doivent aussi changer d\u2019habitudes, et garder en main, quelques m\u00e8tres, leurs d\u00e9chets, le temps de trouver une compactrice ou une corbeille. Il y\u00a0en a\u00a0tous les cent m\u00e8tres, ce n\u2019est tout de m\u00eame pas difficile.<\/p>\n<p>Dans la m\u00e9tropole, des maires et des candidats estiment que toutes les communes ne sont pas trait\u00e9es de la m\u00eame fa\u00e7on pour ce qui est de la collecte. Que r\u00e9pondez-vous\u00a0?<\/p>\n<p>Depuis que la M\u00e9tropole se charge du ramassage, toutes les communes ont acc\u00e8s \u00e0\u00a0un bien meilleur service qu\u2019auparavant. Plus r\u00e9gulier, plus solide, notamment pour les encombrants. Elles pourraient d\u00e9l\u00e9guer ceci au secteur priv\u00e9, mais la facture serait plus lourde, c\u2019est pour \u00e7a qu\u2019aucune mairie ne le\u00a0fait.<\/p>\n<p>Je lis dans vos colonnes le d\u00e9put\u00e9 <a href=\"https:\/\/nicepresse.com\/municipales-2026-securite-stationnement-chantiers-mon-plan-pour-relancer-cagnes-sur-mer-bryan-masson-a-nice-presse-dimanche\/\" data-wpel-link=\"internal\" target=\"_blank\" rel=\"noopener noreferrer nofollow\">Bryan Masson relayer ces critiques l\u00e0<\/a>. Il pose des questions stupides. Ce qui est inqui\u00e9tant pour un l\u00e9gislateur et un candidat aux municipales, c\u2019est qu\u2019il ne comprend rien au fonctionnement des choses, notamment \u00e0\u00a0la taxe-d\u00e9chets (la TEOM), la plus basse des Alpes-Maritimes. Ces remarques sont absurdes\u00a0: une ville de 360.000 habitants, Nice, n\u2019a pas les m\u00eames besoins qu\u2019une autre de 50.000, Cagnes.<\/p>\n<p>La r\u00e9alit\u00e9, c\u2019est qu\u2019il conna\u00eet surtout Saint-Laurent, m\u00eame s\u2019il d\u00e9barque aujourd\u2019hui \u00e0\u00a0Cagnes par opportunisme politique.\u00a0<\/p>\n<p>Comme ses autres copains de l\u2019extr\u00eame droite, Alexandra Masson, Eric Ciotti\u2026 ils copient-collent le programme du RN sans rien savoir de ce qui est fait ou non ici. Alors ils disent partout que les villes sont sales et dangereuses\u00a0!\u00a0<\/p>\n<p><a href=\"https:\/\/www.nicecotedazur.org\/actualites\/ensemble-face-aux-risques-majeurs\/\" data-wpel-link=\"external\" target=\"_blank\" rel=\"external noopener noreferrer nofollow\"><img loading=\"lazy\" decoding=\"async\" width=\"300\" height=\"300\" src=\"data:image\/svg+xml,%3Csvg%20xmlns=\" http:=\"\" alt=\"\" class=\"wp-image-252503\" data-lazy-src=\"https:\/\/www.europesays.com\/fr\/wp-content\/uploads\/2025\/10\/decli-web_risques-majeurs2025_nicepresse_300-x-300.jpg\"\/><\/a><\/p>\n<p>Qu\u2019ils racontent ce qu\u2019ils veulent, mais la M\u00e9tropole garantit un service qu\u2019aucune commune pourrait s\u2019offrir autrement. Ils nous balancent que Nice, Cagnes et Menton sont des villes d\u00e9grad\u00e9es, \u00e7a me fait bien rire. C\u2019est du populisme de bas \u00e9tage. J\u2019attendrais plut\u00f4t que ces gens-l\u00e0 m\u2019envoient des remerciements.<\/p>\n<p>Deux nouvelles coul\u00e9es vertes<\/p>\n<p><img loading=\"lazy\" decoding=\"async\" width=\"945\" height=\"630\" src=\"data:image\/svg+xml,%3Csvg%20xmlns=\" http:=\"\" alt=\"G12c9C8WIAAPTW\" class=\"wp-image-252205\" title=\"Pierre-Paul L\u00e9onelli \u00e0 Nice-Presse Dimanche : &quot;par sa propret\u00e9, Nice est l'une des grandes villes les mieux g\u00e9r\u00e9es de France&quot; 2\" data-lazy- data-lazy- data-lazy-src=\"https:\/\/www.europesays.com\/fr\/wp-content\/uploads\/2025\/10\/G12c9C8WIAAPTW--945x630.jpeg\"\/><\/p>\n<p>Vous avez inaugur\u00e9 il y\u00a0a quelques jours un premier morceau du futur Grand parc de la Plaine du Var. \u00c0\u00a0terme, \u00e0\u00a0quoi faut-il s\u2019attendre\u00a0?<\/p>\n<p>Il sera inaugur\u00e9, en totalit\u00e9, d\u2019ici \u00e0\u00a0la fin 2029, sur une trentaine d\u2019hectares. Ce sera un grand ruban vert, tr\u00e8s sauvage, tr\u00e8s agricole par endroits aussi. Je vois que les familles se sont d\u00e9j\u00e0 appropri\u00e9es le <a href=\"https:\/\/nicepresse.com\/a-nice-cest-lannee-des-jardins-ceux-qui-viennent-tout-juste-douvrir-et-la-grande-nouveaute-attendue-dans-les-prochains-jours-en-centre-ville\/\" data-wpel-link=\"internal\" target=\"_blank\" rel=\"noopener noreferrer nofollow\">jardin que nous avons ouvert sur trois hectares<\/a>, avec Christian Estrosi, la semaine pass\u00e9e. Il rejoindra bient\u00f4t l\u2019espace vert de Nika\u00efa, sur 7\u00a0ha. La philosophie que nous y\u00a0d\u00e9veloppons, c\u2019est cet ombrage, cette climatisation naturelle et cette authenticit\u00e9. Il y\u00a0a eu tout un travail d\u2019am\u00e9nagement mais on dirait que le parc a\u00a0toujours exist\u00e9\u00a0!<\/p>\n<p>Cela compense-t-il vraiment l\u2019urbanisation importante de Nice-Ouest\u00a0?<\/p>\n<p>L\u2019enjeu, ce n\u2019est pas seulement d\u2019avoir un coin pour pique-niquer ou prendre le frais. Nous avons men\u00e9 un travail massif de d\u00e9pollution des sols, dans un coin tr\u00e8s pollu\u00e9, peupl\u00e9 de casses automobiles et de d\u00e9p\u00f4ts de pneus. Un tiers des espaces au total sont trait\u00e9s et v\u00e9g\u00e9talis\u00e9s, d\u00e9simperm\u00e9abilis\u00e9s.\u00a0<\/p>\n<p><img loading=\"lazy\" decoding=\"async\" width=\"1112\" height=\"630\" src=\"data:image\/svg+xml,%3Csvg%20xmlns=\" http:=\"\" alt=\"1200x680 1\" class=\"wp-image-252938\" title=\"Pierre-Paul L\u00e9onelli \u00e0 Nice-Presse Dimanche : &quot;par sa propret\u00e9, Nice est l'une des grandes villes les mieux g\u00e9r\u00e9es de France&quot; 3\" data-lazy- data-lazy- data-lazy-src=\"https:\/\/www.europesays.com\/fr\/wp-content\/uploads\/2025\/10\/1200x680-1-1112x630.jpeg\"\/><\/p>\n<p>Vous d\u00e9voilerez le 18 octobre la \u00ab\u00a0nouvelle\u00a0\u00bb coul\u00e9e verte du centre-ville, \u00e9tendue sur huit nouveaux hectares. En quoi sera-t-elle diff\u00e9rente du premier pan de la Promenade du Paillon, celui de\u00a02013\u00a0?<\/p>\n<p>La \u00ab\u00a0saison 1\u00a0\u00bb comporte une bande min\u00e9rale, des pelouses et des jeux d\u2019eau. Il n\u2019y a\u00a0pas toujours de l\u2019ombre partout, l\u2019\u00e9v\u00e8nementiel a\u00a0ab\u00eem\u00e9 les sols\u2026 Nous ne serons pas sur cette logique au Nord. Ce sera \u00ab\u00a0la for\u00eat urbaine\u00a0\u00bb, avec des espaces tr\u00e8s apais\u00e9s, touffus, sauvages. C\u2019est aussi pour cela que nous avons port\u00e9 une tr\u00e8s grande attention \u00e0\u00a0la question de la s\u00e9curit\u00e9, avec des cl\u00f4tures, des cam\u00e9ras, et l\u2019embauche de gardes-champ\u00eatres.<\/p>\n<p>L\u2019objectif d\u2019avoir plant\u00e9 un arbre pour chaque habitant d\u2019ici \u00e0\u00a0la fin du mandat aura-t-il \u00e9t\u00e9\u00a0tenu\u00a0?<\/p>\n<p>Nous en sommes \u00e0\u00a0220.000, sur un objectif de 260.000. Nous y\u00a0arriverons. Il n\u2019y a\u00a0qu\u2019\u00e0 \u00e9couter des startups ind\u00e9pendantes, notamment Kermap, qui montrent \u00e0\u00a0quel point nous avons fait reculer les \u00eelots de chaleur. Nous travaillons chaque jour \u00e0\u00a0garantir un air plus\u00a0pur.<\/p>\n<p>Les prochaines \u00e9tapes du verdissement\u00a0: la fin des trames vertes dans le quartier du Voeu (H\u00f4tel des postes, etc) et les travaux du\u00a0Port\u00a0?<\/p>\n<p>Oui, avec l\u2019ach\u00e8vement des trames vertes apr\u00e8s la rue de la Libert\u00e9, jusqu\u2019au parvis Nicolas Sarkozy. C\u2019est ce que le maire indique, mais avec la campagne \u00e9lectorale je n\u2019en dirai pas davantage (sourire).<\/p>\n","protected":false},"excerpt":{"rendered":"Partie 1\/2. C\u2019est l\u2019ann\u00e9e des jardins \u00e0\u00a0Nice, avec notamment l\u2019inauguration, d\u2019ici quelques jours, de la \u00ab\u00a0coul\u00e9e verte, saison&hellip;\n","protected":false},"author":2,"featured_media":441100,"comment_status":"","ping_status":"","sticky":false,"template":"","format":"standard","meta":{"footnotes":""},"categories":[2819],"tags":[1111,11,1777,674,1011,27,12,2401,882,25],"class_list":{"0":"post-441099","1":"post","2":"type-post","3":"status-publish","4":"format-standard","5":"has-post-thumbnail","7":"category-nice","8":"tag-actu","9":"tag-actualites","10":"tag-eu","11":"tag-europe","12":"tag-fr","13":"tag-france","14":"tag-news","15":"tag-nice","16":"tag-provence-alpes-cote-dazur","17":"tag-republique-francaise"},"share_on_mastodon":{"url":"https:\/\/pubeurope.com\/@fr\/115322514639764559","error":""},"_links":{"self":[{"href":"https:\/\/www.europesays.com\/fr\/wp-json\/wp\/v2\/posts\/441099","targetHints":{"allow":["GET"]}}],"collection":[{"href":"https:\/\/www.europesays.com\/fr\/wp-json\/wp\/v2\/posts"}],"about":[{"href":"https:\/\/www.europesays.com\/fr\/wp-json\/wp\/v2\/types\/post"}],"author":[{"embeddable":true,"href":"https:\/\/www.europesays.com\/fr\/wp-json\/wp\/v2\/users\/2"}],"replies":[{"embeddable":true,"href":"https:\/\/www.europesays.com\/fr\/wp-json\/wp\/v2\/comments?post=441099"}],"version-history":[{"count":0,"href":"https:\/\/www.europesays.com\/fr\/wp-json\/wp\/v2\/posts\/441099\/revisions"}],"wp:featuredmedia":[{"embeddable":true,"href":"https:\/\/www.europesays.com\/fr\/wp-json\/wp\/v2\/media\/441100"}],"wp:attachment":[{"href":"https:\/\/www.europesays.com\/fr\/wp-json\/wp\/v2\/media?parent=441099"}],"wp:term":[{"taxonomy":"category","embeddable":true,"href":"https:\/\/www.europesays.com\/fr\/wp-json\/wp\/v2\/categories?post=441099"},{"taxonomy":"post_tag","embeddable":true,"href":"https:\/\/www.europesays.com\/fr\/wp-json\/wp\/v2\/tags?post=441099"}],"curies":[{"name":"wp","href":"https:\/\/api.w.org\/{rel}","templated":true}]}}