{"id":441103,"date":"2025-10-05T16:32:10","date_gmt":"2025-10-05T16:32:10","guid":{"rendered":"https:\/\/www.europesays.com\/fr\/441103\/"},"modified":"2025-10-05T16:32:10","modified_gmt":"2025-10-05T16:32:10","slug":"ce-nouveau-restaurant-travaille-avec-des-personnes-en-situation-de-handicap","status":"publish","type":"post","link":"https:\/\/www.europesays.com\/fr\/441103\/","title":{"rendered":"ce nouveau restaurant travaille avec des personnes en situation de handicap"},"content":{"rendered":"<p>            Par<br \/>\n        <strong><br \/>\n            <a href=\"https:\/\/actu.fr\/auteur\/thomas-bernard\" title=\"Consulter tous les articles de Thomas Bernard\" target=\"_blank\" rel=\"noopener\">Thomas Bernard<\/a><br \/>\n        <\/strong><\/p>\n<p>        Publi\u00e9 le<\/p>\n<p>            5 oct. 2025 \u00e0 17h56        <\/p>\n<p>\u00c0 quelques encablures de <a href=\"https:\/\/actu.fr\/pays-de-la-loire\/nantes_44109\/en-images-reouverture-de-la-cathedrale-de-nantes-la-renaissance-d-un-embleme-de-la-ville_63224050.html\" target=\"_blank\" rel=\"noopener\">la cath\u00e9drale de Nantes<\/a>, un petit nouveau a fait son apparition au 2 rue du Roi Albert. <a href=\"https:\/\/www.instagram.com\/origamis44\/\" target=\"_blank\" rel=\"noopener\">Le restaurant Orig\u2019amis<\/a> a accueilli ses premiers clients le 10\u00a0septembre dernier. La particularit\u00e9 de cette nouvelle adresse\u2009? Sa dimension inclusive o\u00f9 <strong>de jeunes stagiaires et alternants en situation de handicap d\u00e9couvrent le monde de la restauration<\/strong>. Un projet pas comme les autres pour contribuer \u00e0 l\u2019inclusion. D\u00e9couverte.<\/p>\n<p>Une histoire de famille<\/p>\n<p class=\" wall-content\">Orig\u2019amis, c\u2019est d\u2019abord une histoire de famille. Une famille impliqu\u00e9e dans le domaine m\u00e9dico-social et param\u00e9dical. Patricia Dehaussy, \u00e9ducatrice sp\u00e9cialis\u00e9e de profession, travaille <strong>pendant plusieurs ann\u00e9es en institut m\u00e9dico-\u00e9ducatif<\/strong> (IME), au sein d\u2019une unit\u00e9 d\u00e9di\u00e9e \u00e0 l\u2019initiation \u00e0 la formation professionnelle. La Rez\u00e9enne accompagne des jeunes lors d\u2019ateliers en blanchisserie, de coutures ou bien de cuisine.<\/p>\n<p class=\" wall-content\">Les personnes en IME sont parfois orient\u00e9es en stage en \u00e9tablissement et service d\u2019accompagnement par le travail (ESAT), des structures souvent satur\u00e9es. \u00ab\u2009Le probl\u00e8me actuel c\u2019est qu\u2019il y a une grande queue pour rentrer \u00e0 l\u2019IME pour les plus jeunes mais aussi pour trouver une place en ESAT\u2009\u00bb, regrette Patricia.<\/p>\n<blockquote class=\"ac-article-quote wall-content\">\n<p>Pour avoir accompagn\u00e9 des familles et des jeunes, j&rsquo;ai remarqu\u00e9 que c&rsquo;\u00e9tait une vraie bataille. Quand il s&rsquo;agit du travail ou de l&rsquo;orientation : c&rsquo;est un sacr\u00e9 parcours.\u00a0<\/p>\n<p>    <strong>Patricia Dehaussy, <\/strong><br \/>\n        fondatrice d\u2019Orig\u2019Amis    <\/p><\/blockquote>\n<p class=\" wall-content\">Face \u00e0 ces difficult\u00e9s, la m\u00e8re de famille envisage de porter un projet de restauration inclusif avec une \u00e9quipe \u00e9ducative dans un m\u00eame lieu. Une id\u00e9e qui devient plus concr\u00e8te lorsque Patricia quitte l\u2019IME et <strong>partage sa suggestion \u00e0 sa famille<\/strong>\u2009: Guillaume, son mari, kin\u00e9sith\u00e9rapeute\u2009; Annette et Zo\u00e9, ses filles, respectivement\u00a0infirmi\u00e8re et psychomotricienne\u2009; et son fils \u00e9tudiant en Staps.<\/p>\n<p class=\" wall-content\">\u00ab\u2009On avait tous une exp\u00e9rience avec le handicap de par nos exp\u00e9riences. Nous avons r\u00e9\u00e9crit le projet ensemble\u2009\u00bb, d\u00e9taille Patricia. <strong>L\u2019association Orig\u2019amis na\u00eet en 2022.<\/strong><\/p>\n<p>Votre r\u00e9gion, votre actu !<\/p>\n<p>Recevez chaque jour les infos qui comptent pour vous.<\/p>\n<p>\t<a href=\"https:\/\/actu.fr\/newsletter\" class=\"ac-btn ac-btn--corner ac-btn--medium ac-btn--blue800\" target=\"_blank\" rel=\"noopener\">S&rsquo;incrire<\/a><br \/>\nDes gaufres pr\u00e8s de la cath\u00e9drale<\/p>\n<p class=\" wall-content\">Avant de trouver le local nantais, la famille a fait le tour des march\u00e9s et \u00e9v\u00e9nements avec un bar \u00e0 gaufres ambulant.<\/p>\n<p class=\" wall-content\">Depuis le 10\u00a0septembre, l\u2019adresse propose<strong> une offre de restauration avec des gaufres sal\u00e9es et sucr\u00e9es sur la carte<\/strong>. \u00ab\u2009Nous avons trois gaufres sal\u00e9es diff\u00e9rentes\u2009: une v\u00e9g\u00e9tarienne, une avec de la viande et une avec du poisson. On a syst\u00e9matiquement un plat v\u00e9g\u00e9tarien et puis d\u2019autres\u2009\u00bb, pr\u00e9cise la fondatrice de l\u2019association.<\/p>\n<p class=\" wall-content\"><a href=\"https:\/\/www.instagram.com\/p\/DPOFfpsjQXb\/embed\" title=\"Ouvrir le lien sur Instagram\" target=\"_blank\" rel=\"noopener\">Visualiser le contenu sur Instagram<\/a><\/p>\n<p class=\" wall-content\">Outre les gaufres, Orig\u2019amis devient un salon de th\u00e9 et bar apr\u00e8s le service du midi (fin \u00e0 14\u2009h). Les fondateurs veulent faire de ce lieu un endroit o\u00f9 l\u2019on promeut \u00ab\u2009l\u2019\u00e9change, la convivialit\u00e9 et le vivre-ensemble\u2009\u00bb.<\/p>\n<p class=\" wall-content\">En s\u2019installant au pied de la cath\u00e9drale, les nouveaux locataires des lieux ont re\u00e7u un accueil bienveillant des riverains, <strong>certains sont devenus b\u00e9n\u00e9voles de l\u2019association<\/strong>. Le restaurant inclusif a \u00e9galement b\u00e9n\u00e9fici\u00e9 des conseils de Morgane, responsable du restaurant v\u00e9g\u00e9tarien voisin\u2009: <a href=\"https:\/\/www.google.fr\/maps\/place\/Oh+K-f%C3%A9e+d&#039;Mj\/@47.2187369,-1.5513015,20.75z\/data=!4m14!1m7!3m6!1s0x4805eb7f6d7559b1:0xb4759711fd234dd!2zT3JpZ-KAmUFtaXM!8m2!3d47.2187637!4d-1.551046!16s%2Fg%2F11vynzjm8r!3m5!1s0x4805ef25cc9b0953:0xfc1dc3ebd18fd27f!8m2!3d47.218701!4d-1.5509921!16s%2Fg%2F11fr4g9glz?entry=ttu&amp;g_ep=EgoyMDI1MTAwMS4wIKXMDSoASAFQAw%3D%3D\" target=\"_blank\" rel=\"noopener\">Oh K-F\u00e9e d\u2019Mj<\/a>.<\/p>\n<p>\u00ab\u2009Grossir leur CV\u2009\u00bb<\/p>\n<p class=\" wall-content\">Lieu inclusif, Orig\u2019amis vise \u00e0 accueillir des jeunes \u00e2g\u00e9s entre 16 et 30\u00a0ans. Stage de d\u00e9couverte, stage d\u2019approfondissement, service civique, alternance, b\u00e9n\u00e9volat\u2009; les portes d\u2019entr\u00e9e sont multiples. \u00ab\u2009Nous voulons \u00eatre \u00e0 leur rythme. En proposant des stages \u00e0 la carte notamment. On s\u2019adapte aux besoins du jeune\u2009\u00bb, note Patricia Dehaussy.<\/p>\n<p class=\" wall-content\">Pour l\u2019alternance, l\u2019association Orig\u2019amis a nou\u00e9 un partenariat avec <a href=\"https:\/\/actu.fr\/pays-de-la-loire\/saint-nazaire_44184\/saint-nazaire-le-restaurant-inclusif-a-recree-une-celebre-emission-de-france-2_60731226.html\" target=\"_blank\" rel=\"noopener\">l\u2019association nazairienne l\u2019Envol\u00e9e de la Chrysalide<\/a>, fondatrice d\u2019un restaurant inclusif reconnu et qui vient de cr\u00e9er<a href=\"https:\/\/www.lenvoleedelachrysalide.org\/academie\" target=\"_blank\" rel=\"noopener\"> \u00ab\u2009une acad\u00e9mie\u2009\u00bb pour les personnes en situation de handicap<\/a>. Parmi cette premi\u00e8re promotion y figure <strong>Vincent<\/strong>, alternant au sein du restaurant nantais (3\u00a0jours en entreprise et deux jours en formation).<\/p>\n<p class=\" wall-content\"><a href=\"https:\/\/www.instagram.com\/p\/DPQ-smwjGtM\/embed\" title=\"Ouvrir le lien sur Instagram\" target=\"_blank\" rel=\"noopener\">Visualiser le contenu sur Instagram<\/a><\/p>\n<p class=\" wall-content\">Chez Orig\u2019amis, Vincent s\u2019occupe de la mise en place et du service. <strong>\u00ab\u2009J\u2019aime le service et le contact avec le client\u2009\u00bb<\/strong>, confie Vincent. \u00c0 22\u00a0ans, le Nantais a d\u00e9j\u00e0 travaill\u00e9 dans le monde de la restauration chez Chromosome, sur l\u2019\u00eele de Nantes. \u00ab\u2009Le matin je faisais la cuisine pour pr\u00e9parer le repas du midi. Et apr\u00e8s le service avait lieu de 12\u2009h \u00e0 14\u2009h\u2009\u00bb, encha\u00eene le jeune homme qui confie avoir toujours voulu travailler dans la restauration.<\/p>\n<blockquote class=\"ac-article-quote wall-content\">\n<p>L&rsquo;id\u00e9e, c&rsquo;est vraiment aussi de grossir leur CV et de montrer qu&rsquo;on est acteur de son orientation, m\u00eame avec un handicap. Nous voulons leur permettre d&rsquo;avoir cette exp\u00e9rience en plus.<\/p>\n<p>    <strong>Patricia Dehaussy<\/strong>\n            <\/p><\/blockquote>\n<p>En faire plus pour l\u2019inclusion<\/p>\n<p class=\" wall-content\">Guid\u00e9e par des valeurs de solidarit\u00e9 et de partage, l\u2019association Orig\u2019amis veut \u00ab\u2009montrer qu\u2019il est possible\u2009\u00bb de travailler avec des personnes en situation de handicap. Le collectif est int\u00e9gr\u00e9 \u00e0 un r\u00e9seau de restaurants inclusifs comme les adresses nantaises du Chromosome et <a href=\"https:\/\/actu.fr\/pays-de-la-loire\/nantes_44109\/nantes-comment-le-reflet-ce-resto-qui-emploie-des-personnes-trisomiques-a-prepare-sa-reouverture_42489955.html\" target=\"_blank\" rel=\"noopener\">du Reflet<\/a>. Citant <a href=\"https:\/\/www.legifrance.gouv.fr\/loda\/id\/JORFTEXT000000809647\" target=\"_blank\" rel=\"noopener\">la loi pour l\u2019\u00e9galit\u00e9 des droits et des chances<\/a>, vot\u00e9e en 2005, la fondatrice du concept Orig\u2019amis veut que <strong>l\u2019inclusion des personnes en situation de handicap soit davantage pr\u00e9pond\u00e9rante dans la soci\u00e9t\u00e9<\/strong>.<\/p>\n<p class=\" wall-content\">\u00ab\u2009On rentre dans le processus de continuer \u00e0 essayer de trouver des choses \u00e0 construire, parce qu\u2019en fait on est encore loin du but qui \u00e9tait annonc\u00e9 au d\u00e9part (loi pour l\u2019\u00e9galit\u00e9 des droits et des chances en 2005, N.D.L.R). En 20\u00a0ans, il y a eu du changement, mais pas assez \u00e0 notre sens.\u2009\u00bb<\/p>\n<p class=\" wall-content\">Aujourd\u2019hui, l\u2019association nantaise compte 45\u00a0b\u00e9n\u00e9voles et quelques salari\u00e9s dont une cheffe cuisini\u00e8re, une infirmi\u00e8re coordinatrice et une \u00e9ducatrice. Au sein du restaurant, des soir\u00e9es, concerts et jeux seront propos\u00e9s \u00e0 terme. Pour Patricia, Orig\u2019amis c\u2019est la continuit\u00e9 d\u2019une aventure qui a \u00ab\u2009son petit truc en plus\u2009\u00bb.<\/p>\n<p class=\" wall-content\">\u00ab\u2009C\u2019est une exp\u00e9rience extraordinaire, m\u00eame si elle n\u2019est pas facile. Mais en fait, le jeu en vaut tellement la chandelle. On a essuy\u00e9 des choses pas simples mais ce n\u2019est rien \u00e0 c\u00f4t\u00e9 de ce que \u00e7a peut apporter autant aux jeunes, aux familles et \u00e0 nous.\u2009\u00bb<\/p>\n<p><strong>Infos pratiques<\/strong>\u2009:<br \/>Orig\u2019amis, 2 rue du Roi Albert, Nantes<br \/>Restaurant ouvert du lundi au vendredi\u2009: 11\u2009h\u200930 \u2013 14\u2009h.<br \/>Salon de th\u00e9 ouvert du lundi au vendredi de 14\u2009h \u00e0 18\u2009h, et jusqu\u2019\u00e0 22\u2009h les samedis impairs.<br \/>Le bar ouvert du lundi au vendredi de 14\u2009h \u00e0 18\u2009h et les samedis impairs de 15\u2009h \u00e0 22\u2009h.<br \/>Ouvert le dimanche (semaine impair) de 10h \u00e0 16h pour des brunchs.<\/p>\n<p class=\" wall-content\">Personnalisez votre actualit\u00e9 en ajoutant vos villes et m\u00e9dias en favori avec <a href=\"https:\/\/moncompte.actu.fr\" title=\"D\u00e9couvez Mon Actu\" rel=\"nofollow noopener\" data-trk=\"{&quot;cta&quot;:{&quot;action&quot;:&quot;https:\\\/\\\/moncompte.actu.fr&quot;,&quot;category&quot;:&quot;mon compte&quot;,&quot;from&quot;:&quot;article footer&quot;,&quot;name&quot;:&quot;Mon actu&quot;,&quot;type&quot;:&quot;cta&quot;}}\" target=\"_blank\">Mon Actu<\/a>.<\/p>\n<p>                    <script async src=\"\/\/www.instagram.com\/embed.js\"><\/script><\/p>\n","protected":false},"excerpt":{"rendered":"Par Thomas Bernard Publi\u00e9 le 5 oct. 2025 \u00e0 17h56 \u00c0 quelques encablures de la cath\u00e9drale de Nantes,&hellip;\n","protected":false},"author":2,"featured_media":441104,"comment_status":"","ping_status":"","sticky":false,"template":"","format":"standard","meta":{"footnotes":""},"categories":[2818],"tags":[1111,11,1777,674,1011,27,1943,766,12,2636,25,1340,104,3400],"class_list":{"0":"post-441103","1":"post","2":"type-post","3":"status-publish","4":"format-standard","5":"has-post-thumbnail","7":"category-nantes","8":"tag-actu","9":"tag-actualites","10":"tag-eu","11":"tag-europe","12":"tag-fr","13":"tag-france","14":"tag-handicap","15":"tag-nantes","16":"tag-news","17":"tag-pays-de-la-loire","18":"tag-republique-francaise","19":"tag-restaurant","20":"tag-societe","21":"tag-solidarite"},"share_on_mastodon":{"url":"https:\/\/pubeurope.com\/@fr\/115322522467627693","error":""},"_links":{"self":[{"href":"https:\/\/www.europesays.com\/fr\/wp-json\/wp\/v2\/posts\/441103","targetHints":{"allow":["GET"]}}],"collection":[{"href":"https:\/\/www.europesays.com\/fr\/wp-json\/wp\/v2\/posts"}],"about":[{"href":"https:\/\/www.europesays.com\/fr\/wp-json\/wp\/v2\/types\/post"}],"author":[{"embeddable":true,"href":"https:\/\/www.europesays.com\/fr\/wp-json\/wp\/v2\/users\/2"}],"replies":[{"embeddable":true,"href":"https:\/\/www.europesays.com\/fr\/wp-json\/wp\/v2\/comments?post=441103"}],"version-history":[{"count":0,"href":"https:\/\/www.europesays.com\/fr\/wp-json\/wp\/v2\/posts\/441103\/revisions"}],"wp:featuredmedia":[{"embeddable":true,"href":"https:\/\/www.europesays.com\/fr\/wp-json\/wp\/v2\/media\/441104"}],"wp:attachment":[{"href":"https:\/\/www.europesays.com\/fr\/wp-json\/wp\/v2\/media?parent=441103"}],"wp:term":[{"taxonomy":"category","embeddable":true,"href":"https:\/\/www.europesays.com\/fr\/wp-json\/wp\/v2\/categories?post=441103"},{"taxonomy":"post_tag","embeddable":true,"href":"https:\/\/www.europesays.com\/fr\/wp-json\/wp\/v2\/tags?post=441103"}],"curies":[{"name":"wp","href":"https:\/\/api.w.org\/{rel}","templated":true}]}}