{"id":441110,"date":"2025-10-05T16:36:14","date_gmt":"2025-10-05T16:36:14","guid":{"rendered":"https:\/\/www.europesays.com\/fr\/441110\/"},"modified":"2025-10-05T16:36:14","modified_gmt":"2025-10-05T16:36:14","slug":"les-secteurs-embauchent-a-tour-de-bras","status":"publish","type":"post","link":"https:\/\/www.europesays.com\/fr\/441110\/","title":{"rendered":"les secteurs embauchent \u00e0 tour de bras"},"content":{"rendered":"<p>Le lieu n\u2019est pas choisi au hasard. C\u2019est \u00e0 La Cit\u00e9, l\u00e0 o\u00f9 Lat\u00e9co\u00e8re avait implant\u00e9 son usine de fabrication d\u2019avions de reconnaissance en 1914, apr\u00e8s avoir longtemps fabriqu\u00e9 des structures de wagon, que le cluster Primus a organis\u00e9 un job dating. Pour sa quatri\u00e8me \u00e9dition, qui s\u2019est d\u00e9roul\u00e9e jeudi 2\u00a0octobre, 3200 offres \u00e9taient propos\u00e9es par une quarantaine d\u2019entreprises. Parmi elles,\u00a0les groupes KNDS, Lacroix\u00a0ou encore Cegelec.<\/p>\n<p>Car trois ans apr\u00e8s le lancement par Emmanuel Macron du concept d\u2019\u00e9conomie de guerre, dans la foul\u00e9e de l\u2019invasion russe en Ukraine, l\u2019industrie d\u2019armement doit changer de dimension pour passer d\u2019une production format\u00e9e pour temps de paix \u00e0 un complexe militaro-industriel adapt\u00e9 au nouveau contexte g\u00e9opolitique.<\/p>\n<p> <a href=\"https:\/\/www.touleco.fr\/IMG\/jpg\/3\/9\/1\/touleco_f2012.jpg\" class=\"spip_doc_lien mediabox\" type=\"image\/jpeg\" target=\"_blank\" rel=\"noopener\"><br \/>\n\t\t<img loading=\"lazy\" decoding=\"async\" src=\"https:\/\/www.europesays.com\/fr\/wp-content\/uploads\/2025\/10\/67c71a2c24b6969db8bc22193012ae.webp\" width=\"650\" height=\"433\" alt=\"\"\/><\/a><\/p>\n<p>Delair\u200b, entreprise\u00a0qui r\u00e9alise aujourd\u2019hui 85\u00a0% de son activit\u00e9 dans la d\u00e9fense, avait un stand, \u00e0 c\u00f4t\u00e9 duquel \u00e9tait install\u00e9 un drone rouge. Car, m\u00eame si ses effectifs sont pass\u00e9s de\u00a080 \u00e0 215 personnes en une quinzaine de mois, le droniste recrute encore. Dans la file d\u2019attente, Enzo, 23 ans,\u200besp\u00e8re\u00a0convaincre en quelques minutes son auditoire. Ce dipl\u00f4m\u00e9 de l\u2019\u00c9cole nationale sup\u00e9rieure d\u2019\u00e9lectrotechnique, d\u2019\u00e9lectronique, d\u2019informatique, d\u2019hydraulique et des t\u00e9l\u00e9communications\u200b (Enseeiht) est d\u00e9j\u00e0 rompu \u00e0 l\u2019exercice de l\u2019entretien d\u2019embauche. D\u2019ailleurs, sa candidature est toujours en attente au Cnes. \u00ab\u00a0Comme je n\u2019ai pas eu de r\u00e9ponse, je me dis qu\u2019il faut que je tente ma chance ailleurs. Pourquoi pas dans les drones\u00a0? Il y a de l\u2019\u00e9lectronique. Mais je vais tenter aussi la direction g\u00e9n\u00e9rale de l\u2019armement (DGA)\u200b\u00a0\u00bb, explique-t-il.<\/p>\n<p>Si le secteur de la d\u00e9fense est repr\u00e9sent\u00e9 par quelques\u00a0\u200bimportantes PME\u200b r\u00e9gionales, l\u2019a\u00e9ronautique reste le moteur de ce job dating. Il faut dire que pour honorer les 8700 commandes d\u2019Airbus, le secteur embauche massivement\u00a0: 25 000 postes pr\u00e9vus en 2025.\u200b Alexandre, 29 ans, a fait le d\u00e9placement depuis Rennes (Ille-et-Vilaine) pour se glisser dans les rangs du motoriste\u00a0Safran. Chemise cartonn\u00e9e\u200bverte remplie de CV, ce th\u00e9sard croise les doigts pour d\u00e9crocher enfin un poste d\u2019ing\u00e9nieur\u00a0sp\u00e9cialis\u00e9 dans les mat\u00e9riaux\u200b. \u00ab\u00a0Il n\u2019y a pas d\u2019annonce de la fonction que je vise. C\u2019est la raison pour laquelle je viens en personne. Et puis je me dis que le premier contact doit se faire en face \u00e0 face\u00a0\u00bb, pr\u00e9cise Alexandre.<\/p>\n<p> <a href=\"https:\/\/www.touleco.fr\/IMG\/jpg\/c\/3\/4\/touleco_dating_.jpg\" class=\"spip_doc_lien mediabox\" type=\"image\/jpeg\" target=\"_blank\" rel=\"noopener\"><br \/>\n\t\t<img loading=\"lazy\" decoding=\"async\" src=\"https:\/\/www.europesays.com\/fr\/wp-content\/uploads\/2025\/10\/e7c75b37132019bee9d7c244f8d937.webp\" width=\"650\" height=\"433\" alt=\"\"\/><\/a><\/p>\n<p>La lente f\u00e9minisation\u200b de l\u2019industrie a\u00e9rospatiale<\/p>\n<p>Le\u00a0monde de l\u2019industrie reste un\u00a0bastion masculi\u200bn mais il se f\u00e9minise peu \u00e0 peu, comptant aujourd\u2019hui 27\u00a0% de femmes, soit 7\u00a0points de plus qu\u2019il y a dix ans, selon le Groupement des industries fran\u00e7aises a\u00e9ronautiques et spatiales (Gifas). Un taux qui recouvre des situations tr\u00e8s contrast\u00e9es selon les m\u00e9tiers\u00a0: on compte ainsi plus d\u2019ing\u00e9nieures que de chaudronni\u00e8res ou de soudeuses. Les secteurs de la maintenance a\u00e9ronautique \u200bou a\u00e9roportuaire, la logistique et le fret restent \u00e9galement tr\u00e8s peu f\u00e9minis\u00e9s.<\/p>\n<p> <a href=\"https:\/\/www.touleco.fr\/IMG\/jpg\/e\/b\/f\/touleco_f2060.jpg\" class=\"spip_doc_lien mediabox\" type=\"image\/jpeg\" target=\"_blank\" rel=\"noopener\"><br \/>\n\t\t<img loading=\"lazy\" decoding=\"async\" src=\"https:\/\/www.europesays.com\/fr\/wp-content\/uploads\/2025\/10\/1d16ee6eb541811f35c491cf58a9b0.webp\" width=\"650\" height=\"433\" alt=\"\"\/><\/a><\/p>\n<p>Dans la longue\u200b\u00a0file d\u200b\u2019attente d\u2019Airbus, Mathilde, 26 ans, est inqui\u00e8te. \u00ab\u00a0Ca se voit\u00a0?\u00a0\u00bb, s\u2019interroge la jeune femme, BTS assistante de gestion et licence mention ressources humaines en poche. \u00ab\u00a0Je suis stress\u00e9e car\u00a0\u200bj\u200b\u2019ai toujours voulu travailler dans les avions. C\u2019est une grosse entreprise alors je me mets la pression\u00a0\u00bb, pr\u00e9cise la Toulousaine, dont la m\u00e8re, qui travaille chez ATR, lui a donn\u00e9 un coup de main. \u00ab\u00a0Elle a fait passer mon CV mais je veux me pr\u00e9senter car je me dis que la premi\u00e8re impression est la bonne.\u00a0\u00bb<br class=\"autobr\"\/><br \/>\nAudrey Sommazi<\/p>\n<p>Sur les photos\u00a0: Le job dating organis\u00e9 par le cluster Primus jeudi 2\u00a0octobre \u00e0 la Cit\u00e9, \u00e0 Toulouse. Cr\u00e9dit\u00a0: R\u00e9my Gabalda &#8211; Toul\u00c9co.<\/p>\n","protected":false},"excerpt":{"rendered":"Le lieu n\u2019est pas choisi au hasard. C\u2019est \u00e0 La Cit\u00e9, l\u00e0 o\u00f9 Lat\u00e9co\u00e8re avait implant\u00e9 son usine&hellip;\n","protected":false},"author":2,"featured_media":441111,"comment_status":"","ping_status":"","sticky":false,"template":"","format":"standard","meta":{"footnotes":""},"categories":[2816],"tags":[1111,11,296,36,554,56779,1777,674,1011,27,12,2680,25,6056,2312],"class_list":{"0":"post-441110","1":"post","2":"type-post","3":"status-publish","4":"format-standard","5":"has-post-thumbnail","7":"category-toulouse","8":"tag-actu","9":"tag-actualites","10":"tag-aeronautique","11":"tag-airbus","12":"tag-defense","13":"tag-delair","14":"tag-eu","15":"tag-europe","16":"tag-fr","17":"tag-france","18":"tag-news","19":"tag-occitanie","20":"tag-republique-francaise","21":"tag-safran","22":"tag-toulouse"},"share_on_mastodon":{"url":"https:\/\/pubeurope.com\/@fr\/115322538873236970","error":""},"_links":{"self":[{"href":"https:\/\/www.europesays.com\/fr\/wp-json\/wp\/v2\/posts\/441110","targetHints":{"allow":["GET"]}}],"collection":[{"href":"https:\/\/www.europesays.com\/fr\/wp-json\/wp\/v2\/posts"}],"about":[{"href":"https:\/\/www.europesays.com\/fr\/wp-json\/wp\/v2\/types\/post"}],"author":[{"embeddable":true,"href":"https:\/\/www.europesays.com\/fr\/wp-json\/wp\/v2\/users\/2"}],"replies":[{"embeddable":true,"href":"https:\/\/www.europesays.com\/fr\/wp-json\/wp\/v2\/comments?post=441110"}],"version-history":[{"count":0,"href":"https:\/\/www.europesays.com\/fr\/wp-json\/wp\/v2\/posts\/441110\/revisions"}],"wp:featuredmedia":[{"embeddable":true,"href":"https:\/\/www.europesays.com\/fr\/wp-json\/wp\/v2\/media\/441111"}],"wp:attachment":[{"href":"https:\/\/www.europesays.com\/fr\/wp-json\/wp\/v2\/media?parent=441110"}],"wp:term":[{"taxonomy":"category","embeddable":true,"href":"https:\/\/www.europesays.com\/fr\/wp-json\/wp\/v2\/categories?post=441110"},{"taxonomy":"post_tag","embeddable":true,"href":"https:\/\/www.europesays.com\/fr\/wp-json\/wp\/v2\/tags?post=441110"}],"curies":[{"name":"wp","href":"https:\/\/api.w.org\/{rel}","templated":true}]}}