{"id":441112,"date":"2025-10-05T16:37:15","date_gmt":"2025-10-05T16:37:15","guid":{"rendered":"https:\/\/www.europesays.com\/fr\/441112\/"},"modified":"2025-10-05T16:37:15","modified_gmt":"2025-10-05T16:37:15","slug":"football-apres-toulouse-retour-a-lentrainement-mardi-pour-lol","status":"publish","type":"post","link":"https:\/\/www.europesays.com\/fr\/441112\/","title":{"rendered":"Football. Apr\u00e8s Toulouse, retour \u00e0 l\u2019entra\u00eenement mardi pour l\u2019OL"},"content":{"rendered":"<p>Apr\u00e8s le revers de l\u2019OL contre Toulouse, <a href=\"https:\/\/www.leprogres.fr\/sport\/2025\/10\/03\/ol-sulc-karabec-fofana-merah-et-molebe-appeles-en-selection\" target=\"_blank\" rel=\"noopener\">14 \u00e9l\u00e9ments du groupe professionnel de l\u2019OL sont appel\u00e9s<\/a> sous les drapeaux en s\u00e9lection et s\u2019envolent dimanche soir ou lundi pour un peu plus d\u2019une semaine\u00a0: Greif, Tagliafico, Mata, Niakhat\u00e9, Barisic, Tessmann, De Carvalho, Sulc, Karabec, Merah, Moreira, Fofana, Molebe et Gomes Rodriguez.<\/p>\n<p>Apr\u00e8s un jour de coupure accord\u00e9 par le staff ce lundi, ils seront donc relativement peu \u00e0 se retrouver \u00e0 la reprise de l\u2019entra\u00eenement, ce mardi apr\u00e8s-midi \u00e0 D\u00e9cines, une petite dizaine d\u2019\u00e9l\u00e9ments tout au plus\u00a0: Descamps, Diarra, Maitland-Niles, Abner, Kluivert, Morton, Tolisso, Ghezzal et Satriano.<\/p>\n<p><a href=\"https:\/\/www.leprogres.fr\/p\/paulo-fonseca\" target=\"_blank\" rel=\"noopener\">Paulo Fonseca<\/a> pourrait donc inviter des \u00e9l\u00e9ments de la r\u00e9serve pour faire le nombre, comme Goncalves, Himbert ou Halilou, parfois apparus en s\u00e9ance ce d\u00e9but de saison.<\/p>\n","protected":false},"excerpt":{"rendered":"Apr\u00e8s le revers de l\u2019OL contre Toulouse, 14 \u00e9l\u00e9ments du groupe professionnel de l\u2019OL sont appel\u00e9s sous les&hellip;\n","protected":false},"author":2,"featured_media":441113,"comment_status":"","ping_status":"","sticky":false,"template":"","format":"standard","meta":{"footnotes":""},"categories":[2816],"tags":[1111,11,2757,1777,674,63,1011,27,2428,2756,12,2680,2755,25,517,2312],"class_list":{"0":"post-441112","1":"post","2":"type-post","3":"status-publish","4":"format-standard","5":"has-post-thumbnail","7":"category-toulouse","8":"tag-actu","9":"tag-actualites","10":"tag-edition-lyon-villeurbanne","11":"tag-eu","12":"tag-europe","13":"tag-football","14":"tag-fr","15":"tag-france","16":"tag-lyon","17":"tag-lyon-bassin","18":"tag-news","19":"tag-occitanie","20":"tag-ol-olympique-lyonnais-football","21":"tag-republique-francaise","22":"tag-sport","23":"tag-toulouse"},"share_on_mastodon":{"url":"https:\/\/pubeurope.com\/@fr\/115322542198199488","error":""},"_links":{"self":[{"href":"https:\/\/www.europesays.com\/fr\/wp-json\/wp\/v2\/posts\/441112","targetHints":{"allow":["GET"]}}],"collection":[{"href":"https:\/\/www.europesays.com\/fr\/wp-json\/wp\/v2\/posts"}],"about":[{"href":"https:\/\/www.europesays.com\/fr\/wp-json\/wp\/v2\/types\/post"}],"author":[{"embeddable":true,"href":"https:\/\/www.europesays.com\/fr\/wp-json\/wp\/v2\/users\/2"}],"replies":[{"embeddable":true,"href":"https:\/\/www.europesays.com\/fr\/wp-json\/wp\/v2\/comments?post=441112"}],"version-history":[{"count":0,"href":"https:\/\/www.europesays.com\/fr\/wp-json\/wp\/v2\/posts\/441112\/revisions"}],"wp:featuredmedia":[{"embeddable":true,"href":"https:\/\/www.europesays.com\/fr\/wp-json\/wp\/v2\/media\/441113"}],"wp:attachment":[{"href":"https:\/\/www.europesays.com\/fr\/wp-json\/wp\/v2\/media?parent=441112"}],"wp:term":[{"taxonomy":"category","embeddable":true,"href":"https:\/\/www.europesays.com\/fr\/wp-json\/wp\/v2\/categories?post=441112"},{"taxonomy":"post_tag","embeddable":true,"href":"https:\/\/www.europesays.com\/fr\/wp-json\/wp\/v2\/tags?post=441112"}],"curies":[{"name":"wp","href":"https:\/\/api.w.org\/{rel}","templated":true}]}}