{"id":441116,"date":"2025-10-05T16:39:18","date_gmt":"2025-10-05T16:39:18","guid":{"rendered":"https:\/\/www.europesays.com\/fr\/441116\/"},"modified":"2025-10-05T16:39:18","modified_gmt":"2025-10-05T16:39:18","slug":"vitinha-mayulu-buts-les-chiffres-cles-avant-lille-psg","status":"publish","type":"post","link":"https:\/\/www.europesays.com\/fr\/441116\/","title":{"rendered":"Vitinha, Mayulu, buts\u2026 Les chiffres cl\u00e9s avant Lille \/ PSG"},"content":{"rendered":"<p><img width=\"700\" height=\"350\" src=\"https:\/\/www.europesays.com\/fr\/wp-content\/uploads\/2025\/10\/PSG-joie-2.jpg\" class=\"attachment-jannah-image-post size-jannah-image-post wp-post-image\" alt=\"Psg joie\" is_main_img=\"1\" decoding=\"async\" fetchpriority=\"high\"  \/><br \/>\n Image : Compte X<br \/>\n@PSG_inside<\/p>\n<p>Ce dimanche soir (20h45, Ligue 1 +), le PSG affronte Lille<br \/>\nen cl\u00f4ture de la septi\u00e8me journ\u00e9e de Ligue 1. Quelques heures avant<br \/>\nce match, petit tour en chiffres autour de ce choc.<\/p>\n<p>Avant la tr\u00eave internationale, le <strong>PSG<\/strong> se<br \/>\nd\u00e9place \u00e0 <strong>Lille<\/strong> en cl\u00f4ture de la septi\u00e8me journ\u00e9e<br \/>\nde <strong>Ligue 1<\/strong> ce dimanche soir. Le club de la<br \/>\ncapitale jouera son 15e match de son histoire sur la pelouse du<br \/>\n<strong>Stade Pierre Mauroy<\/strong> pour un bilan exceptionnel de<br \/>\n11 victoires, trois nuls et seulement une d\u00e9faite. Comme l\u2019indique<br \/>\n<strong>Michel Kollar<\/strong>, historien du <strong>PSG<\/strong>,<br \/>\nsur le <a href=\"https:\/\/www.psg.fr\/content\/les-chiffres-cles-lille-paris\" target=\"_blank\" rel=\"noopener\" title=\"\">site internet<\/a> des champions<br \/>\n<strong>d\u2019Europe<\/strong>, les Parisiens aiment marquer contre le<br \/>\n<strong>LOSC.<\/strong> En effet, le <strong>PSG<\/strong> a fait<br \/>\ntrembler les filets \u00e0 32 reprises lors de ses dix derniers matches<br \/>\nde <strong>Ligue 1<\/strong> contre <strong>Lille<\/strong>, soit une<br \/>\nmoyenne d\u2019un peu plus de trois buts par match.\u00a0<\/p>\n<p>A voir aussi : <a href=\"https:\/\/canal-supporters.com\/ligue-1-les-supporters-du-psg-en-nombre-a-lille\/\" title=\"\" target=\"_blank\" rel=\"noopener\">Ligue 1 \u2013 Les supporters du PSG en nombre \u00e0 Lille<\/a><\/p>\n<p><a href=\"https:\/\/x.com\/CanalSupporters\" target=\"_blank\" rel=\"noopener\" title=\"\">canalsupporters.com<\/a><\/p>\n<p>Deux caps<br \/>\nsymboliques pour Mayulu et Vitinha<\/p>\n<p>Annonc\u00e9 titulaire ce soir au milieu de terrain, <strong><a href=\"https:\/\/canal-supporters.com\/mayulu-chaque-joueur-se-donne-a-fond-cest-notre-mentalite\/\" title=\"\" target=\"_blank\" rel=\"noopener\">Senny Mayulu<\/a><\/strong> devrait jouer son 50e match sous<br \/>\nle maillot du <strong>PSG<\/strong>. Le titi parisien devrait<br \/>\naccompagner <strong>Warren Za\u00efre-Emery<\/strong> et <strong><a href=\"https:\/\/canal-supporters.com\/vitinha-sur-les-declarations-davant-match-des-barcelonais-nous-on-nen-a-rien-a-foutre\/\" title=\"\" target=\"_blank\" rel=\"noopener\">Vitinha<\/a><\/strong> dans l\u2019entrejeu parisien.<br \/>\nL\u2019international portugais devrait atteindre la barre symbolique des<br \/>\n100 matches en <strong>Ligue 1<\/strong>. Enfin, ce sera le 105e<br \/>\nmatch officiel entre le <strong>PSG<\/strong> et<br \/>\n<strong>Lille<\/strong>. Le bilan est \u00e0 l\u2019avantage du club de la<br \/>\ncapitale avec 46 victoires, 26 nuls et 32 d\u00e9faites.<br \/>\n<strong>Lille<\/strong> \u00e9tait devenu le 6e club \u00e0 atteindre le cap<br \/>\nsymbolique des 100 matches face aux Rouge et Bleu, apr\u00e8s<br \/>\n<strong>Monaco<\/strong> (115 matches), <strong>Lyon<\/strong> (112<br \/>\nmatches), <strong>Bordeaux<\/strong>, <strong>Marseille<\/strong> et<br \/>\n<strong>Nantes<\/strong> (110 matches).<\/p><\/p>\n","protected":false},"excerpt":{"rendered":"Image : Compte X @PSG_inside Ce dimanche soir (20h45, Ligue 1 +), le PSG affronte Lille en cl\u00f4ture&hellip;\n","protected":false},"author":2,"featured_media":441117,"comment_status":"","ping_status":"","sticky":false,"template":"","format":"standard","meta":{"footnotes":""},"categories":[2815],"tags":[56627,1111,11,81,787,1777,674,1011,27,811,66,1611,1307,56358,56629,56630,1612,12,626,91,92,93,25,1615,56631,96,13296],"class_list":{"0":"post-441116","1":"post","2":"type-post","3":"status-publish","4":"format-standard","5":"has-post-thumbnail","7":"category-lille","8":"tag-7e-journee","9":"tag-actu","10":"tag-actualites","11":"tag-canal-supporters","12":"tag-cs","13":"tag-eu","14":"tag-europe","15":"tag-fr","16":"tag-france","17":"tag-hauts-de-france","18":"tag-ligue-1","19":"tag-ligue-1-macdonalds","20":"tag-lille","21":"tag-lille-psg","22":"tag-losc-psg","23":"tag-loscpsg","24":"tag-mayulu","25":"tag-news","26":"tag-paris","27":"tag-paris-saint-germain","28":"tag-paris-sg","29":"tag-psg","30":"tag-republique-francaise","31":"tag-senny-mayulu","32":"tag-septieme-journee","33":"tag-une","34":"tag-vitinha"},"share_on_mastodon":{"url":"https:\/\/pubeurope.com\/@fr\/115322550152229646","error":""},"_links":{"self":[{"href":"https:\/\/www.europesays.com\/fr\/wp-json\/wp\/v2\/posts\/441116","targetHints":{"allow":["GET"]}}],"collection":[{"href":"https:\/\/www.europesays.com\/fr\/wp-json\/wp\/v2\/posts"}],"about":[{"href":"https:\/\/www.europesays.com\/fr\/wp-json\/wp\/v2\/types\/post"}],"author":[{"embeddable":true,"href":"https:\/\/www.europesays.com\/fr\/wp-json\/wp\/v2\/users\/2"}],"replies":[{"embeddable":true,"href":"https:\/\/www.europesays.com\/fr\/wp-json\/wp\/v2\/comments?post=441116"}],"version-history":[{"count":0,"href":"https:\/\/www.europesays.com\/fr\/wp-json\/wp\/v2\/posts\/441116\/revisions"}],"wp:featuredmedia":[{"embeddable":true,"href":"https:\/\/www.europesays.com\/fr\/wp-json\/wp\/v2\/media\/441117"}],"wp:attachment":[{"href":"https:\/\/www.europesays.com\/fr\/wp-json\/wp\/v2\/media?parent=441116"}],"wp:term":[{"taxonomy":"category","embeddable":true,"href":"https:\/\/www.europesays.com\/fr\/wp-json\/wp\/v2\/categories?post=441116"},{"taxonomy":"post_tag","embeddable":true,"href":"https:\/\/www.europesays.com\/fr\/wp-json\/wp\/v2\/tags?post=441116"}],"curies":[{"name":"wp","href":"https:\/\/api.w.org\/{rel}","templated":true}]}}