{"id":441118,"date":"2025-10-05T16:40:25","date_gmt":"2025-10-05T16:40:25","guid":{"rendered":"https:\/\/www.europesays.com\/fr\/441118\/"},"modified":"2025-10-05T16:40:25","modified_gmt":"2025-10-05T16:40:25","slug":"le-ras-le-bol-social-ne-retombe-pas-a-marseille","status":"publish","type":"post","link":"https:\/\/www.europesays.com\/fr\/441118\/","title":{"rendered":"le \u00ab\u00a0ras-le-bol social\u00a0\u00bb ne retombe pas \u00e0 Marseille"},"content":{"rendered":"<p>Troisi\u00e8me journ\u00e9e de mobilisation depuis la rentr\u00e9e, la <a href=\"https:\/\/www.laprovence.com\/article\/societe\/2738656002584214\/18-septembre-dans-le-cortege-marseillais-la-voila-la-republique-en-marche\" target=\"_blank\" rel=\"noopener\">deuxi\u00e8me \u00e0 l&rsquo;appel de l&rsquo;intersyndicale<\/a> (CFDT, CGT, FO, CFE-CGC, CFTC, Unsa, FSU et Solidaires), et un \u00ab\u00a0ras-le-bol social\u00a0\u00bb qui ne retombe pas. Dans la manifestation marseillaise qui s&rsquo;\u00e9lance depuis le Vieux-Port, ce jeudi 2 octobre, les syndicats disent vouloir \u00ab\u00a0maintenir la pression sur <a href=\"https:\/\/www.laprovence.com\/article\/france-monde\/3121934799100714\/mobilisation-sociale-gouvernement-budget-lecornu-a-lheure-des-choix\" target=\"_blank\" rel=\"noopener\">S\u00e9bastien Lecornu<\/a>\u00ab\u00a0, avant le discours de politique g\u00e9n\u00e9rale du Premier ministre.<\/p>\n<p>La foule qui s&rsquo;\u00e9tire sur le quai du Port avant de rejoindre la porte d&rsquo;Aix continue \u00e0 demander \u00ab\u00a0un recul sur l&rsquo;inadmissible <a href=\"https:\/\/www.laprovence.com\/article\/politique\/1839458779013114\/lecornu-annonce-une-amelioration-de-la-retraite-des-femmes-dans-le-budget-de-la-secu-2026\" target=\"_blank\" rel=\"noopener\">r\u00e9forme des retraites<\/a>\u00a0\u00bb et \u00ab\u00a0des mesures fortes pour une plus grande justice sociale\u00a0\u00bb.<\/p>\n<p>\u00ab\u00a0Les gens demandent de la justice\u00a0\u00bb<\/p>\n<p>\u00ab\u00a0S\u00e9bastien Lecornu vit d\u00e9j\u00e0 sa troisi\u00e8me journ\u00e9e de mobilisation et doit entendre la col\u00e8re sociale dans ce pays, dit Fr\u00e9d\u00e9ric Michel, d\u00e9l\u00e9gu\u00e9 syndical Sud rail. Il y a un besoin global de justice et d&rsquo;une meilleure r\u00e9partition des richesses produites. L&rsquo;argent, il y en a mais il doit \u00eatre orient\u00e9 vers les salaires, les pensions et le service public.\u00a0\u00bb\u00a0<\/p>\n<p>La fonction publique est d&rsquo;ailleurs largement repr\u00e9sent\u00e9e dans le cort\u00e8ge, les agents refusant d&rsquo;\u00eatre \u00ab\u00a0des variables d&rsquo;ajustement\u00a0\u00bb de la prochaine loi de finances. \u00ab\u00a0Le budget Bayrou pr\u00e9voyait 3\u00a0000 fonctionnaires en moins et le non-renouvellement d&rsquo;un agent sur deux, rappelle Franck Balliot, cosecr\u00e9taire d\u00e9partemental de la FSU, premi\u00e8re f\u00e9d\u00e9ration de l&rsquo;enseignement. Nous ne sommes pas face \u00e0 une explosion des d\u00e9penses mais face \u00e0 une crise des recettes\u2026 Et la premi\u00e8re victoire culturelle de ce mouvement est d&rsquo;avoir mis dans le d\u00e9bat public la n\u00e9cessit\u00e9 d&rsquo;une contribution plus importante des plus riches, via la <a href=\"https:\/\/www.laprovence.com\/article\/politique\/97478455428855\/20-milliards-deuros-cest-ce-que-pourrait-rapporter-la-taxe-zucman-a-letat\" target=\"_blank\" rel=\"noopener\">taxe<\/a><a href=\"https:\/\/www.laprovence.com\/article\/politique\/97478455428855\/20-milliards-deuros-cest-ce-que-pourrait-rapporter-la-taxe-zucman-a-letat\" target=\"_blank\" rel=\"noopener\"><strong> <\/strong><\/a><a href=\"https:\/\/www.laprovence.com\/article\/politique\/97478455428855\/20-milliards-deuros-cest-ce-que-pourrait-rapporter-la-taxe-zucman-a-letat\" target=\"_blank\" rel=\"noopener\">Zucman<\/a> notamment.<strong>\u00ab\u00a0<\/strong><\/p>\n<p>Car pour beaucoup de manifestants, \u00ab\u00a0la justice sociale passe par la justice fiscale\u00a0\u00bb. \u00ab\u00a0Les questions fiscales sont d\u00e9sormais au c\u0153ur des revendications du jour, livre Alain Rei, secr\u00e9taire g\u00e9n\u00e9rale de la\u00a0CFDT\u00a013.\u00a0Les plus modestes ne peuvent plus consentir \u00e0 l&rsquo;imp\u00f4t si les plus riches ne sont pas davantage mis \u00e0 contribution. C&rsquo;est une demande forte et ce gouvernement ne peut plus continuer \u00e0 ignorer le peuple.\u00a0\u00bb<\/p>\n<p>Dans les rangs, pas de lassitude. Pourtant, \u00ab\u00a0on ne sait plus vraiment comment faire pour \u00eatre entendu, d\u00e9plore Louis, 25 ans, jeune professeur de maths \u00e0 Marseille. Face aux classes qui grandissent, aux lits qui ferment dans les h\u00f4pitaux, notre seul moyen de nous battre est la manif. Cela doit devenir un cercle vertueux dans lequel chacun s&rsquo;engage, essaye de f\u00e9d\u00e9rer sur son lieu de travail&#8230; On ne peut pas renoncer.\u00a0\u00bb<\/p>\n<p>\u00ab\u00a0La gr\u00e8ve reste l&rsquo;arme majeure du rapport de force\u00a0\u00bb<\/p>\n<p>Le cort\u00e8ge semble cependant moins important que lors des pr\u00e9c\u00e9dents rendez-vous sociaux de septembre. La police a compt\u00e9 4\u00a0000 manifestants (contre 8\u00a0000 le 18\u00a0septembre), alors que l&rsquo;intersyndicale a d\u00e9nombr\u00e9 80\u00a0000 personnes mobilis\u00e9es.<\/p>\n<p>\u00ab\u00a0Il peut y avoir une petite stagnation du mouvement, temp\u00e8re Fr\u00e9d\u00e9ric Michel. Pour beaucoup de salari\u00e9s, la fin du mois d\u00e9bute le 10 et les retenues de salaire sont difficiles \u00e0 supporter. La gr\u00e8ve reste l&rsquo;arme majeure du rapport de force mais nous, syndicats, devons imaginer une convergence avec les collectifs, les associations et les mouvements citoyens qui portent des revendications de justice sociale\u2026 Pour <a href=\"https:\/\/www.laprovence.com\/article\/region\/17195318219488\/10-septembre-a-marseille-la-colere-dune-jeunesse-declassee\" target=\"_blank\" rel=\"noopener\">mobiliser ceux qui \u00e9taient dans la rue le 10\u00a0septembre<\/a> et qui n&rsquo;y sont peut-\u00eatre pas aujourd&rsquo;hui.\u00a0\u00bb<\/p>\n","protected":false},"excerpt":{"rendered":"Troisi\u00e8me journ\u00e9e de mobilisation depuis la rentr\u00e9e, la deuxi\u00e8me \u00e0 l&rsquo;appel de l&rsquo;intersyndicale (CFDT, CGT, FO, CFE-CGC, CFTC,&hellip;\n","protected":false},"author":2,"featured_media":441119,"comment_status":"","ping_status":"","sticky":false,"template":"","format":"standard","meta":{"footnotes":""},"categories":[2814],"tags":[17,1111,11,1777,674,1011,27,884,10234,12,7518,5261,882,56780,25,56781,801,104,133],"class_list":{"0":"post-441118","1":"post","2":"type-post","3":"status-publish","4":"format-standard","5":"has-post-thumbnail","7":"category-marseille","8":"tag-17","9":"tag-actu","10":"tag-actualites","11":"tag-eu","12":"tag-europe","13":"tag-fr","14":"tag-france","15":"tag-marseille","16":"tag-mobilisation","17":"tag-news","18":"tag-octobre","19":"tag-pas","20":"tag-provence-alpes-cote-dazur","21":"tag-ras-le-bol","22":"tag-republique-francaise","23":"tag-retombe","24":"tag-social","25":"tag-societe","26":"tag-video"},"share_on_mastodon":{"url":"https:\/\/pubeurope.com\/@fr\/115322553885928696","error":""},"_links":{"self":[{"href":"https:\/\/www.europesays.com\/fr\/wp-json\/wp\/v2\/posts\/441118","targetHints":{"allow":["GET"]}}],"collection":[{"href":"https:\/\/www.europesays.com\/fr\/wp-json\/wp\/v2\/posts"}],"about":[{"href":"https:\/\/www.europesays.com\/fr\/wp-json\/wp\/v2\/types\/post"}],"author":[{"embeddable":true,"href":"https:\/\/www.europesays.com\/fr\/wp-json\/wp\/v2\/users\/2"}],"replies":[{"embeddable":true,"href":"https:\/\/www.europesays.com\/fr\/wp-json\/wp\/v2\/comments?post=441118"}],"version-history":[{"count":0,"href":"https:\/\/www.europesays.com\/fr\/wp-json\/wp\/v2\/posts\/441118\/revisions"}],"wp:featuredmedia":[{"embeddable":true,"href":"https:\/\/www.europesays.com\/fr\/wp-json\/wp\/v2\/media\/441119"}],"wp:attachment":[{"href":"https:\/\/www.europesays.com\/fr\/wp-json\/wp\/v2\/media?parent=441118"}],"wp:term":[{"taxonomy":"category","embeddable":true,"href":"https:\/\/www.europesays.com\/fr\/wp-json\/wp\/v2\/categories?post=441118"},{"taxonomy":"post_tag","embeddable":true,"href":"https:\/\/www.europesays.com\/fr\/wp-json\/wp\/v2\/tags?post=441118"}],"curies":[{"name":"wp","href":"https:\/\/api.w.org\/{rel}","templated":true}]}}