{"id":441120,"date":"2025-10-05T16:41:15","date_gmt":"2025-10-05T16:41:15","guid":{"rendered":"https:\/\/www.europesays.com\/fr\/441120\/"},"modified":"2025-10-05T16:41:15","modified_gmt":"2025-10-05T16:41:15","slug":"communique-de-soutien-aux-militant%c2%b7es-interpelle%c2%b7es-a-marseille","status":"publish","type":"post","link":"https:\/\/www.europesays.com\/fr\/441120\/","title":{"rendered":"Communiqu\u00e9 de soutien aux militant\u00b7es interpell\u00e9\u00b7es \u00e0 Marseille"},"content":{"rendered":"<p><img width=\"526\" height=\"293\" src=\"https:\/\/www.europesays.com\/fr\/wp-content\/uploads\/2025\/10\/WhatsApp-Image-2025-10-05-at-08.36.26.jpeg\" class=\"attachment-full size-full wp-post-image\" alt=\"\" itemprop=\"image\" decoding=\"async\" fetchpriority=\"high\"  \/>\t<\/p>\n<p> \u2192 Partager \u2190<\/p>\n<p>\n   \u2190 Merci ! \u2192\n  <\/p>\n<p>La campagne BDS France tient \u00e0 manifester son soutien total aux 123 militant\u00b7es interpell\u00e9\u00b7es \u00e0 Marseille et plac\u00e9\u00b7es en garde \u00e0 vue durant 24 heures dans diff\u00e9rents commissariats des Bouches-du-Rh\u00f4ne.<\/p>\n<p>Le 2 octobre, ces militant\u00b7es s\u2019\u00e9taient rassembl\u00e9\u00b7es, dans le cadre de la journ\u00e9e de mobilisation nationale \u00e0 l\u2019appel de l\u2019intersyndicale, aux abords des locaux d\u2019Eurolinks, une entreprise qui n\u2019a jamais cess\u00e9 de vendre au r\u00e9gime g\u00e9nocidaire isra\u00e9lien des composants militaires utilis\u00e9s dans le g\u00e9nocide en cours \u00e0 Gaza. Cette entreprise avait \u00e9t\u00e9 l\u2019objet de deux blocages r\u00e9ussis dans les semaines pr\u00e9c\u00e9dentes.<\/p>\n<p>La police a d\u00e9ploy\u00e9 un dispositif \u00e9norme pour emp\u00eacher les\u00a0 manifestant\u00b7es de s\u2019approcher de l\u2019entreprise, elle a proc\u00e9d\u00e9 tr\u00e8s vite \u00e0 de massives interpellations totalement arbitraires et a emmen\u00e9, dans des bus pr\u00e9vus \u00e0 l\u2019avance,\u00a0les 123 manifestant\u00b7es en direction des commissariats.<\/p>\n<p>\u00c0 Aix-en-Provence, notre comit\u00e9 local BDS Provence, avec les camarades insoumis d\u2019Aix, est all\u00e9 accueillir les 8 manifestant\u00b7es retenu\u00b7es au commissariat de la ville \u00e0 leur sortie de garde \u00e0 vue pour leur manifester son enti\u00e8re solidarit\u00e9 et affirmer haut et fort que dans le cadre d\u2019un g\u00e9nocide, l\u2019entrave \u00e0 la libert\u00e9 d\u2019expression et la r\u00e9pression s\u2019apparentent \u00e0 de la complicit\u00e9 avec le r\u00e9gime g\u00e9nocidaire\u00a0!<\/p>\n<p>La campagne BDS France demande que les poursuites judiciaires engag\u00e9es contre tout\u00b7es les manifestant\u00b7es soient abandonn\u00e9es, aussi bien contre les 123 militant\u00b7es interpell\u00e9\u00b7es \u00e0 Marseille que contre les autres militant\u00b7es interpell\u00e9\u00b7es \u00e0 Strasbourg et \u00e0 Toulouse, \u00e9galement dans le cadre de la journ\u00e9e de mobilisation nationale du 2 octobre.<\/p>\n<p><strong>La solidarit\u00e9 avec un peuple g\u00e9nocid\u00e9 n\u2019est pas un crime, c\u2019est plus qu\u2019un droit, c\u2019est un devoir\u00a0!<\/strong><\/p>\n<p><strong>La r\u00e9pression ne nous fera pas taire\u00a0!<\/strong> La campagne BDS France continuera \u00e0 d\u00e9noncer la complicit\u00e9 du gouvernement avec le r\u00e9gime g\u00e9nocidaire d\u2019apartheid isra\u00e9lien, \u00e0 exiger l\u2019application imm\u00e9diate de sanctions notamment l\u2019arr\u00eat des ventes d\u2019armes. Elle continuera\u00a0 \u00e0 appeler au boycott et au d\u00e9sinvestissement de toutes les entreprises complices d\u2019Isra\u00ebl, jusqu\u2019\u00e0 ce que la justice pour le peuple palestinien triomphe.<\/p>\n","protected":false},"excerpt":{"rendered":"\u2192 Partager \u2190 \u2190 Merci ! \u2192 La campagne BDS France tient \u00e0 manifester son soutien total aux&hellip;\n","protected":false},"author":2,"featured_media":441121,"comment_status":"","ping_status":"","sticky":false,"template":"","format":"standard","meta":{"footnotes":""},"categories":[2814],"tags":[1111,11,1777,674,1011,27,884,12,882,25],"class_list":{"0":"post-441120","1":"post","2":"type-post","3":"status-publish","4":"format-standard","5":"has-post-thumbnail","7":"category-marseille","8":"tag-actu","9":"tag-actualites","10":"tag-eu","11":"tag-europe","12":"tag-fr","13":"tag-france","14":"tag-marseille","15":"tag-news","16":"tag-provence-alpes-cote-dazur","17":"tag-republique-francaise"},"share_on_mastodon":{"url":"https:\/\/pubeurope.com\/@fr\/115322558354997251","error":""},"_links":{"self":[{"href":"https:\/\/www.europesays.com\/fr\/wp-json\/wp\/v2\/posts\/441120","targetHints":{"allow":["GET"]}}],"collection":[{"href":"https:\/\/www.europesays.com\/fr\/wp-json\/wp\/v2\/posts"}],"about":[{"href":"https:\/\/www.europesays.com\/fr\/wp-json\/wp\/v2\/types\/post"}],"author":[{"embeddable":true,"href":"https:\/\/www.europesays.com\/fr\/wp-json\/wp\/v2\/users\/2"}],"replies":[{"embeddable":true,"href":"https:\/\/www.europesays.com\/fr\/wp-json\/wp\/v2\/comments?post=441120"}],"version-history":[{"count":0,"href":"https:\/\/www.europesays.com\/fr\/wp-json\/wp\/v2\/posts\/441120\/revisions"}],"wp:featuredmedia":[{"embeddable":true,"href":"https:\/\/www.europesays.com\/fr\/wp-json\/wp\/v2\/media\/441121"}],"wp:attachment":[{"href":"https:\/\/www.europesays.com\/fr\/wp-json\/wp\/v2\/media?parent=441120"}],"wp:term":[{"taxonomy":"category","embeddable":true,"href":"https:\/\/www.europesays.com\/fr\/wp-json\/wp\/v2\/categories?post=441120"},{"taxonomy":"post_tag","embeddable":true,"href":"https:\/\/www.europesays.com\/fr\/wp-json\/wp\/v2\/tags?post=441120"}],"curies":[{"name":"wp","href":"https:\/\/api.w.org\/{rel}","templated":true}]}}