{"id":441126,"date":"2025-10-05T16:45:12","date_gmt":"2025-10-05T16:45:12","guid":{"rendered":"https:\/\/www.europesays.com\/fr\/441126\/"},"modified":"2025-10-05T16:45:12","modified_gmt":"2025-10-05T16:45:12","slug":"mort-dun-enfant-patrick-balkany-polemique-shein-au-bhv-les-infos-du-week-end-en-ile-de-france","status":"publish","type":"post","link":"https:\/\/www.europesays.com\/fr\/441126\/","title":{"rendered":"Mort d&rsquo;un enfant, Patrick Balkany, pol\u00e9mique Shein au BHV&#8230; Les infos du week-end en \u00cele-de-France"},"content":{"rendered":"<p>            Par<br \/>\n        <strong><br \/>\n            <a href=\"https:\/\/actu.fr\/auteur\/antoine-grotteria02\" title=\"Consulter tous les articles de Antoine Grotteria\" target=\"_blank\" rel=\"noopener\">Antoine Grotteria<\/a><br \/>\n        <\/strong><\/p>\n<p>        Publi\u00e9 le<\/p>\n<p>            5 oct. 2025 \u00e0 18h02        <\/p>\n<p>Un tragique accident. Ce samedi 4 octobre 2025, un <strong>enfant de 11 ans<\/strong> est d\u00e9c\u00e9d\u00e9 au parc de loisirs Nikito du centre commercial Domus \u00e0 <a href=\"https:\/\/actu.fr\/ile-de-france\/rosny-sous-bois_93064\" target=\"_blank\" rel=\"noopener\">Rosny-sous-Bois<\/a> (<a href=\"https:\/\/actu.fr\/ile-de-france\/seine-saint-denis_93\" target=\"_blank\" rel=\"noopener\">Seine-Saint-Denis<\/a>), alors qu\u2019il prenait part \u00e0 une session de trampoline.\u00a0<\/p>\n<p class=\" wall-content\">Voici la <strong>principale information<\/strong> \u00e0 retenir de ces samedi 4 et dimanche 5 octobre 2025 dans votre r\u00e9gion.<\/p>\n<p class=\" wall-content\"><strong>Les infos marquantes du week-end \u00e0 Paris et en \u00cele-de-France<\/strong><\/p>\n<p class=\" wall-content\"><strong>Seine-Saint-Denis. <\/strong><a title=\"Lire l&#039;article\" href=\"https:\/\/actu.fr\/ile-de-france\/rosny-sous-bois_93064\/seine-saint-denis-mort-d-un-enfant-de-11-ans-foudroye-par-une-crise-cardiaque-sur-un-trampoline_63257204.html\" target=\"_blank\" rel=\"noopener\"><strong>Seine-Saint-Denis : mort d\u2019un enfant de 11 ans, foudroy\u00e9 par une crise cardiaque sur un trampoline<\/strong><\/a><br \/>Un enfant de 11 ans est d\u00e9c\u00e9d\u00e9 subitement, samedi 4 octobre 2025, dans un parc de loisirs du centre commercial Domus \u00e0 Rosny-sous-Bois. Il participait \u00e0 une session de trampoline.<\/p>\n<p class=\" wall-content\"><strong>Hauts-de-Seine. <\/strong><a title=\"Lire l&#039;article\" href=\"https:\/\/actu.fr\/ile-de-france\/levallois-perret_92044\/malhonnete-grande-epoque-a-levallois-l-appetit-de-patrick-balkany-pour-les-municipales-de-2026-divise_63255515.html\" target=\"_blank\" rel=\"noopener\"><strong>\u00ab\u00a0Malhonn\u00eate\u00a0\u00bb, \u00ab\u00a0grande \u00e9poque\u00a0\u00bb\u2026 \u00c0 Levallois, l\u2019app\u00e9tit de Patrick Balkany pour les municipales de 2026 divise<\/strong><\/a><br \/>Condamn\u00e9 pour fraude fiscale, l\u2019ancien maire de Levallois-Perret veut \u00e0 nouveau peser dans les affaires de la ville. Au march\u00e9, certains le d\u00e9plorent quand d\u2019autres le r\u00e9clament.<\/p>\n<p class=\" wall-content\"><strong>Paris. <\/strong><a title=\"Lire l&#039;article\" href=\"https:\/\/actu.fr\/ile-de-france\/paris_75056\/arrivee-de-shein-au-bhv-a-paris-l-un-des-principaux-financeurs-du-grand-magasin-s-oppose-au-projet_63255120.html\" target=\"_blank\" rel=\"noopener\"><strong>Arriv\u00e9e de Shein au BHV \u00e0 Paris : l\u2019un des principaux financeurs du grand magasin s\u2019oppose au projet<\/strong><\/a><br \/>La Caisse des d\u00e9p\u00f4ts, qui fait partie des principaux financeurs de la reprise du BHV par la Soci\u00e9t\u00e9 des grands magasins (SGM), a fait part de son opposition \u00e0 l\u2019arriv\u00e9e de Shein.<\/p>\n<p class=\" wall-content\"><strong>Val-de-Marne. <\/strong><a title=\"Lire l&#039;article\" href=\"https:\/\/actu.fr\/ile-de-france\/maisons-alfort_94046\/a-maisons-alfort-la-librairie-la-ruche-challenge-les-etudiants-futurs-libraires_63248601.html\" target=\"_blank\" rel=\"noopener\"><strong>\u00c0 Maisons-Alfort, la librairie La Ruche challenge les \u00e9tudiants futurs libraires<\/strong><\/a><br \/>Les apprentis de l\u2019Ecole de la librairie, \u00e0 Maisons-Alfort, d\u00e9couvrent la librairie-\u00e9cole La Ruche, qui leur permet de s\u2019exercer \u00e0 la mise en pratique d\u2019un projet d\u2019animation.<\/p>\n<p class=\" wall-content\"><strong>Essonne. <\/strong><a title=\"Lire l&#039;article\" href=\"https:\/\/actu.fr\/ile-de-france\/le-coudray-montceaux_91179\/decouvrir-une-autre-culture-cette-ville-de-l-essonne-signe-son-premier-serment-de-jumelage_63248545.html\" target=\"_blank\" rel=\"noopener\"><strong>\u00ab\u00a0D\u00e9couvrir une autre culture\u00a0\u00bb : cette ville de l\u2019Essonne signe son premier serment de jumelage<\/strong><\/a><br \/>Depuis la fin du mois d\u2019ao\u00fbt, la ville du Coudray-Montceaux est jumel\u00e9e avec la ville allemande de Drebkau. La ville rejoint la soixantaine de communes de l\u2019Essonne d\u00e9j\u00e0 jumel\u00e9es.<\/p>\n<p>Votre r\u00e9gion, votre actu !<\/p>\n<p>Recevez chaque jour les infos qui comptent pour vous.<\/p>\n<p>\t<a href=\"https:\/\/actu.fr\/newsletter\" class=\"ac-btn ac-btn--corner ac-btn--medium ac-btn--blue800\" target=\"_blank\" rel=\"noopener\">S&rsquo;incrire<\/a><\/p>\n<p class=\" wall-content\"><strong>Seine-et-Marne. <\/strong><a title=\"Lire l&#039;article\" href=\"https:\/\/actu.fr\/ile-de-france\/fontainebleau_77186\/insolite-de-paris-a-fontainebleau-ces-chercheurs-vont-livrer-les-secrets-de-la-luminescence-a-12-chanceux_63257371.html\" target=\"_blank\" rel=\"noopener\"><strong>Insolite : de Paris \u00e0 Fontainebleau, ces chercheurs vont livrer les secrets de la luminescence \u00e0 12 chanceux<\/strong><\/a><br \/>Pour Visites insolites du CNRS 2025, la station d\u2019\u00e9cologie foresti\u00e8re de Fontainebleau va ouvrir exceptionnellement ses portes \u00e0 douze chanceux qui d\u00e9couvriront un lieu historique.<\/p>\n<p class=\" wall-content\"><strong>Val-d\u2019Oise. <\/strong><a title=\"Lire l&#039;article\" href=\"https:\/\/actu.fr\/faits-divers\/meteo-coup-de-vent-dans-le-val-d-oise-plus-d-une-centaine-d-interventions-pour-les-pompiers_63256931.html\" target=\"_blank\" rel=\"noopener\"><strong>M\u00e9t\u00e9o. Coup de vent dans le Val-d\u2019Oise : plus d\u2019une centaine d\u2019interventions pour les pompiers<\/strong><\/a><br \/>Suite au passage de la mini-temp\u00eate Amy, samedi 4 octobre 2025, les sapeurs-pompiers du Val-d\u2019Oise ont \u00e9t\u00e9 sollicit\u00e9s \u00e0 108 reprises en une journ\u00e9e.<\/p>\n<p class=\" wall-content\"><strong>Yvelines. <\/strong>F<a title=\"Lire l&#039;article\" href=\"https:\/\/actu.fr\/sports\/football\/football-vinsky-youtubeur-star-des-yvelines-et-son-petit-club-proche-de-lespagne-impressionnent-deja_63253269.html\" target=\"_blank\" rel=\"noopener\"><strong>ootball : Vinsky, youtubeur star des Yvelines, et son petit club proche de l\u2019Espagne impressionnent d\u00e9j\u00e0<\/strong><\/a><br \/>Apr\u00e8s avoir repris le club andorran du SC Escaldes en mars\u00a02025, Vinsky, le youtubeur de Mantes-la-Jolie (Yvelines), revient sur les premiers mois de ce projet hors du commun.<\/p>\n<p class=\" wall-content\"><strong>Suivez-nous pour en savoir plus !<\/strong><\/p>\n<p class=\" wall-content\">Paris : retrouvez\u00a0actu Paris\u00a0sur\u00a0<a href=\"https:\/\/www.facebook.com\/actufr.paris\/\" target=\"_blank\" rel=\"noopener\">Facebook\u00a0<\/a>et\u00a0<a href=\"https:\/\/x.com\/actufrparis\">Twitter\u00a0<\/a>;<br \/>Seine-et-Marne : retrouvez\u00a0La R\u00e9publique de Seine-et-Marne\u00a0(sud) sur\u00a0<a href=\"https:\/\/www.facebook.com\/RepubliqueSeineMarne\/\" target=\"_blank\" rel=\"noopener\">Facebook\u00a0<\/a>et\u00a0<a href=\"https:\/\/x.com\/JournalLaMarne\">Twitter\u00a0<\/a>;\u00a0La Marne\u00a0(nord) sur\u00a0<a href=\"https:\/\/www.facebook.com\/RepubliqueSeineMarne\/\" target=\"_blank\" rel=\"noopener\">Facebook\u00a0<\/a>et\u00a0<a href=\"https:\/\/x.com\/JournalLaMarne\">Twitter\u00a0<\/a>; et\u00a0Le Pays Briard\u00a0sur\u00a0<a href=\"https:\/\/www.facebook.com\/LePaysBriard\/?ref=bookmarks\" target=\"_blank\" rel=\"noopener\">Facebook\u00a0<\/a>et\u00a0<a href=\"https:\/\/x.com\/LePaysBriard\">Twitter\u00a0<\/a>;<br \/>Yvelines : retrouvez\u00a078actu\u00a0sur\u00a0<a href=\"https:\/\/www.facebook.com\/78actu?locale=fr_FR\" target=\"_blank\" rel=\"noopener\">Facebook\u00a0<\/a>et\u00a0<a href=\"https:\/\/x.com\/78actu\">Twitter\u00a0<\/a>;<br \/>Essonne : retrouvez\u00a0actu Essonne\u00a0sur\u00a0<a href=\"https:\/\/www.facebook.com\/actuessonne\/?ref=br_rs\" target=\"_blank\" rel=\"noopener\">Facebook\u00a0<\/a>et\u00a0<a href=\"https:\/\/x.com\/ActuEssonne\">Twitter\u00a0<\/a>;<br \/>Hauts-de-Seine : retrouvez\u00a0actu Hauts-de-Seine\u00a0sur\u00a0<a href=\"https:\/\/www.facebook.com\/actufr.hautsdeseine\/\" target=\"_blank\" rel=\"noopener\">Facebook\u00a0<\/a>et\u00a0<a href=\"https:\/\/x.com\/actufr92\">Twitter\u00a0<\/a>;<br \/>Seine-Saint-Denis : retrouvez\u00a0actu Seine-Saint-Denis\u00a0sur\u00a0<a href=\"https:\/\/www.facebook.com\/actu94.valdemarne\/\" target=\"_blank\" rel=\"noopener\">Facebook\u00a0<\/a>et\u00a0Twitter\u00a0;<br \/>Val-de-Marne : retrouvez\u00a0actu Val-de-Marne\u00a0sur\u00a0<a href=\"https:\/\/www.facebook.com\/actu94.valdemarne\/\" target=\"_blank\" rel=\"noopener\">Facebook\u00a0<\/a>et\u00a0<a href=\"https:\/\/x.com\/actufr94\">Twitter\u00a0<\/a>;<br \/>Val-d\u2019Oise : retrouvez\u00a0La Gazette du Val-d\u2019Oise\u00a0sur\u00a0<a href=\"https:\/\/www.facebook.com\/lagazetteduvaldoise\/\" target=\"_blank\" rel=\"noopener\">Facebook<\/a>.<\/p>\n<p class=\" wall-content\">Personnalisez votre actualit\u00e9 en ajoutant vos villes et m\u00e9dias en favori avec <a href=\"https:\/\/moncompte.actu.fr\" title=\"D\u00e9couvez Mon Actu\" rel=\"nofollow noopener\" data-trk=\"{&quot;cta&quot;:{&quot;action&quot;:&quot;https:\\\/\\\/moncompte.actu.fr&quot;,&quot;category&quot;:&quot;mon compte&quot;,&quot;from&quot;:&quot;article footer&quot;,&quot;name&quot;:&quot;Mon actu&quot;,&quot;type&quot;:&quot;cta&quot;}}\" target=\"_blank\">Mon Actu<\/a>.<\/p>\n","protected":false},"excerpt":{"rendered":"Par Antoine Grotteria Publi\u00e9 le 5 oct. 2025 \u00e0 18h02 Un tragique accident. Ce samedi 4 octobre 2025,&hellip;\n","protected":false},"author":2,"featured_media":441127,"comment_status":"","ping_status":"","sticky":false,"template":"","format":"standard","meta":{"footnotes":""},"categories":[1592],"tags":[1111,11,4753,1719,1777,674,1011,27,662,12,626,54198,25,104],"class_list":{"0":"post-441126","1":"post","2":"type-post","3":"status-publish","4":"format-standard","5":"has-post-thumbnail","7":"category-ile-de-france","8":"tag-actu","9":"tag-actualites","10":"tag-bhv","11":"tag-enfants","12":"tag-eu","13":"tag-europe","14":"tag-fr","15":"tag-france","16":"tag-ile-de-france","17":"tag-news","18":"tag-paris","19":"tag-patrick-balkany","20":"tag-republique-francaise","21":"tag-societe"},"share_on_mastodon":{"url":"https:\/\/pubeurope.com\/@fr\/115322573624094565","error":""},"_links":{"self":[{"href":"https:\/\/www.europesays.com\/fr\/wp-json\/wp\/v2\/posts\/441126","targetHints":{"allow":["GET"]}}],"collection":[{"href":"https:\/\/www.europesays.com\/fr\/wp-json\/wp\/v2\/posts"}],"about":[{"href":"https:\/\/www.europesays.com\/fr\/wp-json\/wp\/v2\/types\/post"}],"author":[{"embeddable":true,"href":"https:\/\/www.europesays.com\/fr\/wp-json\/wp\/v2\/users\/2"}],"replies":[{"embeddable":true,"href":"https:\/\/www.europesays.com\/fr\/wp-json\/wp\/v2\/comments?post=441126"}],"version-history":[{"count":0,"href":"https:\/\/www.europesays.com\/fr\/wp-json\/wp\/v2\/posts\/441126\/revisions"}],"wp:featuredmedia":[{"embeddable":true,"href":"https:\/\/www.europesays.com\/fr\/wp-json\/wp\/v2\/media\/441127"}],"wp:attachment":[{"href":"https:\/\/www.europesays.com\/fr\/wp-json\/wp\/v2\/media?parent=441126"}],"wp:term":[{"taxonomy":"category","embeddable":true,"href":"https:\/\/www.europesays.com\/fr\/wp-json\/wp\/v2\/categories?post=441126"},{"taxonomy":"post_tag","embeddable":true,"href":"https:\/\/www.europesays.com\/fr\/wp-json\/wp\/v2\/tags?post=441126"}],"curies":[{"name":"wp","href":"https:\/\/api.w.org\/{rel}","templated":true}]}}