{"id":441129,"date":"2025-10-05T16:47:20","date_gmt":"2025-10-05T16:47:20","guid":{"rendered":"https:\/\/www.europesays.com\/fr\/441129\/"},"modified":"2025-10-05T16:47:20","modified_gmt":"2025-10-05T16:47:20","slug":"paris-fashion-week-alaia-maison-margiela-hermes-et-vivienne-westwood","status":"publish","type":"post","link":"https:\/\/www.europesays.com\/fr\/441129\/","title":{"rendered":"Paris Fashion Week : Ala\u00efa, Maison Margiela, Herm\u00e8s et Vivienne Westwood"},"content":{"rendered":"<p>\n                                    <b>Publi\u00e9 le<\/b><br \/>\n                                    <\/p>\n<p>                                        5 octobre 2025<\/p>\n<p class=\"article-content col-md-8 offset-md-1\">\n                                La <a class=\"fnwAddLinks\" href=\"https:\/\/be.fashionnetwork.com\/tags-paris-fashion-week\" title=\"Paris Fashion Week\" target=\"_blank\" rel=\"noopener\">Paris Fashion Week<\/a> s\u2019est d\u00e9roul\u00e9e sous des trombes d\u2019eau et au milieu des embouteillages, et a offert samedi un quatuor de d\u00e9fil\u00e9s tr\u00e8s distinctifs : un Ala\u00efa \u00e9pique, un <a class=\"fnwAddLinks\" href=\"https:\/\/be.fashionnetwork.com\/tags-maison-margiela\" title=\"Maison Margiela\" target=\"_blank\" rel=\"noopener\">Maison Margiela<\/a> inqui\u00e9tant, un <a class=\"fnwAddLinks\" href=\"https:\/\/be.fashionnetwork.com\/tags-hermes\" title=\"Herm\u00e8s\" target=\"_blank\" rel=\"noopener\">Herm\u00e8s<\/a> ultra \u00e9questre et une <a class=\"fnwAddLinks\" href=\"https:\/\/be.fashionnetwork.com\/tags-vivienne-westwood\" title=\"Vivienne Westwood\" target=\"_blank\" rel=\"noopener\">Vivienne Westwood<\/a> fa\u00e7on boudoir.<\/p>\n<p class=\"col-md-10 exergue\">Ala\u00efa : Une mise en sc\u00e8ne \u00e9pique, une collection \u00e9nergique<\/p>\n<p class=\"col-md-8 offset-md-1\">Voil\u00e0 ce qu\u2019on appelle une synergie intelligente. Le directeur de la cr\u00e9ation Pieter Mulier a pr\u00e9sent\u00e9 son dernier d\u00e9fil\u00e9 pour la maison Ala\u00efa \u00e0 la Fondation <a class=\"fnwAddLinks\" href=\"https:\/\/be.fashionnetwork.com\/tags-cartier\" title=\"Cartier\" target=\"_blank\" rel=\"noopener\">Cartier<\/a> \u2014 autre marque d\u00e9tenue par <a class=\"fnwAddLinks\" href=\"https:\/\/be.fashionnetwork.com\/tags-richemont\" title=\"Richemont\" target=\"_blank\" rel=\"noopener\">Richemont<\/a> \u2014 et le r\u00e9sultat fut d\u2019une pure beaut\u00e9.<\/p>\n<p><a class=\"btn btn-dark\" target=\"_blank\" href=\"https:\/\/lu.fashionnetwork.com\/galeries\/photos\/Alaia,73451.html\" rel=\"noopener\">Voir le d\u00e9fil\u00e9<\/a><img decoding=\"async\" class=\"news-image\" style=\"width:100%;max-width:645px;\" src=\"https:\/\/www.europesays.com\/fr\/wp-content\/uploads\/2025\/10\/40b9.jpg\" alt=\"Ala\u00efa - Printemps-\u00c9t\u00e9 2026 - Femme - France - Paris\" loading=\"lazy\"\/>Ala\u00efa &#8211; Printemps-\u00c9t\u00e9 2026 &#8211; Femme &#8211; France &#8211; Paris &#8211; \u00a9Launchmetrics\/spotlight<\/p>\n<p class=\"col-md-8 offset-md-1 article-content--texte\">Install\u00e9 au rez-de-chauss\u00e9e de la fondation con\u00e7ue par <a class=\"fnwAddLinks\" href=\"https:\/\/be.fashionnetwork.com\/tags-jean-nouvel\" title=\"Jean Nouvel\" target=\"_blank\" rel=\"noopener\">Jean Nouvel<\/a>, le sol \u00e9tait enti\u00e8rement constitu\u00e9 de panneaux LED, permettant aux mannequins de d\u00e9filer sur de magnifiques images de beaut\u00e9 f\u00e9minine, avec des gros plans de visages de la taille d\u2019un court de squash. Un plafond miroir refl\u00e9tait ces images \u00e0 l\u2019infini, saturant l\u2019espace et accentuant le sens du drame.<\/p>\n<p>\u00ab\u00a0Je voulais cr\u00e9er un cocon d\u2019images\u00a0\u00bb, a souri Mulier, sous une pluie d\u2019\u00e9loges.<\/p>\n<p class=\"col-md-8 offset-md-1 article-content--texte\">S\u2019appuyant sur l\u2019ADN de la maison, fait de sensualit\u00e9 assum\u00e9e, le cr\u00e9ateur belge a taill\u00e9 des robes de cocktail \u00e9l\u00e9gantes en fibres techniques, soie ou mailles c\u00f4tel\u00e9es, agr\u00e9ment\u00e9es de plastrons transparents et de franges diagonales impeccables.<\/p>\n<p>Il a taill\u00e9 des manteaux et des tuniques en peau de l\u00e9zard, et drap\u00e9 avec une ma\u00eetrise remarquable \u2014 une s\u00e9rie de jupes en V, jouant des superpositions et des plis en jersey de coton et de soie, s\u2019est r\u00e9v\u00e9l\u00e9e stup\u00e9fiante. Tout comme un perfecto en cuir noir aux \u00e9paules d\u00e9port\u00e9es qui se muait en une grandiose robe du soir. On soup\u00e7onne que le fondateur Azzedine aurait ador\u00e9 cette silhouette.<\/p>\n<p><a class=\"btn btn-dark\" target=\"_blank\" href=\"https:\/\/lu.fashionnetwork.com\/galeries\/photos\/Alaia,73451.html\" rel=\"noopener\">Voir le d\u00e9fil\u00e9<\/a><img decoding=\"async\" class=\"news-image\" style=\"width:100%;max-width:645px;\" src=\"https:\/\/www.europesays.com\/fr\/wp-content\/uploads\/2025\/10\/22f9.jpg\" alt=\"Ala\u00efa - Printemps-\u00c9t\u00e9 2026 - Femme - France - Paris\" loading=\"lazy\"\/>Ala\u00efa &#8211; Printemps-\u00c9t\u00e9 2026 &#8211; Femme &#8211; France &#8211; Paris &#8211; \u00a9Launchmetrics\/spotlight<\/p>\n<p class=\"col-md-8 offset-md-1 article-content--texte\">\u00ab\u00a0Sexy, mais toujours tr\u00e8s simple et pr\u00e9cis\u00a0\u00bb, a d\u00e9clar\u00e9 Mulier, v\u00eatu d\u2019un sweat-shirt et de chaussettes blancs, d\u2019un vieux jean et de mocassins, alors qu\u2019il serrait son ancien patron <a class=\"fnwAddLinks\" href=\"https:\/\/be.fashionnetwork.com\/tags-raf-simons\" title=\"Raf Simons\" target=\"_blank\" rel=\"noopener\">Raf Simons<\/a> dans une immense \u00e9treinte au final.<\/p>\n<p>Il a pris beaucoup de risques, avec des pantalons \u00e0 franges pendantes port\u00e9s avec des blouses de chirurgien. Ses manteaux en coton \u00e9voquaient des fracs conceptuels \u2014 courts devant, fr\u00f4lant les chevilles derri\u00e8re. Cependant, Mulier s\u2019est parfois montr\u00e9 trop c\u00e9r\u00e9bral, avec des robes qui se nouaient soudainement autour de la cheville, ou des pi\u00e8ces en jersey qui semblaient entraver les bras des mannequins. Pas exactement lib\u00e9rateur, ni tr\u00e8s Ala\u00efa.<\/p>\n<p>Mais, dans l\u2019ensemble, ce fut un moment de mode m\u00e9morable. Et le rappel que la division mode de Richemont, autrefois mauvais \u00e9l\u00e8ve, est d\u00e9sormais un centre d\u2019excellence et de profits.<\/p>\n<p class=\"col-md-10 exergue\">Maison Margiela : Agneaux silencieux, enfants bruyants<\/p>\n<p class=\"col-md-8 offset-md-1\">Lors de ses d\u00e9buts en couture pour Maison Margiela, <a class=\"fnwAddLinks\" href=\"https:\/\/be.fashionnetwork.com\/tags-glenn-martens\" title=\"Glenn Martens\" target=\"_blank\" rel=\"noopener\">Glenn Martens<\/a> a tenu \u00e0 recouvrir la t\u00eate de chaque mannequin d\u2019un masque ou d\u2019une cagoule. Pour ses d\u00e9buts dans le pr\u00eat-\u00e0-porter de la maison cette saison, Glenn Martens a pos\u00e9 un appareil dentaire dans la bouche de chaque mannequin, laissant leurs dents saillir avec agressivit\u00e9 \u2014 fa\u00e7on Le Silence des agneaux.<\/p>\n<p><a class=\"btn btn-dark\" target=\"_blank\" href=\"https:\/\/lu.fashionnetwork.com\/galeries\/photos\/Maison-Margiela,73444.html\" rel=\"noopener\">Voir le d\u00e9fil\u00e9<\/a><img decoding=\"async\" class=\"news-image\" style=\"width:100%;max-width:645px;\" src=\"https:\/\/www.europesays.com\/fr\/wp-content\/uploads\/2025\/10\/da2d.jpg\" alt=\"Maison Margiela - Printemps-\u00c9t\u00e9 2026 - Femme - France - Paris\" loading=\"lazy\"\/>Maison Margiela &#8211; Printemps-\u00c9t\u00e9 2026 &#8211; Femme &#8211; France &#8211; Paris &#8211; \u00a9Launchmetrics\/spotlight<\/p>\n<p class=\"col-md-8 offset-md-1 article-content--texte\">En juillet, alors qu&rsquo;aux Etats-Unis des agents masqu\u00e9s de l\u2019ICE venaient tout juste d&rsquo;arr\u00eater cruellement des immigr\u00e9s suppos\u00e9s en situation irr\u00e9guli\u00e8re, voir des mannequins masqu\u00e9s \u00e9tait pour le moins d\u00e9concertant. Aujourd\u2019hui, dans un contexte de r\u00e9pression brutale de la libert\u00e9 d\u2019expression, assister \u00e0 des bouches maintenues ouvertes de force \u00e9tait d\u2019une lourdeur d\u00e9concertante. Le propos aurait pu \u00eatre exprim\u00e9 avec seulement quelques silhouettes.<\/p>\n<p>L\u2019ambiance discordante \u00e9tait \u00e0 la fois all\u00e9g\u00e9e et soulign\u00e9e par un orchestre d\u2019enfants jouant en direct. En habit d\u2019orchestre sur une sc\u00e8ne enti\u00e8rement blanche, ils ont jou\u00e9 \u2014 tant\u00f4t juste, tant\u00f4t faux \u2014 des \u0153uvres classiques telles que \u00ab\u00a0Carmen\u00a0\u00bb de Bizet, \u00ab\u00a0Le lac des cygnes\u00a0\u00bb de Tcha\u00efkovski et \u00ab\u00a0Rom\u00e9o et Juliette\u00a0\u00bb de Prokofiev.<\/p>\n<p>Un \u00e9trange contrepoint au casting fa\u00e7on Hannibal Lecter. Cela dit, Martens a produit une tr\u00e8s bonne collection, parfois brillante, surtout en mati\u00e8re de tailleur.<\/p>\n<p><a class=\"btn btn-dark\" target=\"_blank\" href=\"https:\/\/lu.fashionnetwork.com\/galeries\/photos\/Maison-Margiela,73444.html\" rel=\"noopener\">Voir le d\u00e9fil\u00e9<\/a><img decoding=\"async\" class=\"news-image\" style=\"width:100%;max-width:645px;\" src=\"https:\/\/www.europesays.com\/fr\/wp-content\/uploads\/2025\/10\/4d6e.jpg\" alt=\"Maison Margiela - Printemps-\u00c9t\u00e9 2026 - Femme - France - Paris\" loading=\"lazy\"\/>Maison Margiela &#8211; Printemps-\u00c9t\u00e9 2026 &#8211; Femme &#8211; France &#8211; Paris &#8211; \u00a9Launchmetrics\/spotlight<\/p>\n<p class=\"col-md-8 offset-md-1 article-content--texte\">D\u00e9clinant un concept original autour d\u2019un splendide gilet de smoking, il a taill\u00e9 de superbes blazers et manteaux longs aux tailles abaiss\u00e9es.<\/p>\n<p>Ses vestes en denim sans revers et ses jeans subtilement torsad\u00e9s avec cordons de serrage apparents \u00e9taient tous superbes, tout comme les versions similaires en cuir brut patin\u00e9. Et il a eu un moment tr\u00e8s Margiela avec des robes nuisettes termin\u00e9es par un ruban gaffer argent\u00e9 factice.<\/p>\n<p>Glenn est pass\u00e9 \u00e0 la vitesse sup\u00e9rieure, puisqu\u2019il a \u00ab\u00a0d\u00e9clin\u00e9\u00a0\u00bb une id\u00e9e de ses d\u00e9buts en couture en juillet. Une magnifique s\u00e9rie d\u2019imprim\u00e9s floraux du XVIe si\u00e8cle, vus dans des robes et des tenues de cocktail au charme percutant.<\/p>\n<p>Mais le souvenir le plus marquant du d\u00e9fil\u00e9 restera celui des bouches des mannequins.<\/p>\n<p class=\"col-md-10 exergue\">Herm\u00e8s : R\u00e9solument \u00e9questre<\/p>\n<p class=\"col-md-8 offset-md-1\">Aucune cr\u00e9atrice n\u2019a coll\u00e9 de plus pr\u00e8s \u00e0 l\u2019ADN de sa marque cette saison que Nad\u00e8ge Vanhee, qui a jou\u00e9 sur les motifs \u00e9questres \u00e0 chaque look.<\/p>\n<p><a class=\"btn btn-dark\" target=\"_blank\" href=\"https:\/\/lu.fashionnetwork.com\/galeries\/photos\/Hermes,73448.html\" rel=\"noopener\">Voir le d\u00e9fil\u00e9<\/a><img decoding=\"async\" class=\"news-image\" style=\"width:100%;max-width:645px;\" src=\"https:\/\/www.europesays.com\/fr\/wp-content\/uploads\/2025\/10\/077a.jpg\" alt=\"Herm\u00e8s - Printemps-\u00c9t\u00e9 2026 - Femme - France - Paris\" loading=\"lazy\"\/>Herm\u00e8s &#8211; Printemps-\u00c9t\u00e9 2026 &#8211; Femme &#8211; France &#8211; Paris &#8211; \u00a9Launchmetrics\/spotlight<\/p>\n<p class=\"col-md-8 offset-md-1 article-content--texte\">Chez Herm\u00e8s, on consid\u00e8re souvent le cheval comme le premier client, et les motifs \u00e9quins ont inform\u00e9 chaque passage de ce d\u00e9fil\u00e9, mis en sc\u00e8ne avec une \u00e9l\u00e9gance consomm\u00e9e \u00e0 l\u2019int\u00e9rieur du centre \u00e9questre de la Garde r\u00e9publicaine.<\/p>\n<p>Ses mati\u00e8res phares \u00e9taient de fins matelass\u00e9s et des cuirs capitonn\u00e9s inspir\u00e9s des couvertures de cheval, utilis\u00e9s notamment dans des tops s\u00e9duisants, des corsets et de superbes jupes portefeuille.<\/p>\n<p>On a rarement vu une collection aussi pr\u00e8s du corps chez Herm\u00e8s \u2014 des fourreaux en cuir cir\u00e9 noir et beige, associ\u00e9s \u00e0 des bottes d\u2019\u00e9quitation, les mannequins arpentant la sc\u00e8ne avec s\u00e9duction. Les invit\u00e9s \u00e9taient assis sur des blocs de bois, tandis que les mannequins d\u00e9filaient sur une piste mouchet\u00e9e de coquillages.<\/p>\n<p><a class=\"btn btn-dark\" target=\"_blank\" href=\"https:\/\/lu.fashionnetwork.com\/galeries\/photos\/Hermes,73448.html\" rel=\"noopener\">Voir le d\u00e9fil\u00e9<\/a><img decoding=\"async\" class=\"news-image\" style=\"width:100%;max-width:645px;\" src=\"https:\/\/www.europesays.com\/fr\/wp-content\/uploads\/2025\/10\/0833.jpg\" alt=\"Herm\u00e8s - Printemps-\u00c9t\u00e9 2026 - Femme - France - Paris\" loading=\"lazy\"\/>Herm\u00e8s &#8211; Printemps-\u00c9t\u00e9 2026 &#8211; Femme &#8211; France &#8211; Paris &#8211; \u00a9Launchmetrics\/spotlight<\/p>\n<p class=\"col-md-8 offset-md-1 article-content--texte\">Nad\u00e8ge s\u2019est inspir\u00e9e d\u2019une selle camarguaise et des motifs proven\u00e7aux ont ondoy\u00e9 au fil de nombreux looks. <a class=\"fnwAddLinks\" href=\"https:\/\/be.fashionnetwork.com\/tags-parfois\" title=\"Parfois\" target=\"_blank\" rel=\"noopener\">Parfois<\/a> de fa\u00e7on un peu trop litt\u00e9rale, voire provinciale.<\/p>\n<p>Une s\u00e9rie percutante de bol\u00e9ros et de vestes d\u2019\u00e9quitation urbaines \u00e9tait agr\u00e9ment\u00e9e de fermoirs en acier argent\u00e9, de mors, de mini-\u00e9triers et de r\u00eanes en cuir. Rac\u00e9e autant que racing : voil\u00e0 ce qui venait \u00e0 l\u2019esprit face \u00e0 ces silhouettes strictes et \u00e0 ces jeux de transparence. Et franchement, hotpants et Herm\u00e8s sont deux mots que l\u2019on ne s\u2019attendait pas \u00e0 \u00e9crire dans la m\u00eame phrase.<\/p>\n<p>Nad\u00e8ge est une cr\u00e9atrice tr\u00e8s talentueuse qui a b\u00e2ti un tr\u00e8s beau travail chez Herm\u00e8s. Mais cette saison, on a eu l\u2019impression qu\u2019elle essayait un peu trop fort d\u2019\u00eatre cool.<\/p>\n<p class=\"col-md-10 exergue\">Vivienne Westwood : Boudoir et beaut\u00e9<\/p>\n<p class=\"col-md-8 offset-md-1\">Peu de maisons de couture britanniques sont aussi aim\u00e9es en France que Vivienne Westwood, ador\u00e9e par le grand public, respect\u00e9e par tous les cr\u00e9ateurs, et c\u00e9l\u00e9br\u00e9e samedi par un d\u00e9fil\u00e9 \u00e9pique donn\u00e9 l\u2019apr\u00e8s-midi.<\/p>\n<p><img decoding=\"async\" class=\"news-image\" style=\"width:100%;max-width:645px;\" src=\"https:\/\/www.europesays.com\/fr\/wp-content\/uploads\/2025\/10\/5196.jpeg\" alt=\"La collection printemps-\u00e9t\u00e9 2026 de Vivienne Westwood \u00e0 Paris\" loading=\"lazy\"\/>La collection printemps-\u00e9t\u00e9 2026 de Vivienne Westwood \u00e0 Paris &#8211; Courtesy<\/p>\n<p class=\"col-md-8 offset-md-1 article-content--texte\">Une collection d\u00e9voil\u00e9e dans le saint des saints fran\u00e7ais, l\u2019Institut de France, o\u00f9 sont consacr\u00e9s les plus grands \u00e9crivains, intellectuels et scientifiques du pays.<\/p>\n<p>Depuis le d\u00e9c\u00e8s de Vivienne, son successeur et ancien mari, <a class=\"fnwAddLinks\" href=\"https:\/\/be.fashionnetwork.com\/tags-andreas-kronthaler\" title=\"Andreas Kronthaler\" target=\"_blank\" rel=\"noopener\">Andreas Kronthaler<\/a>, guide la maison. Et c\u2019\u00e9tait l\u00e0 sa plus belle collection \u00e0 ce jour. Intitul\u00e9e \u00ab\u00a0Boudoir\u00a0\u00bb, elle a r\u00e9ussi \u00e0 m\u00ealer lingerie, pyjamas, cocooning, volupt\u00e9 et coquinerie dans une grande d\u00e9monstration.<\/p>\n<p>R\u00e9alis\u00e9e dans de riches jacquards et damas italiens, m\u00eal\u00e9s \u00e0 des tissus d\u2019ameublement, la collection fut souvent une explosion de couleurs. De superbes robes ont \u00e9t\u00e9 cr\u00e9\u00e9es, mariant parfaitement historicisme et modernit\u00e9.<\/p>\n<p>Lors d\u2019un d\u00e9fil\u00e9 mixte, les hommes se sont pavan\u00e9s en micro-tenues, surmont\u00e9es d\u2019\u00e9clats de tops en soie contrast\u00e9e \u2014 imprim\u00e9 l\u00e9opard, tie-dye et tartan. Un dragon disco a fait sensation dans un costume trois pi\u00e8ces \u00e0 carreaux dont le pantalon se r\u00e9duisait \u00e0 un mini-short, les pieds chauss\u00e9s de bottes de pirate perfor\u00e9es.<\/p>\n<p><img decoding=\"async\" class=\"news-image\" style=\"width:100%;max-width:645px;\" src=\"https:\/\/www.europesays.com\/fr\/wp-content\/uploads\/2025\/10\/cb36.jpeg\" alt=\"Collection printemps-\u00e9t\u00e9 2026 de Vivienne Westwood \u00e0 Paris\" loading=\"lazy\"\/>Collection printemps-\u00e9t\u00e9 2026 de Vivienne Westwood \u00e0 Paris &#8211; Courtesy<\/p>\n<p class=\"col-md-8 offset-md-1 article-content--texte\">Hommes et femmes portaient des costumes \u00e9l\u00e9gants en soie, crois\u00e9s, comme celui dans lequel Andreas est venu saluer.<\/p>\n<p>Avec Paris et Nicky <a class=\"fnwAddLinks\" href=\"https:\/\/be.fashionnetwork.com\/tags-hilton\" title=\"Hilton\" target=\"_blank\" rel=\"noopener\">Hilton<\/a> au premier rang, Andreas a livr\u00e9 le final le plus cool : Heidi Klum, en clin d\u2019\u0153il ironique \u00e0 son \u00e9poque <a class=\"fnwAddLinks\" href=\"https:\/\/be.fashionnetwork.com\/tags-victoria-s-secret\" title=\"Victoria\u2019s Secret\" target=\"_blank\" rel=\"noopener\">Victoria\u2019s Secret<\/a>. Sublime en femme fatale de la Restauration, dans un justaucorps blanc incrust\u00e9 de cristaux, accompagn\u00e9 de jarretelles et d\u2019un nuage de taffetas.<\/p>\n<p>Kronthaler a recueilli une immense salve d\u2019applaudissements lorsqu\u2019il est venu saluer aux c\u00f4t\u00e9s de Klum. Tenant un bouquet de tournesols d\u2019un m\u00e8tre cinquante de long, il a ensuite conduit les mannequins \u00e0 poser ensemble sur les marches de l\u2019Institut, au milieu d\u2019un tonnerre d\u2019acclamations.\n                            <\/p>\n<p>\n                                Cet article est une traduction automatique.<br \/>\n                                    <a href=\"https:\/\/ww.fashionnetwork.com\/news\/Paris-fashion-week-saturday-alaia-maison-margiela-hermes-and-vivienne-westwood,1770675.html\" target=\"_blank\" rel=\"noopener\">Cliquez ici<\/a> pour consulter l&rsquo;article d&rsquo;origine.\n                            <\/p>\n<p>\n                                Tous droits de reproduction et de repr\u00e9sentation r\u00e9serv\u00e9s.<br \/>\u00a9 2025 FashionNetwork.com\n                            <\/p>\n","protected":false},"excerpt":{"rendered":"Publi\u00e9 le 5 octobre 2025 La Paris Fashion Week s\u2019est d\u00e9roul\u00e9e sous des trombes d\u2019eau et au milieu&hellip;\n","protected":false},"author":2,"featured_media":441130,"comment_status":"","ping_status":"","sticky":false,"template":"","format":"standard","meta":{"footnotes":""},"categories":[1888],"tags":[1111,1928,11,1927,56785,30546,2424,18622,537,2423,1777,674,1011,27,41076,11127,56784,11901,2425,41078,55358,985,12,1926,17512,2298,626,24449,1925,4767,2426,2427,56245,25,2421,42422,2422,56783,56782],"class_list":{"0":"post-441129","1":"post","2":"type-post","3":"status-publish","4":"format-standard","5":"has-post-thumbnail","7":"category-paris","8":"tag-actu","9":"tag-actu-paris","10":"tag-actualites","11":"tag-actualites-paris","12":"tag-andreas-kronthaler","13":"tag-azzedine-alaia","14":"tag-beaute","15":"tag-cartier","16":"tag-contact","17":"tag-cosmetiques","18":"tag-eu","19":"tag-europe","20":"tag-fr","21":"tag-france","22":"tag-glenn-martens","23":"tag-hermes","24":"tag-hilton","25":"tag-jean-nouvel","26":"tag-luxe","27":"tag-maison-margiela","28":"tag-martin-margiela","29":"tag-mode","30":"tag-news","31":"tag-news-paris","32":"tag-parfois","33":"tag-parfum","34":"tag-paris","35":"tag-paris-fashion-week","36":"tag-paris-news","37":"tag-printemps","38":"tag-professionnel","39":"tag-professionnels","40":"tag-raf-simons","41":"tag-republique-francaise","42":"tag-reseau","43":"tag-richemont","44":"tag-textile","45":"tag-victorias-secret","46":"tag-vivienne-westwood"},"share_on_mastodon":{"url":"","error":"Validation failed: Text character limit of 500 exceeded"},"_links":{"self":[{"href":"https:\/\/www.europesays.com\/fr\/wp-json\/wp\/v2\/posts\/441129","targetHints":{"allow":["GET"]}}],"collection":[{"href":"https:\/\/www.europesays.com\/fr\/wp-json\/wp\/v2\/posts"}],"about":[{"href":"https:\/\/www.europesays.com\/fr\/wp-json\/wp\/v2\/types\/post"}],"author":[{"embeddable":true,"href":"https:\/\/www.europesays.com\/fr\/wp-json\/wp\/v2\/users\/2"}],"replies":[{"embeddable":true,"href":"https:\/\/www.europesays.com\/fr\/wp-json\/wp\/v2\/comments?post=441129"}],"version-history":[{"count":0,"href":"https:\/\/www.europesays.com\/fr\/wp-json\/wp\/v2\/posts\/441129\/revisions"}],"wp:featuredmedia":[{"embeddable":true,"href":"https:\/\/www.europesays.com\/fr\/wp-json\/wp\/v2\/media\/441130"}],"wp:attachment":[{"href":"https:\/\/www.europesays.com\/fr\/wp-json\/wp\/v2\/media?parent=441129"}],"wp:term":[{"taxonomy":"category","embeddable":true,"href":"https:\/\/www.europesays.com\/fr\/wp-json\/wp\/v2\/categories?post=441129"},{"taxonomy":"post_tag","embeddable":true,"href":"https:\/\/www.europesays.com\/fr\/wp-json\/wp\/v2\/tags?post=441129"}],"curies":[{"name":"wp","href":"https:\/\/api.w.org\/{rel}","templated":true}]}}