{"id":441139,"date":"2025-10-05T16:52:11","date_gmt":"2025-10-05T16:52:11","guid":{"rendered":"https:\/\/www.europesays.com\/fr\/441139\/"},"modified":"2025-10-05T16:52:11","modified_gmt":"2025-10-05T16:52:11","slug":"une-plongee-dans-lhistoire-partagee-entre-francais-et-americains-a-blois","status":"publish","type":"post","link":"https:\/\/www.europesays.com\/fr\/441139\/","title":{"rendered":"Une plong\u00e9e dans l\u2019histoire partag\u00e9e entre Fran\u00e7ais et Am\u00e9ricains \u00e0 Blois"},"content":{"rendered":"<p>Jusqu\u2019au 30\u00a0octobre, la biblioth\u00e8que universitaire de Blois accueille l\u2019exposition \u00ab\u00a0Les Fran\u00e7ais et l\u2019Ind\u00e9pendance am\u00e9ricaine\u00a0\u00bb.\u00a0\u00c0 travers une s\u00e9rie de panneaux document\u00e9s et illustr\u00e9s, le public est invit\u00e9 \u00e0 red\u00e9couvrir le r\u00f4le d\u00e9cisif de la France dans la guerre d\u2019Ind\u00e9pendance des\u00a0\u00c9tats-Unis (1775-1783). Le parcours met en avant les grandes personnalit\u00e9s fran\u00e7aises e&#8230; <\/p>\n<p>    Cet article a \u00e9t\u00e9 tronqu\u00e9. Abonnez-vous pour lire l&rsquo;article complet sur notre site.<\/p>\n<p style=\"margin: 0 !important; padding: 0 !important; font-size: 12px !important;\">Cet article a \u00e9t\u00e9 tronqu\u00e9. Abonnez-vous pour lire l&rsquo;article complet.<\/p>\n<p>    <a href=\"https:\/\/www.lanouvellerepublique.fr\/abonnements\" style=\"display: inline-block; margin-top: 5px !important; padding: 6px 12px !important; background: #cb1c27; color: white; text-decoration: none; border-radius: 4px; font-size: 12px !important;\" target=\"_blank\" rel=\"noopener\"><br \/>\n      S&rsquo;abonner<br \/>\n    <\/a><\/p>\n","protected":false},"excerpt":{"rendered":"Jusqu\u2019au 30\u00a0octobre, la biblioth\u00e8que universitaire de Blois accueille l\u2019exposition \u00ab\u00a0Les Fran\u00e7ais et l\u2019Ind\u00e9pendance am\u00e9ricaine\u00a0\u00bb.\u00a0\u00c0 travers une s\u00e9rie de&hellip;\n","protected":false},"author":2,"featured_media":441140,"comment_status":"","ping_status":"","sticky":false,"template":"","format":"standard","meta":{"footnotes":""},"categories":[1589],"tags":[11,3469,1674,73,1866,1349,1393,12,1864,1865,1863,308],"class_list":{"0":"post-441139","1":"post","2":"type-post","3":"status-publish","4":"format-standard","5":"has-post-thumbnail","7":"category-etats-unis","8":"tag-actualites","9":"tag-blois","10":"tag-communes","11":"tag-etats-unis","12":"tag-etats-unis-damerique","13":"tag-expositions","14":"tag-loisirs","15":"tag-news","16":"tag-united-states","17":"tag-united-states-of-america","18":"tag-us","19":"tag-usa"},"share_on_mastodon":{"url":"https:\/\/pubeurope.com\/@fr\/115322601493434671","error":""},"_links":{"self":[{"href":"https:\/\/www.europesays.com\/fr\/wp-json\/wp\/v2\/posts\/441139","targetHints":{"allow":["GET"]}}],"collection":[{"href":"https:\/\/www.europesays.com\/fr\/wp-json\/wp\/v2\/posts"}],"about":[{"href":"https:\/\/www.europesays.com\/fr\/wp-json\/wp\/v2\/types\/post"}],"author":[{"embeddable":true,"href":"https:\/\/www.europesays.com\/fr\/wp-json\/wp\/v2\/users\/2"}],"replies":[{"embeddable":true,"href":"https:\/\/www.europesays.com\/fr\/wp-json\/wp\/v2\/comments?post=441139"}],"version-history":[{"count":0,"href":"https:\/\/www.europesays.com\/fr\/wp-json\/wp\/v2\/posts\/441139\/revisions"}],"wp:featuredmedia":[{"embeddable":true,"href":"https:\/\/www.europesays.com\/fr\/wp-json\/wp\/v2\/media\/441140"}],"wp:attachment":[{"href":"https:\/\/www.europesays.com\/fr\/wp-json\/wp\/v2\/media?parent=441139"}],"wp:term":[{"taxonomy":"category","embeddable":true,"href":"https:\/\/www.europesays.com\/fr\/wp-json\/wp\/v2\/categories?post=441139"},{"taxonomy":"post_tag","embeddable":true,"href":"https:\/\/www.europesays.com\/fr\/wp-json\/wp\/v2\/tags?post=441139"}],"curies":[{"name":"wp","href":"https:\/\/api.w.org\/{rel}","templated":true}]}}