{"id":441151,"date":"2025-10-05T16:58:18","date_gmt":"2025-10-05T16:58:18","guid":{"rendered":"https:\/\/www.europesays.com\/fr\/441151\/"},"modified":"2025-10-05T16:58:18","modified_gmt":"2025-10-05T16:58:18","slug":"apres-une-finale-de-haut-vol-on-sait-qui-a-gagne-la-11e-saison-tricolore","status":"publish","type":"post","link":"https:\/\/www.europesays.com\/fr\/441151\/","title":{"rendered":"apr\u00e8s une finale de haut vol, on sait qui a gagn\u00e9 la 11e saison tricolore"},"content":{"rendered":"<p>            Par<br \/>\n        <strong><br \/>\n            <a href=\"https:\/\/actu.fr\/auteur\/alexandra-segond\" title=\"Consulter tous les articles de Alexandra Segond\" rel=\"nofollow noopener\" target=\"_blank\">Alexandra Segond<\/a><br \/>\n        <\/strong><\/p>\n<p>        Publi\u00e9 le<\/p>\n<p>            5 oct. 2025 \u00e0 8h28        <\/p>\n<p>Alors, qui des huit jeunes finalistes r\u00e9partis parmi les quatre coachs\u00a0a remport\u00e9 <strong>The Voice Kids France, saison 11\u2009<\/strong>? Le verdict est tomb\u00e9 ce samedi 4\u00a0octobre 2025 soir sur TF1.<\/p>\n<p class=\" wall-content\">Diego et Wylie (\u00e9quipe Santa), Ella et Miriam (\u00e9quipe Soprano), Albert et Charlotte (\u00e9quipe Patrick Fiori) et Roxane et Kimon (\u00e9quipe Matt Pokora) se sont affront\u00e9s <a href=\"https:\/\/www.instagram.com\/p\/DPZZBZUiGgk\/\" rel=\"nofollow noopener\" target=\"_blank\">lors d\u2019une grande finale<\/a> de haut vol, pour laquelle l\u2019\u00e9mission a mis le paquet.<\/p>\n<p class=\" wall-content\"><a href=\"https:\/\/www.instagram.com\/p\/DPZZBZUiGgk\/embed\" title=\"Ouvrir le lien sur Instagram\" rel=\"nofollow noopener\" target=\"_blank\">Visualiser le contenu sur Instagram<\/a><\/p>\n<p>Une avalanche de chansons et de prestations de qualit\u00e9<\/p>\n<p class=\" wall-content\">Apr\u00e8s une entr\u00e9e en mati\u00e8re spectaculaire o\u00f9 les quatre coachs de la saison ont chant\u00e9 sur sc\u00e8ne, les huit finalistes ont donn\u00e9 de la voix pour se distinguer.<\/p>\n<p class=\" wall-content\">\n<p class=\" wall-content\">Albert et <a href=\"https:\/\/www.instagram.com\/p\/DPMPhQTigeA\/\" rel=\"nofollow noopener\" target=\"_blank\">Charlotte<\/a> ont ouvert le bal, avec respectivement My heart will go on de C\u00e9line Dion et Si j\u2019m\u2019en sors\u00a0de Julie Zenatti (cette derni\u00e8re a d\u2019ailleurs fait une apparition \u00e0 la fin de la chanson pour partager quelques paroles avec la jeune fille. Pour le coach en charge de l\u2019\u00e9quipe, Patrick Fiori, c\u2019est elle qui devait partir en finale.<\/p>\n<p class=\" wall-content\">\n<p class=\" wall-content\">Il faut dire que cette prestation partag\u00e9e lui a arrach\u00e9 des larmes. \u00c9mu, Patrick Fiori a m\u00eame propos\u00e9 \u00e0 Charlotte et Julie Zenatti de faire un trio lors de son prochain album, bient\u00f4t en pr\u00e9paration.<\/p>\n<p class=\" wall-content\">L\u2019\u00e9quipe Santa s\u2019est, elle, a choisi de changer d\u2019ambiance en s\u2019envolant au Royaume-Uni. C\u2019est le pays dont est originaire <a href=\"https:\/\/www.instagram.com\/p\/DPOq_aXCiw0\/\" rel=\"nofollow noopener\" target=\"_blank\">Wylie<\/a>, qui a choisi d\u2019interpr\u00e9ter Set fire to the rain d\u2019Adele pour sa finale. Est venu ensuite Diego avec Earth song de Michael Jackson. C\u2019est finalement la premi\u00e8re que Santa a choisie pour aller en finale.<\/p>\n<p>Votre r\u00e9gion, votre actu !<\/p>\n<p>Recevez chaque jour les infos qui comptent pour vous.<\/p>\n<p>\t<a href=\"https:\/\/actu.fr\/newsletter\" class=\"ac-btn ac-btn--corner ac-btn--medium ac-btn--blue800\" rel=\"nofollow noopener\" target=\"_blank\">S&rsquo;incrire<\/a><\/p>\n<p class=\" wall-content\">\n<p class=\" wall-content\">Dans l\u2019\u00e9quipe de Matt Pokora, c\u2019est <a href=\"https:\/\/www.instagram.com\/p\/DPQ2sfniuis\/\" rel=\"nofollow noopener\" target=\"_blank\">Kimon<\/a> qui a su se distinguer avec la chanson This is me, tir\u00e9e du film The Greatest Showman. Face \u00e0 lui, Roxane avait pr\u00e9f\u00e9r\u00e9 donner de la voix en fran\u00e7ais avec Derni\u00e8re Danse d\u2019Indila.<\/p>\n<p class=\" wall-content\">\n<p class=\" wall-content\">Enfin, derni\u00e8re \u00e9quipe \u00e0 passer, celle de Soprano. Le rappeur marseillais a d\u00fb faire un choix corn\u00e9lien entre <a href=\"https:\/\/www.instagram.com\/p\/DPT92rkClLz\/\" rel=\"nofollow noopener\" target=\"_blank\">Miriam<\/a> (et son interpr\u00e9tation de All the man that I need\u00a0de Whitney Houston) et <a href=\"https:\/\/www.instagram.com\/p\/DPTdPbbjech\/\" rel=\"nofollow noopener\" target=\"_blank\">Ella<\/a> (qui a repris La symphonie des \u00e9clairs de Zaho de\u00a0Sagazan).<\/p>\n<p class=\" wall-content\">\n<p class=\" wall-content\">Estimant peut-\u00eatre que la premi\u00e8re pouvait s\u2019appuyer sur sa victoire \u00e0 The Voice Kids Afrique en 2023, Soprano a choisi Ella pour aller en finale.<\/p>\n<p>Quatre finalistes, une victoire<\/p>\n<p class=\" wall-content\">Charlotte, Wylie, Kimon, Ella\u2009: voici les t\u00eates d\u2019affiche de la grande finale. Chacun a choisi une nouvelle chanson pour tenter de faire l\u2019unanimit\u00e9.<\/p>\n<p class=\" wall-content\">Wylie a chant\u00e9\u00a0Ma Faute de Marine, la derni\u00e8re gagnante de la Star Academy (et en duo avec cette derni\u00e8re).\u00a0Amel Bent a rejoint Kimon pout chanter en duo Ma philosophie, Charlotte a opt\u00e9 pour Je pense \u00e0 vous, titre qu\u2019elle a interpr\u00e9t\u00e9 avec son autrice Linh (que l\u2019on a crois\u00e9 dans The Voice).\u00a0Enfin, Ella a pu partager un duo avec Helena (de la StarAc\u2019, toujours), sur son titre\u00a0Mauvais gar\u00e7on.<\/p>\n<p class=\" wall-content\">\n<p class=\" wall-content\"><a href=\"https:\/\/www.tf1.fr\/tf1\/the-voice-kids\/videos\/the-voice-kids-2025-qui-a-gagne-the-voice-kids-2025-59604254.html\" rel=\"nofollow noopener\" target=\"_blank\">\u00c0 la fin de la soir\u00e9e, peu apr\u00e8s 23\u2009h\u200930, le verdict tombe<\/a>\u2009: <strong>c\u2019est Charlotte qui d\u00e9croche la couronne de la 11e saison<\/strong> de The Voice Kids France, raflant au passage le cinqui\u00e8me troph\u00e9e de Patrick Fiori. Une jolie revanche sur la vie pour la jeune fille de 14\u00a0ans, qui s\u2019est relev\u00e9e d\u2019un cancer.<\/p>\n<p class=\" wall-content\">Personnalisez votre actualit\u00e9 en ajoutant vos villes et m\u00e9dias en favori avec <a href=\"https:\/\/moncompte.actu.fr\" title=\"D\u00e9couvez Mon Actu\" rel=\"nofollow noopener\" data-trk=\"{&quot;cta&quot;:{&quot;action&quot;:&quot;https:\\\/\\\/moncompte.actu.fr&quot;,&quot;category&quot;:&quot;mon compte&quot;,&quot;from&quot;:&quot;article footer&quot;,&quot;name&quot;:&quot;Mon actu&quot;,&quot;type&quot;:&quot;cta&quot;}}\" target=\"_blank\">Mon Actu<\/a>.<\/p>\n<p>                    <script async src=\"\/\/www.instagram.com\/embed.js\"><\/script><\/p>\n","protected":false},"excerpt":{"rendered":"Par Alexandra Segond Publi\u00e9 le 5 oct. 2025 \u00e0 8h28 Alors, qui des huit jeunes finalistes r\u00e9partis parmi&hellip;\n","protected":false},"author":2,"featured_media":441152,"comment_status":"","ping_status":"","sticky":false,"template":"","format":"standard","meta":{"footnotes":""},"categories":[2],"tags":[11,1719,1011,27,1652,873,12,25,3074],"class_list":{"0":"post-441151","1":"post","2":"type-post","3":"status-publish","4":"format-standard","5":"has-post-thumbnail","7":"category-actualites","8":"tag-actualites","9":"tag-enfants","10":"tag-fr","11":"tag-france","12":"tag-loisirs-culture","13":"tag-musique","14":"tag-news","15":"tag-republique-francaise","16":"tag-the-voice"},"share_on_mastodon":{"url":"https:\/\/pubeurope.com\/@fr\/115322625095999745","error":""},"_links":{"self":[{"href":"https:\/\/www.europesays.com\/fr\/wp-json\/wp\/v2\/posts\/441151","targetHints":{"allow":["GET"]}}],"collection":[{"href":"https:\/\/www.europesays.com\/fr\/wp-json\/wp\/v2\/posts"}],"about":[{"href":"https:\/\/www.europesays.com\/fr\/wp-json\/wp\/v2\/types\/post"}],"author":[{"embeddable":true,"href":"https:\/\/www.europesays.com\/fr\/wp-json\/wp\/v2\/users\/2"}],"replies":[{"embeddable":true,"href":"https:\/\/www.europesays.com\/fr\/wp-json\/wp\/v2\/comments?post=441151"}],"version-history":[{"count":0,"href":"https:\/\/www.europesays.com\/fr\/wp-json\/wp\/v2\/posts\/441151\/revisions"}],"wp:featuredmedia":[{"embeddable":true,"href":"https:\/\/www.europesays.com\/fr\/wp-json\/wp\/v2\/media\/441152"}],"wp:attachment":[{"href":"https:\/\/www.europesays.com\/fr\/wp-json\/wp\/v2\/media?parent=441151"}],"wp:term":[{"taxonomy":"category","embeddable":true,"href":"https:\/\/www.europesays.com\/fr\/wp-json\/wp\/v2\/categories?post=441151"},{"taxonomy":"post_tag","embeddable":true,"href":"https:\/\/www.europesays.com\/fr\/wp-json\/wp\/v2\/tags?post=441151"}],"curies":[{"name":"wp","href":"https:\/\/api.w.org\/{rel}","templated":true}]}}