{"id":441163,"date":"2025-10-05T17:08:22","date_gmt":"2025-10-05T17:08:22","guid":{"rendered":"https:\/\/www.europesays.com\/fr\/441163\/"},"modified":"2025-10-05T17:08:22","modified_gmt":"2025-10-05T17:08:22","slug":"n3-un-attaquant-de-lus-fougeres-debarque-au-vannes-oc","status":"publish","type":"post","link":"https:\/\/www.europesays.com\/fr\/441163\/","title":{"rendered":"N3\u00a0: un attaquant de l\u2019US Foug\u00e8res d\u00e9barque au Vannes OC"},"content":{"rendered":"<p>N3. Vannes OC<\/p>\n<p>En ce d\u00e9but d\u2019automne, le Vannes OC a enregistr\u00e9 le renfort de K\u00e9vin Blaecke. Le joueur de 27 ans s\u2019est engag\u00e9, la semaine derni\u00e8re, et a m\u00eame particip\u00e9 \u00e0 la victoire en<a href=\"https:\/\/www.letelegramme.fr\/sports\/football\/vannes-oc\/coupe-de-france-on-a-ete-serieux-tranquille-le-vannes-oc-n3-soffre-une-large-victoire-face-a-lussac-r3-6899136.php\" title=\"www.letelegramme.fr\" rel=\"nofollow noopener\" target=\"_blank\"> Coupe de France dimanche \u00e0 l\u2019Ussac (0-6)<\/a>, en \u00e9tant notamment impliqu\u00e9 sur le premier but. Pass\u00e9 par Redon, Vignoc et la r\u00e9serve d\u2019Avranches (N3), il \u00e9voluait la saison derni\u00e8re \u00e0 Foug\u00e8res\u2026 Le futur adversaire des Vannetais samedi (18\u00a0h\u00a030) en N3.<\/p>\n","protected":false},"excerpt":{"rendered":"N3. Vannes OC En ce d\u00e9but d\u2019automne, le Vannes OC a enregistr\u00e9 le renfort de K\u00e9vin Blaecke. Le&hellip;\n","protected":false},"author":2,"featured_media":441164,"comment_status":"","ping_status":"","sticky":false,"template":"","format":"standard","meta":{"footnotes":""},"categories":[1410],"tags":[328,63,1011,27,60],"class_list":{"0":"post-441163","1":"post","2":"type-post","3":"status-publish","4":"format-standard","5":"has-post-thumbnail","7":"category-football","8":"tag-a-la-une","9":"tag-football","10":"tag-fr","11":"tag-france","12":"tag-sports"},"share_on_mastodon":{"url":"https:\/\/pubeurope.com\/@fr\/115322664105568086","error":""},"_links":{"self":[{"href":"https:\/\/www.europesays.com\/fr\/wp-json\/wp\/v2\/posts\/441163","targetHints":{"allow":["GET"]}}],"collection":[{"href":"https:\/\/www.europesays.com\/fr\/wp-json\/wp\/v2\/posts"}],"about":[{"href":"https:\/\/www.europesays.com\/fr\/wp-json\/wp\/v2\/types\/post"}],"author":[{"embeddable":true,"href":"https:\/\/www.europesays.com\/fr\/wp-json\/wp\/v2\/users\/2"}],"replies":[{"embeddable":true,"href":"https:\/\/www.europesays.com\/fr\/wp-json\/wp\/v2\/comments?post=441163"}],"version-history":[{"count":0,"href":"https:\/\/www.europesays.com\/fr\/wp-json\/wp\/v2\/posts\/441163\/revisions"}],"wp:featuredmedia":[{"embeddable":true,"href":"https:\/\/www.europesays.com\/fr\/wp-json\/wp\/v2\/media\/441164"}],"wp:attachment":[{"href":"https:\/\/www.europesays.com\/fr\/wp-json\/wp\/v2\/media?parent=441163"}],"wp:term":[{"taxonomy":"category","embeddable":true,"href":"https:\/\/www.europesays.com\/fr\/wp-json\/wp\/v2\/categories?post=441163"},{"taxonomy":"post_tag","embeddable":true,"href":"https:\/\/www.europesays.com\/fr\/wp-json\/wp\/v2\/tags?post=441163"}],"curies":[{"name":"wp","href":"https:\/\/api.w.org\/{rel}","templated":true}]}}