{"id":441167,"date":"2025-10-05T17:11:20","date_gmt":"2025-10-05T17:11:20","guid":{"rendered":"https:\/\/www.europesays.com\/fr\/441167\/"},"modified":"2025-10-05T17:11:20","modified_gmt":"2025-10-05T17:11:20","slug":"apres-une-premiere-serie-remarquee-cet-auteur-aux-plus-de-15-millions-de-livres-vendus-a-droit-a-une-nouvelle-adaptation","status":"publish","type":"post","link":"https:\/\/www.europesays.com\/fr\/441167\/","title":{"rendered":"Apr\u00e8s une premi\u00e8re s\u00e9rie remarqu\u00e9e, cet auteur aux plus de 15 millions de livres vendus a droit \u00e0 une nouvelle adaptation"},"content":{"rendered":"<p>Prime Video a d\u00e9voil\u00e9 ses nouveaut\u00e9s pour l&rsquo;ann\u00e9e \u00e0 venir lors de son \u00e9v\u00e9nement annuel Prime Video Presents. Parmi les s\u00e9ries originales fran\u00e7aises annonc\u00e9es figure ce thriller psychologique adapt\u00e9 d&rsquo;une \u0153uvre litt\u00e9raire \u00e9crite par un romancier aux 15 millions de livres vendus.<\/p>\n<p>Les abonn\u00e9s de Prime Video ne risquent pas de s&rsquo;ennuyer ces prochains mois. Jeudi 25 septembre, la plateforme de streaming a annonc\u00e9 les <a href=\"https:\/\/www.programme-tv.net\/news\/cinema\/331582-nouveautes-prime-video-les-sorties-films-series-et-documentaires\/\" data-api-deeplink=\"teleloisirs:\/\/news\/331582\" target=\"_blank\" rel=\"noopener\">nouveaut\u00e9s<\/a> qui arriveront bient\u00f4t sur nos \u00e9crans lors de sa soir\u00e9e Prime Video Presents. En plus des s\u00e9ries A Tale of Two Cities et le renouvellement de Dear You pour une saison 2, le concurrent de Netflix mise sur des cr\u00e9ations fran\u00e7aises avec les films Lakestone, Temp\u00eate, Les B\u00e2tards ou encore avec <a href=\"https:\/\/www.programme-tv.net\/news\/cinema\/388498-prime-video-prepare-un-a-contre-sens-francais-adapte-d-un-roman-a-succes\/\" data-api-deeplink=\"teleloisirs:\/\/news\/388498\" target=\"_blank\" rel=\"noopener\">la romance Toi + Moi &#8211; Seuls contre tous, qui devrait plaire aux fans de la saga A contre-sens<\/a>. Du c\u00f4t\u00e9 des s\u00e9ries, les t\u00e9l\u00e9spectateurs auront l&#8217;embarras du choix avec l&rsquo;arriv\u00e9e de Campus Drivers, Paul, Glamsquad, mais aussi de LOL : In Real Life et Tout simplement fan sur<b> <\/b><a href=\"https:\/\/www.programme-tv.net\/guide-amazon\/\" target=\"_blank\" rel=\"noopener\">Prime Video<\/a>. Mais s&rsquo;il y a une nouveaut\u00e9 qui risque de capturer l&rsquo;attention des abonn\u00e9s, c&rsquo;est bel et bien la s\u00e9rie <b>Un Animal Sauvage<\/b><b> tir\u00e9 d&rsquo;un roman \u00e9crit par un auteur aux plus de 15 millions de livres vendus<\/b>.<\/p>\n<p>                        <b>Un Animal Sauvage <\/b><b>de Jo\u00ebl Dicker sera adapt\u00e9 en s\u00e9rie sur Prime Video<\/b><\/p>\n<p><a href=\"https:\/\/www.programme-tv.net\/biographie\/87096-coben-harlan\/\" data-link-people=\"a15f5e25-2dc4-48fc-a323-9be45441766b\" target=\"_blank\" rel=\"noopener\">Harlan Coben<\/a> n&rsquo;est pas le seul auteur qui attire les plateformes de streaming. Sept ans apr\u00e8s le succ\u00e8s de <a href=\"https:\/\/www.programme-tv.net\/news\/series-tv\/220544-la-verite-sur-laffaire-harry-quebert-les-10-secrets-de-la-serie-de-tf1\/\" data-api-deeplink=\"teleloisirs:\/\/news\/220544\" target=\"_blank\" rel=\"noopener\">La V\u00e9rit\u00e9 sur l&rsquo;affaire Harry Qu\u00e9bert <\/a>tir\u00e9e de son best-seller, Jo\u00ebl Dicker renouvelle l&rsquo;exp\u00e9rience de transposer un de ses livres en une s\u00e9rie t\u00e9l\u00e9vis\u00e9e. Prime Video a en effet officialis\u00e9 l&rsquo;arriv\u00e9e du thriller Un Animal Sauvage. Produite par Screenline SPV1, la s\u00e9rie originale fran\u00e7aise racontera l&rsquo;histoire de deux braqueurs qui retiennent en otage plusieurs civils dans une bijouterie de luxe \u00e0 Gen\u00e8ve, tandis que la police d&rsquo;\u00e9lite s&rsquo;appr\u00eate \u00e0 donner l&rsquo;assaut. Deux semaines plus t\u00f4t, Sophie Braun, une m\u00e8re de famille au pass\u00e9 myst\u00e9rieux, semble former le couple id\u00e9al avec son mari, dans leur villa de verre d&rsquo;un quartier hupp\u00e9. Elle ignore que son voisin Greg, policier respect\u00e9, infiltre peu \u00e0 peu son quotidien pour se rapprocher d&rsquo;elle, m\u00fb par une obsession d\u00e9vorante. Aucune information sur le casting ou la date de diffusion n&rsquo;a pour le moment \u00e9t\u00e9 communiqu\u00e9e par Prime Video.<\/p>\n<p>            <b>Ce chef-d&rsquo;\u0153uvre litt\u00e9raire de Virginie Despentes va bient\u00f4t faire l&rsquo;objet d&rsquo;une adaptation t\u00e9l\u00e9vis\u00e9e <\/b><\/p>\n<p>En plus d&rsquo;Un Animal Sauvage, Prime Video a annonc\u00e9 le d\u00e9veloppement d&rsquo;une s\u00e9rie tir\u00e9e de l&rsquo;\u0153uvre litt\u00e9raire Les Jolies Choses \u00e9crite par <a href=\"https:\/\/www.programme-tv.net\/biographie\/181242-despentes-virginie\/\" data-link-people=\"79d79c1a-8555-4a47-8b86-b19345bd4b36\" target=\"_blank\" rel=\"noopener\">Virginie Despentes<\/a>. Produite par Moonshaker et Babylone Hills, cette nouvelle production made in France racontera l&rsquo;histoire d&rsquo;Avril et Jade, deux s\u0153urs jumelles qui n&rsquo;ont rien en commun \u00e0 l&rsquo;exception de leur visage. L&rsquo;une veut la lumi\u00e8re, tandis que l&rsquo;autre pr\u00e9f\u00e8re la discr\u00e9tion. Lorsqu&rsquo;Avril dispara\u00eet, Jade d\u00e9cide de prendre sa place et son r\u00eave de chanteuse.<\/p>\n<p>Article \u00e9crit en collaboration avec 6M\u00e9dias<\/p>\n","protected":false},"excerpt":{"rendered":"Prime Video a d\u00e9voil\u00e9 ses nouveaut\u00e9s pour l&rsquo;ann\u00e9e \u00e0 venir lors de son \u00e9v\u00e9nement annuel Prime Video Presents.&hellip;\n","protected":false},"author":2,"featured_media":441168,"comment_status":"","ping_status":"","sticky":false,"template":"","format":"standard","meta":{"footnotes":""},"categories":[1357],"tags":[4225,1379,244,58,59,1011,27,56790,1380,4224,129],"class_list":{"0":"post-441167","1":"post","2":"type-post","3":"status-publish","4":"format-standard","5":"has-post-thumbnail","7":"category-livres","8":"tag-amazon-prime-vidu00e9o","9":"tag-books","10":"tag-commentaire","11":"tag-divertissement","12":"tag-entertainment","13":"tag-fr","14":"tag-france","15":"tag-jou00ebl-dicker","16":"tag-livres","17":"tag-pub-streaming-prime-video","18":"tag-svod"},"share_on_mastodon":{"url":"https:\/\/pubeurope.com\/@fr\/115322675948828721","error":""},"_links":{"self":[{"href":"https:\/\/www.europesays.com\/fr\/wp-json\/wp\/v2\/posts\/441167","targetHints":{"allow":["GET"]}}],"collection":[{"href":"https:\/\/www.europesays.com\/fr\/wp-json\/wp\/v2\/posts"}],"about":[{"href":"https:\/\/www.europesays.com\/fr\/wp-json\/wp\/v2\/types\/post"}],"author":[{"embeddable":true,"href":"https:\/\/www.europesays.com\/fr\/wp-json\/wp\/v2\/users\/2"}],"replies":[{"embeddable":true,"href":"https:\/\/www.europesays.com\/fr\/wp-json\/wp\/v2\/comments?post=441167"}],"version-history":[{"count":0,"href":"https:\/\/www.europesays.com\/fr\/wp-json\/wp\/v2\/posts\/441167\/revisions"}],"wp:featuredmedia":[{"embeddable":true,"href":"https:\/\/www.europesays.com\/fr\/wp-json\/wp\/v2\/media\/441168"}],"wp:attachment":[{"href":"https:\/\/www.europesays.com\/fr\/wp-json\/wp\/v2\/media?parent=441167"}],"wp:term":[{"taxonomy":"category","embeddable":true,"href":"https:\/\/www.europesays.com\/fr\/wp-json\/wp\/v2\/categories?post=441167"},{"taxonomy":"post_tag","embeddable":true,"href":"https:\/\/www.europesays.com\/fr\/wp-json\/wp\/v2\/tags?post=441167"}],"curies":[{"name":"wp","href":"https:\/\/api.w.org\/{rel}","templated":true}]}}